{"id":593308,"date":"2026-06-07T13:55:14","date_gmt":"2026-06-07T13:55:14","guid":{"rendered":"https:\/\/www.europesays.com\/es\/593308\/"},"modified":"2026-06-07T13:55:14","modified_gmt":"2026-06-07T13:55:14","slug":"alejandra-neira-y-regina-gonzalez-ganan-el-trofeo-femenino-ayuntamiento-de-estella-lizarra-esciclismo","status":"publish","type":"post","link":"https:\/\/www.europesays.com\/es\/593308\/","title":{"rendered":"Alejandra Neira y Regina Gonz\u00e1lez ganan el Trofeo Femenino Ayuntamiento de Estella-Lizarra &#8211; Esciclismo"},"content":{"rendered":"<ol>\n<li><a href=\"https:\/\/news.google.com\/rss\/articles\/CBMiakFVX3lxTFBRdFFUNWNSVEhyZU5XeGRkMUJYWFM0M0FVT0c1OE5TaXAwS0JtX2RqRnpqTFZiVTdxMUE1QTM2akVrYXFTOER0ejh5aExEajFma2dJb2VxSm1QRzdGY00wVTRlc0lKN3ppcUE?oc=5\" target=\"_blank\" rel=\"nofollow noopener\">Alejandra Neira y Regina Gonz\u00e1lez ganan el Trofeo Femenino Ayuntamiento de Estella-Lizarra<\/a>&nbsp;&nbsp;Esciclismo<\/li>\n<li><a href=\"https:\/\/news.google.com\/rss\/articles\/CBMi8wFBVV95cUxOaXB5bG1pNTVMM1FncWxKdmdXSWRVYTk1eGZiWXNReGt2MjBYdGZKQU9KM2pmajJMbjVxQjlWeHIwYjktWFh2eVNkLVhNV2dVYnY0Q3NHS3otQlJScGEtQlNpRkk5dnlabVFvaUEzSVJ2NUF1WWJQUG9MUHFVWXlPWU1sTHdRalBvLTZmWng5emtXdHV5cVJLYVRaMEpWbXh0Z24xcHBfS0VHcUFxVjN6Nk5fVHA4TWlWZlhmUWwyUlc0c1pYYXNDZzAzWGlWVm04VTdsVzdfRWVacDZEVDdzOHpoS2FzWlJ1bEQ1TjRudXdsTzA?oc=5\" target=\"_blank\" rel=\"nofollow noopener\">Alejandra Neira y Regina Gonz\u00e1lez se imponen en el Trofeo Femenino Ayuntamiento de Estella<\/a>&nbsp;&nbsp;REAL FEDERACI\u00d3N ESPA\u00d1OLA DE CICLISMO<\/li>\n<li><a href=\"https:\/\/news.google.com\/rss\/articles\/CBMiakFVX3lxTE1GeGNZYnBoV3U0QUJOeE1lYzRHclkzeUF4MGVkWHNuZ0tkcjZDMnotQThyZ2tNdjNuZjlmeHB1ZVM1R3MzWDJOUUhESmJfMEpNc1MwaE5HSXNaWHpQeW9LTjV5Z2tIYUhFQmc?oc=5\" target=\"_blank\" rel=\"nofollow noopener\">La Copa de Espa\u00f1a F\u00e9minas regresa en Estella con el VIII Trofeo Ayuntamiento de Estella-Lizarra<\/a>&nbsp;&nbsp;Esciclismo<\/li>\n<li><a href=\"https:\/\/news.google.com\/rss\/articles\/CBMi_AFBVV95cUxOMjRQNUFCdkV6X2lLcUlkLTRodEUyZW12OG1LWnIxa2xuRkVVb2haeHVlY3NrRno0R2xjcXViUmhmaWZ2RmpfcUs5SFpJd3Y4b01UcGx0QVVXZjBSYzNjR3llMWFYV19BTmdlNzRVVkVVbmpHNllqY1JZTmY3TGVzY0t6OXVzcEZvYThLRG9xQm9Eczk1b3EwODFIUUQ4OUdZRUhzUERnV1Nvbk80LUhiUWthUkpwUWFfRTctdkRoM1Npc3YwQk1TLWhFbmRQR2RCZ21XSEJldXJTSk1peExpUzZBTVdsa1dPenRUbktTZTUwb1M3aTM5Q3lUSEQ?oc=5\" target=\"_blank\" rel=\"nofollow noopener\">La Copa de Espa\u00f1a F\u00e9minas vivir\u00e1 un nuevo cap\u00edtulo con el Trofeo Femenino Ayuntamiento de Estella<\/a>&nbsp;&nbsp;REAL FEDERACI\u00d3N ESPA\u00d1OLA DE CICLISMO<\/li>\n<\/ol>\n","protected":false},"excerpt":{"rendered":"Alejandra Neira y Regina Gonz\u00e1lez ganan el Trofeo Femenino Ayuntamiento de Estella-Lizarra&nbsp;&nbsp;Esciclismo Alejandra Neira y Regina Gonz\u00e1lez se&hellip;\n","protected":false},"author":2,"featured_media":593309,"comment_status":"","ping_status":"","sticky":false,"template":"","format":"standard","meta":{"footnotes":""},"categories":[273],"tags":[3519,7934,1250,15593,4860,36844,313,7716,112160,2493,312,168,7368,3169,25,24,13102,4649,103446,5976,8218,10165,3368,112161,93800,708,43282,102947,795,91045,62035,14757,3397,23,167,7132,8932],"class_list":["post-593308","post","type-post","status-publish","format-standard","has-post-thumbnail","category-ciclismo","tag-aitana","tag-alejandra","tag-ayuntamiento","tag-cadete","tag-carrera","tag-categorias","tag-ciclismo","tag-cita","tag-conservado","tag-copa","tag-cycling","tag-deportes","tag-disputada","tag-donde","tag-es","tag-espana","tag-estella","tag-femenino","tag-feminas","tag-gonzalez","tag-gutierrez","tag-impuesto","tag-junior","tag-lideratos","tag-lizarra","tag-navarra","tag-neira","tag-noa","tag-nueva","tag-regina","tag-respectivos","tag-reunido","tag-sabado","tag-spain","tag-sports","tag-trofeo","tag-vega"],"share_on_mastodon":{"url":"https:\/\/pubeurope.com\/@es\/116709171309274053","error":""},"_links":{"self":[{"href":"https:\/\/www.europesays.com\/es\/wp-json\/wp\/v2\/posts\/593308","targetHints":{"allow":["GET"]}}],"collection":[{"href":"https:\/\/www.europesays.com\/es\/wp-json\/wp\/v2\/posts"}],"about":[{"href":"https:\/\/www.europesays.com\/es\/wp-json\/wp\/v2\/types\/post"}],"author":[{"embeddable":true,"href":"https:\/\/www.europesays.com\/es\/wp-json\/wp\/v2\/users\/2"}],"replies":[{"embeddable":true,"href":"https:\/\/www.europesays.com\/es\/wp-json\/wp\/v2\/comments?post=593308"}],"version-history":[{"count":0,"href":"https:\/\/www.europesays.com\/es\/wp-json\/wp\/v2\/posts\/593308\/revisions"}],"wp:featuredmedia":[{"embeddable":true,"href":"https:\/\/www.europesays.com\/es\/wp-json\/wp\/v2\/media\/593309"}],"wp:attachment":[{"href":"https:\/\/www.europesays.com\/es\/wp-json\/wp\/v2\/media?parent=593308"}],"wp:term":[{"taxonomy":"category","embeddable":true,"href":"https:\/\/www.europesays.com\/es\/wp-json\/wp\/v2\/categories?post=593308"},{"taxonomy":"post_tag","embeddable":true,"href":"https:\/\/www.europesays.com\/es\/wp-json\/wp\/v2\/tags?post=593308"}],"curies":[{"name":"wp","href":"https:\/\/api.w.org\/{rel}","templated":true}]}}