{"id":593332,"date":"2026-06-07T14:13:23","date_gmt":"2026-06-07T14:13:23","guid":{"rendered":"https:\/\/www.europesays.com\/es\/593332\/"},"modified":"2026-06-07T14:13:23","modified_gmt":"2026-06-07T14:13:23","slug":"misa-del-papa-en-madrid","status":"publish","type":"post","link":"https:\/\/www.europesays.com\/es\/593332\/","title":{"rendered":"MISA DEL PAPA EN MADRID"},"content":{"rendered":"<p class=\"ft-text\">Colectivos de mujeres y de la comunidad LGTBI+ han acudido a la misa que el papa Le\u00f3n XIV ha ofrecido en la <a class=\"ft-link ft-link--decoration\" href=\"https:\/\/www.elperiodico.com\/es\/sociedad\/20260607\/leon-xiv-insiste-llamada-caridad-131115483\" target=\"_blank\" rel=\"nofollow noopener\">plaza de Cibeles<\/a> de Madrid con una postura reivindicativa, para pedir su <strong>inclusi\u00f3n \u00abcomo cristianos de primera categor\u00eda\u00bb <\/strong>dentro de la Iglesia o que puedan recibir \u00absin distinci\u00f3n\u00bb sacramentos como el matrimonio.<\/p>\n<p class=\"ft-text\"><strong>\u00abQueremos una Iglesia de iguales, no queremos una Iglesia de poderosos\u00bb<\/strong>, ha reivindicado en declaraciones a EFE Teresa Casillas, miembro de Revuelta de Mujeres en la Iglesia.<\/p>\n<p class=\"ft-text\">M\u00e1s de una veintena de mujeres miembros de este movimiento han acudido con paraguas, camisetas y pa\u00f1uelos morados a la misa en la plaza de Col\u00f3n, otro de los puntos de acceso a la eucarist\u00eda, donde han colocado una pancarta morada sobre el asfalto que reza &#8216;Hasta que la igualdad se haga costumbre&#8217;.<\/p>\n<p class=\"ft-text\">Casillas ha incidido en que <strong>Jes\u00fas \u00abno fund\u00f3 una Iglesia\u00bb<\/strong>, sino que \u00abexperiment\u00f3 una comunidad de iguales\u00bb, al tiempo que ha lamentado que el papa durante la celebraci\u00f3n de la eucarist\u00eda solo est\u00e9 rodeado de hombres \u00abmostrando su poder\u00bb, cuando muchas mujeres tambi\u00e9n sienten la vocaci\u00f3n sacerdotal.<\/p>\n<p class=\"ft-text\">Juani pertenece tambi\u00e9n a este movimiento y a la asociaci\u00f3n Cristianos de Comunidad Cristiana LGTBI+ de Madrid (Crismhom), que reivindican \u00abla igualdad de todas las personas, de la toda la raza humana, y como dice el papa, de toda la humanidad\u00bb.<\/p>\n<p>Una Iglesia que reconozca al colectivo como \u00abrealidad humana\u00bb<\/p>\n<p class=\"ft-text\">\u00abEs muy importante que sigamos trabajando por la igualdad de mujeres en la Iglesia y por la inclusi\u00f3n de todos los colectivos dentro\u00bb, ha subrayado, al tiempo que han exigido que la instituci\u00f3n debe ser \u00abinclusiva\u00bb, con hombres y mujeres y todo tipo de colectivos.<\/p>\n<p class=\"ft-text\">Portando un paraguas arcoiris, M\u00f3nica Arca, miembro de Crismhom, ha reclamado una Iglesia que reconozca tambi\u00e9n al colectivo \u00abcomo matrimonio, como realidad humana\u00bb.<\/p>\n<p class=\"ft-text\">\u00abDios nos ha creado, nos ama, nos quiere y podemos ser creyentes y ser Lgtbi+ y expresar nuestro amor en pareja, no solo en castidad\u00bb, ha destacado a Arca, que ha relatado que estuvo m\u00e1s de 20 a\u00f1os de misionera en Am\u00e9rica Latina, pero dej\u00f3 la comunidad cristiana \u00abpor cuestiones de la vida\u00bb que no tienen que ver con su orientaci\u00f3n sexual, aunque posteriormente se cas\u00f3 con una mujer.<\/p>\n<p class=\"ft-text\"><strong>\u00abPas\u00e9 de la vida religiosa misionera a la vida laical\u00bb<\/strong>, ha explicado, y ha subrayado que celebra la visita del papa desde \u00abla fe\u00bb pero tambi\u00e9n \u00abreivindicando\u00bb.<\/p>\n<p class=\"ft-text\">Y ha recogido las palabras de ayer del pont\u00edfice en las que afirm\u00f3 que \u00abhay que ser humanos\u00bb porque Jes\u00fas tambi\u00e9n lo era y, por ello, ha reclamado que la Iglesia reconozca a su comunidad porque la realidad LGTBI+ tambi\u00e9n \u00abes humana\u00bb.<\/p>\n<p>\u00abDios nos ama sin distinci\u00f3n\u00bb<\/p>\n<p class=\"ft-text\">\u00abTodos somos iguales. Dios nos ama sin distinci\u00f3n, nos cre\u00f3 tal cual somos, sentimos, vivimos y amamos, aunque pueda parecer diferente a lo normativo\u00bb, ha declarado Luis Enrique, colombiano de origen que reside en Las Palmas de Gran Canaria aunque vivi\u00f3 un tiempo en la capital, y ha venido de madrugada desde all\u00ed para poder estar en la celebraci\u00f3n del Corpus Christi con el santo padre.<\/p>\n<p class=\"ft-text\">Pertenece tambi\u00e9n a Crismhom y a la asociaci\u00f3n Pastoral de Diversidad Sexual en Canarias (Padis Canarias), y ha pedido \u00abla inclusi\u00f3n total\u00bb del colectivo LGTBI+ \u00abcomo cristianos de primera categor\u00eda como todos los bautizados\u00bb.<\/p>\n<p class=\"ft-text\">\u00abCon el mismo rango que Jes\u00fas nos dej\u00f3 en el bautismo, para que podamos disfrutar, recibir y vivir en la vida cristiana los sacramentos como cualquier otro, porque todos somos iguales\u00bb, ha recalcado Luis Enrique, que luce una camiseta que pone &#8216;Soy gay cristiano&#8217;. <\/p>\n","protected":false},"excerpt":{"rendered":"Colectivos de mujeres y de la comunidad LGTBI+ han acudido a la misa que el papa Le\u00f3n XIV&hellip;\n","protected":false},"author":2,"featured_media":593333,"comment_status":"","ping_status":"","sticky":false,"template":"","format":"standard","meta":{"footnotes":""},"categories":[8],"tags":[5761,17,18,29030,25,24,13,14,11,401,19,20,35119,112168,4044,9,10,15,16,400,3477,23,12,21,22],"class_list":["post-593332","post","type-post","status-publish","format-standard","has-post-thumbnail","category-espana","tag-acuden","tag-breaking-news","tag-breakingnews","tag-colectivos","tag-es","tag-espana","tag-featured-news","tag-featurednews","tag-headlines","tag-iglesia-catolica","tag-latest-news","tag-latestnews","tag-lgtbi","tag-lgtbiq","tag-mujeres","tag-news","tag-noticias","tag-noticias-destacadas","tag-noticiasdestacadas","tag-papa-leon-xiv","tag-personas","tag-spain","tag-titulares","tag-ultimas-noticias","tag-ultimasnoticias"],"share_on_mastodon":{"url":"https:\/\/pubeurope.com\/@es\/116709242257904595","error":""},"_links":{"self":[{"href":"https:\/\/www.europesays.com\/es\/wp-json\/wp\/v2\/posts\/593332","targetHints":{"allow":["GET"]}}],"collection":[{"href":"https:\/\/www.europesays.com\/es\/wp-json\/wp\/v2\/posts"}],"about":[{"href":"https:\/\/www.europesays.com\/es\/wp-json\/wp\/v2\/types\/post"}],"author":[{"embeddable":true,"href":"https:\/\/www.europesays.com\/es\/wp-json\/wp\/v2\/users\/2"}],"replies":[{"embeddable":true,"href":"https:\/\/www.europesays.com\/es\/wp-json\/wp\/v2\/comments?post=593332"}],"version-history":[{"count":0,"href":"https:\/\/www.europesays.com\/es\/wp-json\/wp\/v2\/posts\/593332\/revisions"}],"wp:featuredmedia":[{"embeddable":true,"href":"https:\/\/www.europesays.com\/es\/wp-json\/wp\/v2\/media\/593333"}],"wp:attachment":[{"href":"https:\/\/www.europesays.com\/es\/wp-json\/wp\/v2\/media?parent=593332"}],"wp:term":[{"taxonomy":"category","embeddable":true,"href":"https:\/\/www.europesays.com\/es\/wp-json\/wp\/v2\/categories?post=593332"},{"taxonomy":"post_tag","embeddable":true,"href":"https:\/\/www.europesays.com\/es\/wp-json\/wp\/v2\/tags?post=593332"}],"curies":[{"name":"wp","href":"https:\/\/api.w.org\/{rel}","templated":true}]}}