{"id":593559,"date":"2026-06-07T17:14:16","date_gmt":"2026-06-07T17:14:16","guid":{"rendered":"https:\/\/www.europesays.com\/es\/593559\/"},"modified":"2026-06-07T17:14:16","modified_gmt":"2026-06-07T17:14:16","slug":"es-lo-mas-visto-de-netflix-la-pelicula-protagonizada-por-candela-pena-que-adapta-una-novela-de-rosa-montero-y-ya-es-un-exito","status":"publish","type":"post","link":"https:\/\/www.europesays.com\/es\/593559\/","title":{"rendered":"Es lo m\u00e1s visto de Netflix: la pel\u00edcula protagonizada por Candela Pe\u00f1a que adapta una novela de Rosa Montero y ya es un \u00e9xito"},"content":{"rendered":"<p><img decoding=\"async\" class=\"v-ath__i\" loading=\"lazy\" src=\"https:\/\/www.europesays.com\/es\/wp-content\/uploads\/2026\/05\/autor-5051-foto-8.png\" alt=\"In\u00e9s Romero\"\/><\/p>\n<p>07\/06\/2026<\/p>\n<p>Actualizado a las 14:12h.<\/p>\n<p class=\"v-d-p\" style=\"\">Junio acaba de empezar y, como cada mes, <a href=\"https:\/\/www.abc.es\/play\/series\/noticias\/netflix-pone-fecha-estreno-cuarta-temporada-muertos-20260528123216-nt.html\" title=\"www.abc.es\" data-voc-vtm-id=\"in-text-traffic\" data-mrf-link=\"www.abc.es\" rel=\"nofollow noopener\" target=\"_blank\">Netflix<\/a> renueva su cat\u00e1logo con una oleada de <strong>estrenos<\/strong>. La plataforma aprovecha para incorporar <a href=\"https:\/\/www.abc.es\/play\/series\/noticias\/netflix-pone-fecha-estreno-cuarta-temporada-muertos-20260528123216-nt.html\" title=\"www.abc.es\" data-voc-vtm-id=\"in-text-traffic\" data-mrf-link=\"www.abc.es\" rel=\"nofollow noopener\" target=\"_blank\">series<\/a>, <a href=\"https:\/\/www.abc.es\/play\/cine\/noticias\/acaba-llegar-movistar-plus-exito-pelicula-protagonizada-20260531093000-nt.html\" title=\"www.abc.es\" data-voc-vtm-id=\"in-text-traffic\" data-mrf-link=\"www.abc.es\" rel=\"nofollow noopener\" target=\"_blank\">pel\u00edculas<\/a> y continuaciones de t\u00edtulos ya conocidos con el objetivo de ofrecer opciones variadas para todos los p\u00fablicos.<\/p>\n<p class=\"v-d-p\" style=\"\">En esta ocasi\u00f3n, destaca el lanzamiento de un largometraje. Se ha lanzado wste viernes 5 de junio y ya se ha convertido en lo m\u00e1s visto. Se trata de una ficci\u00f3n protagonizada por Candela Pe\u00f1a y est\u00e1 basada en la novela de <a href=\"https:\/\/www.abc.es\/cultura\/rosa-montero-critica-legitima-votan-trump-20250114163050-nt.html\" title=\"www.abc.es\" data-voc-vtm-id=\"in-text-traffic\" data-mrf-link=\"www.abc.es\" rel=\"nofollow noopener\" target=\"_blank\">Rosa Montero<\/a> y Olivier Truc. Te contamos cu\u00e1l es y todos los detalles.<\/p>\n<p>\nLa pel\u00edcula de Netflix protagonizada por Candela Pe\u00f1a que adapta una novela de Rosa Montero\n<\/p>\n<p class=\"v-d-p\" style=\"\"><strong>&#8216;La desconocida&#8217;<\/strong> es la nueva pel\u00edcula que Netflix acaba de estrenar \u00aba nivel global\u00bb y que en tan solo dos d\u00edas ya se ha convertido en lo m\u00e1s visto de la plataforma. <\/p>\n<ul class=\"v-cmp-rld__u\">\n<li class=\"v-cmp-rld__l\">\n<p><a class=\"v-a-lnk\" href=\"http:\/\/www.abc.es\/play\/series\/noticias\/netflix-pone-fecha-estreno-cuarta-temporada-muertos-20260528123216-nt.html#vtm_modulosEngag=noticiasrelacionadas-cmp-uno:play:noticia:1\" title=\"Netflix pone fecha al estreno de la cuarta temporada de &#039;Muertos S.L.&#039;: cu\u00e1ndo llegan los nuevos cap\u00edtulos de la serie de los creadores de &#039;Machos alfa&#039;\" data-voc-vtm-id=\"in-text-traffic\" rel=\"nofollow noopener\" target=\"_blank\"><br \/>\n<img decoding=\"async\" loading=\"lazy\" src=\"https:\/\/www.europesays.com\/es\/wp-content\/uploads\/2026\/06\/muertos-sl-kM3C--366x256@diario_abc.jpg\" class=\"v-a-img\" width=\"258\" height=\"180\" alt=\"Netflix pone fecha al estreno de la cuarta temporada de 'Muertos S.L.': cu\u00e1ndo llegan los nuevos cap\u00edtulos de la serie de los creadores de 'Machos alfa'\"\/><br \/>\n<\/a><\/p>\n<\/li>\n<\/ul>\n<p class=\"v-d-p\" style=\"\">Parte de ese \u00e9xito es gracias al reparto. El largometraje est\u00e1 protagonizado <strong>Candela Pe\u00f1a<\/strong> (&#8216;El caso Asunta&#8217;, &#8216;Furia&#8217;), <strong>Ana Rujas<\/strong> (&#8216;En el barro&#8217;, &#8216;La mes\u00edas&#8217;) y <strong>Pol L\u00f3pez<\/strong> (&#8216;La furgo&#8217;, &#8216;Nos vemos en otra vida&#8217;).<\/p>\n<p class=\"v-d-p\" style=\"\">Completan el elenco Manolo Solo (&#8216;Anatom\u00eda de un instante&#8217;, &#8216;Una quinta portuguesa&#8217;), Luka Peros (&#8216;La casa de papel&#8217;, &#8216;El fot\u00f3grafo de Mauthausen&#8217;) y <a href=\"https:\/\/www.abc.es\/bienestar\/alimentacion\/kira-miro-indica-comida-eliminado-dieta-mantenerse-20260129122539-nt.html\" title=\"www.abc.es\" data-voc-vtm-id=\"in-text-traffic\" data-mrf-link=\"www.abc.es\" rel=\"nofollow noopener\" target=\"_blank\">Kira Mir\u00f3<\/a> (&#8216;Machos alfa&#8217;, &#8216;\u00bfQui\u00e9n es qui\u00e9n?&#8217;). <\/p>\n<p><img decoding=\"async\" loading=\"lazy\" src=\"https:\/\/www.europesays.com\/es\/wp-content\/uploads\/2026\/06\/peli2-ku4C--680x476@diario_abc.jpg\" class=\"v-a-img\" width=\"680\" height=\"478\" alt=\"Candela Pe\u00f1a y Ana Rujas en la nueva pel\u00edcula de Netflix\" data-voc-vtm-id=\"in-text-traffic\"\/><\/p>\n<p>Candela Pe\u00f1a y Ana Rujas en la nueva pel\u00edcula de Netflix.<\/p>\n<p>(Netflix)<\/p>\n<p class=\"v-d-p\" style=\"\">&#8216;La desconocida&#8217; es un thriller policiaco de la adaptaci\u00f3n de la novela de Rosa Montero y Olivier Truc, publicada por la editorial francesa Points y por Alfaguara (Penguin Random House Grupo Editorial) en Espa\u00f1a. <\/p>\n<p>\nSinopsis de &#8216;La desconocida&#8217;, la nueva pel\u00edcula de Netflix protagonizada por Candela Pe\u00f1a\n<\/p>\n<p class=\"v-d-p\" style=\"\">&#8216;La desconocida&#8217; sigue la investigaci\u00f3n de un caso liderado por la detective Anna Ripoll (Candela Pe\u00f1a), tras el hallazgo de una mujer (Ana Rujas) amordazada y maniatada dentro de un contenedor en el puerto de Barcelona. La joven es incapaz de recordar qui\u00e9n es ni c\u00f3mo ha llegado hasta all\u00ed. <\/p>\n<p class=\"v-d-p\" style=\"\">Anna, junto al oficial Quique Z\u00e1rate (Pol L\u00f3pez), se embarca en una carrera contrarreloj para descubrir la identidad de la chica y los secretos ocultos en su memoria.<\/p>\n<p>\nTr\u00e1iler de &#8216;La desconocida&#8217;, la nueva pel\u00edcula de Netflix protagonizada por Candela Pe\u00f1a\n<\/p>\n<p class=\"v-d-p\" style=\"\">&#8216;La desconocida&#8217; est\u00e1 producida por <strong>K&amp;S Films<\/strong> (&#8216;El Eternauta&#8217;, &#8216;Relatos salvajes&#8217;), con Mat\u00edas Mosteir\u00edn y Pola Zito como productores ejecutivos. <\/p>\n<p class=\"v-d-p\" style=\"\">La pel\u00edcula de Netflix est\u00e1 dirigida por Gabe Ib\u00e1\u00f1ez y escrita por Lara Sendim.<\/p>\n","protected":false},"excerpt":{"rendered":"07\/06\/2026 Actualizado a las 14:12h. Junio acaba de empezar y, como cada mes, Netflix renueva su cat\u00e1logo con&hellip;\n","protected":false},"author":2,"featured_media":593560,"comment_status":"","ping_status":"","sticky":false,"template":"","format":"standard","meta":{"footnotes":""},"categories":[91],"tags":[2887,36671,39245,146,147,25,24,660,2466,152,1645,1257,4877,10751,2465,23,8922],"class_list":["post-593559","post","type-post","status-publish","format-standard","has-post-thumbnail","category-entretenimiento","tag-acaba","tag-adapta","tag-candela","tag-entertainment","tag-entretenimiento","tag-es","tag-espana","tag-llegar","tag-montero","tag-netflix","tag-novela","tag-pelicula","tag-pena","tag-protagonizada","tag-rosa","tag-spain","tag-visto"],"share_on_mastodon":{"url":"https:\/\/pubeurope.com\/@es\/116709954190230135","error":""},"_links":{"self":[{"href":"https:\/\/www.europesays.com\/es\/wp-json\/wp\/v2\/posts\/593559","targetHints":{"allow":["GET"]}}],"collection":[{"href":"https:\/\/www.europesays.com\/es\/wp-json\/wp\/v2\/posts"}],"about":[{"href":"https:\/\/www.europesays.com\/es\/wp-json\/wp\/v2\/types\/post"}],"author":[{"embeddable":true,"href":"https:\/\/www.europesays.com\/es\/wp-json\/wp\/v2\/users\/2"}],"replies":[{"embeddable":true,"href":"https:\/\/www.europesays.com\/es\/wp-json\/wp\/v2\/comments?post=593559"}],"version-history":[{"count":0,"href":"https:\/\/www.europesays.com\/es\/wp-json\/wp\/v2\/posts\/593559\/revisions"}],"wp:featuredmedia":[{"embeddable":true,"href":"https:\/\/www.europesays.com\/es\/wp-json\/wp\/v2\/media\/593560"}],"wp:attachment":[{"href":"https:\/\/www.europesays.com\/es\/wp-json\/wp\/v2\/media?parent=593559"}],"wp:term":[{"taxonomy":"category","embeddable":true,"href":"https:\/\/www.europesays.com\/es\/wp-json\/wp\/v2\/categories?post=593559"},{"taxonomy":"post_tag","embeddable":true,"href":"https:\/\/www.europesays.com\/es\/wp-json\/wp\/v2\/tags?post=593559"}],"curies":[{"name":"wp","href":"https:\/\/api.w.org\/{rel}","templated":true}]}}