{"id":593713,"date":"2026-06-07T19:01:13","date_gmt":"2026-06-07T19:01:13","guid":{"rendered":"https:\/\/www.europesays.com\/es\/593713\/"},"modified":"2026-06-07T19:01:13","modified_gmt":"2026-06-07T19:01:13","slug":"la-actuacion-integra-de-la-bailaora-sara-baras-ante-el-papa-vuela-un-homenaje-a-paco-de-lucia","status":"publish","type":"post","link":"https:\/\/www.europesays.com\/es\/593713\/","title":{"rendered":"La actuaci\u00f3n \u00edntegra de la bailaora Sara Baras ante el Papa: &#8216;Vuela&#8217;, un homenaje a Paco de Luc\u00eda"},"content":{"rendered":"<p class=\"v-d-p\" style=\"\">La bailora y core\u00f3grafa Sara Baras ha interpretado una parte de su nueva creaci\u00f3n, &#8216;Vuela&#8217;, ante el Papa en el acto &#8216;Tejer redes con el mundo de la cultura, del arte, de la econom\u00eda y del deporte&#8217;, en el Movistar Arena. <\/p>\n<p class=\"v-d-p\" style=\"\">Tras la actuaci\u00f3n, Le\u00f3n  &#8230; XIV ha entregado un rosario a Baras y a cada uno de los miembros de su equipo de bailaores y cantaores. Es el regalo habitual que el Santo Padre a todos los que saluda personalmente en las audiencias y en actos como este.<\/p>\n","protected":false},"excerpt":{"rendered":"La bailora y core\u00f3grafa Sara Baras ha interpretado una parte de su nueva creaci\u00f3n, &#8216;Vuela&#8217;, ante el Papa&hellip;\n","protected":false},"author":2,"featured_media":593714,"comment_status":"","ping_status":"","sticky":false,"template":"","format":"standard","meta":{"footnotes":""},"categories":[174],"tags":[1575,112197,112198,255,146,147,25,24,256,42538,6552,49541,14231,1047,12629,10406,23,19606],"class_list":["post-593713","post","type-post","status-publish","format-standard","has-post-thumbnail","category-famosos","tag-ante","tag-bailaora","tag-baras","tag-celebrities","tag-entertainment","tag-entretenimiento","tag-es","tag-espana","tag-famosos","tag-fragmento","tag-homenaje","tag-interpreta","tag-lucia","tag-paco","tag-papa","tag-sara","tag-spain","tag-vuela"],"share_on_mastodon":{"url":"https:\/\/pubeurope.com\/@es\/116710374553101579","error":""},"_links":{"self":[{"href":"https:\/\/www.europesays.com\/es\/wp-json\/wp\/v2\/posts\/593713","targetHints":{"allow":["GET"]}}],"collection":[{"href":"https:\/\/www.europesays.com\/es\/wp-json\/wp\/v2\/posts"}],"about":[{"href":"https:\/\/www.europesays.com\/es\/wp-json\/wp\/v2\/types\/post"}],"author":[{"embeddable":true,"href":"https:\/\/www.europesays.com\/es\/wp-json\/wp\/v2\/users\/2"}],"replies":[{"embeddable":true,"href":"https:\/\/www.europesays.com\/es\/wp-json\/wp\/v2\/comments?post=593713"}],"version-history":[{"count":0,"href":"https:\/\/www.europesays.com\/es\/wp-json\/wp\/v2\/posts\/593713\/revisions"}],"wp:featuredmedia":[{"embeddable":true,"href":"https:\/\/www.europesays.com\/es\/wp-json\/wp\/v2\/media\/593714"}],"wp:attachment":[{"href":"https:\/\/www.europesays.com\/es\/wp-json\/wp\/v2\/media?parent=593713"}],"wp:term":[{"taxonomy":"category","embeddable":true,"href":"https:\/\/www.europesays.com\/es\/wp-json\/wp\/v2\/categories?post=593713"},{"taxonomy":"post_tag","embeddable":true,"href":"https:\/\/www.europesays.com\/es\/wp-json\/wp\/v2\/tags?post=593713"}],"curies":[{"name":"wp","href":"https:\/\/api.w.org\/{rel}","templated":true}]}}