{"id":59380,"date":"2025-08-20T04:00:08","date_gmt":"2025-08-20T04:00:08","guid":{"rendered":"https:\/\/www.europesays.com\/es\/59380\/"},"modified":"2025-08-20T04:00:08","modified_gmt":"2025-08-20T04:00:08","slug":"el-fuego-quema-el-pico-mas-alto-de-galicia-y-asedia-su-bosque-mas-antiguo-espana","status":"publish","type":"post","link":"https:\/\/www.europesays.com\/es\/59380\/","title":{"rendered":"El fuego quema el pico m\u00e1s alto de Galicia y asedia su bosque m\u00e1s antiguo | Espa\u00f1a"},"content":{"rendered":"<p class=\"\">Dentro de su veh\u00edculo todoterreno, el gu\u00eda de monta\u00f1a V\u00edctor Fern\u00e1ndez, de 57 a\u00f1os, lleva entre otras cosas una radio Walkie-Talkie, una decena de bocadillos, una mascarilla FFP2 y una carpeta roja, que contiene un libro. El tomo, de 190 p\u00e1ginas, se titula El Tejo y el Teixadal de Casaio (Ourense). El primer folio empieza as\u00ed: \u201cPara el com\u00fan de los ourensanos y pienso que para algunos gallegos y espa\u00f1oles, el Teixadal de Casaio, en la comarca de Valdeorras, es algo m\u00edtico: el conjunto de estos \u00e1rboles m\u00e1s importante de la Pen\u00ednsula y quiz\u00e1 de Europa, que por su situaci\u00f3n, lejana y de dif\u00edcil acceso en la provincia, pueda aparecer, de alguna manera, como un bosque misterioso y casi m\u00e1gico\u201d. <\/p>\n<p class=\"\">El autor, Jos\u00e9 Luis Baltar, describi\u00f3 con esas palabras esta reserva natural y bosque m\u00e1s antiguo de Galicia. Ocupa dos hect\u00e1reas, cuenta con unos 400 tejos, algunos de m\u00e1s de 500 a\u00f1os y 15 metros de altura, cuya singularidad deriva en un enclave extraordinario en lo que respecta a este tipo de \u00e1rboles dentro de Europa. Tambi\u00e9n hay fresnos, acebos, un particular abedul y un prodigioso roble. El complejo natural est\u00e1 ubicado a 1.500 metros de altura, entre dos laderas, y en un punto en el este de Ourense, al que solo se puede llegar andando. La caminata puede arrancar unos cinco kil\u00f3metros atr\u00e1s, despu\u00e9s de circular en medio de un tajo sobre un camino de tierra y piedras, solo posible en un coche 4&#215;4, como el de Fern\u00e1ndez. <\/p>\n<p class=\"\">Due\u00f1o de una empresa de rutas de monta\u00f1a, el hombre conduce este martes a mediod\u00eda su veh\u00edculo con direcci\u00f3n al Teixadal de Casaio. Su prop\u00f3sito no es el de hacer de sherpa, sino surtir de avituallamiento <a href=\"https:\/\/elpais.com\/espana\/2025-08-19\/la-guerra-contra-el-fuego-en-galicia-intenta-proteger-o-courel-como-en-la-dana-el-pueblo-salva-al-pueblo.html\" target=\"_self\" rel=\"nofollow noopener\" title=\"https:\/\/elpais.com\/espana\/2025-08-19\/la-guerra-contra-el-fuego-en-galicia-intenta-proteger-o-courel-como-en-la-dana-el-pueblo-salva-al-pueblo.html\">a la docena de vecinos y a los cinco bomberos de la Xunta que luchan con las llamas<\/a>. La alerta es m\u00e1xima: el fuego est\u00e1 a 300 metros de los teixos. La radio Walkie-Talkie de Fern\u00e1ndez suena. Alguien pregunta al otro lado por los bocadillos: <\/p>\n<p class=\"\">\u2014\u00a1Xa che os levo eu! \u2014\u00a1ya los llevo!\u2014, grita en gallego.<\/p>\n<p class=\"\">El Teixadal de Casaio pertenece al concello de Carballeda de Valdeorras (1.341 habitantes). Su comarca, conocida por el vino godello Valdeorras \u2014y por los ancestrales teixos\u2014, <a href=\"https:\/\/elpais.com\/espana\/galicia\/2021-10-11\/las-amenazadas-montanas-gallegas-que-custodian-una-ciudad-de-la-guerrilla-y-una-mina-nazi.html\" target=\"_self\" rel=\"nofollow noopener\" title=\"https:\/\/elpais.com\/espana\/galicia\/2021-10-11\/las-amenazadas-montanas-gallegas-que-custodian-una-ciudad-de-la-guerrilla-y-una-mina-nazi.html\">est\u00e1 situada en el este de Ourense, a escasos kil\u00f3metros de la frontera con Zamora<\/a>. El fin de semana, el incendio que se inici\u00f3 en Porto, en la vecina provincia zamorana, entr\u00f3 en una Galicia ya golpeada por el fuego. Las llamas avanzaron \u201ccomo si les echaran gasolina\u201d y llegaron el domingo hasta el pico m\u00e1s alto de Galicia: la Pe\u00f1a de Trevinca. Con 2.127 metros, forma parte del conjunto monta\u00f1oso de los montes de Le\u00f3n, en el macizo Galaico-Leon\u00e9s. Y que este martes segu\u00eda ardiendo en varios puntos de sus faldas. Pero la Xunta no tiene registrado este incendio en su listado oficial.<\/p>\n<p class=\"\">\u2014A este fuego, hace tres d\u00edas, no le hac\u00edan ni caso. Aqu\u00ed no vinieron los bomberos hasta hoy, y que tambi\u00e9n vino un helic\u00f3ptero por primera vez. Si arde el Teixadal, ser\u00e1 muy mala publicidad para la Xunta. Mira, mira, ah\u00ed est\u00e1, rodeado de humo. <\/p>\n<p class=\"\">Fern\u00e1ndez baja del coche y se\u00f1ala las copas verdes del teixadal, que se aprecian bajo la nube de humo, sobre la que un helic\u00f3ptero tira agua. Tambi\u00e9n recalca que hay muchos m\u00e1s \u00e1rboles secos. \u201c\u00a1El cambio clim\u00e1tico existe, joder!\u201c, exclama. Cuenta que ahora llevan varias jornadas a m\u00e1s de 40\u00ba, que ahora nieva apenas nada, lo que impide que los manantiales se empapen de agua. Fern\u00e1ndez entrega luego los bocadillos a los brigadistas, que tratan por todos los medios de proteger lo m\u00e1s valioso de su entorno. En el ret\u00e9n de bomberos de la Xunta trabajan oriundos de la vecina O Barco de Valdeorras, escogidos para la misi\u00f3n a conciencia, porque conocen el lugar como la palma de su mano. Nadie de la comarca quiere imaginar el tormento de ver arder el teixadal. Ya se duelen bastante por la quema de la Pe\u00f1a de Trevinca.<\/p>\n<p class=\"\">\u2014De momento hay alivio porque contienen las llamas con un cortafuegos. Es un bosque milenario, \u00fanico. \u00a1Es que es m\u00e1s que emblem\u00e1tico!.<\/p>\n<p class=\"\">La nariz de Fern\u00e1ndez est\u00e1 llena de ceniza. Y la mascarilla FFP2 que porta, junto al freno de mano del coche Range Rover, arrugada. Estos d\u00edas atr\u00e1s, en Valdeorras, respiraban con mucha dificultad por el humo. \u201cY hac\u00eda un calor de la hostia\u201d, a\u00f1ade. M\u00e1s a\u00fan en las labores de extinci\u00f3n junto a las llamas, en las que siguen este mi\u00e9rcoles la decena de vecinos de la comarca, con batefuegos, y los cinco bomberos de la Xunta apoyados en el helic\u00f3ptero. Tambi\u00e9n hay un bulldozer cedido por un empresario de la zona, pilotado por uno de sus trabajadores, que realiza un cortafuegos.<\/p>\n<p class=\"\">\u2014Yo entiendo que hay muchos incendios, pero es que estamos solo luchando contra el fuego, est\u00e1 todo quemado.<\/p>\n<p class=\"\">Fern\u00e1ndez dirige la mirada a las faldas de la monta\u00f1a ya abrasadas, en las que se aprecian los cortafuegos realizados por los vecinos, dejando a un lado el verde y al otro, el negro. Los frutos del tejo del Teixadal son muy t\u00f3xicos, recuerda el hombre. Y rememora una leyenda que rodea al enclave: los \u00faltimos defensores celtas de Gallaecia contra la conquista romana se suicidaron con su veneno. Fern\u00e1ndez marcha en su todoterreno y otro viene en direcci\u00f3n contraria. Son m\u00e1s vecinos que vienen a ayudar y preguntan por el estado del Teixadal. <\/p>\n","protected":false},"excerpt":{"rendered":"Dentro de su veh\u00edculo todoterreno, el gu\u00eda de monta\u00f1a V\u00edctor Fern\u00e1ndez, de 57 a\u00f1os, lleva entre otras cosas&hellip;\n","protected":false},"author":2,"featured_media":59381,"comment_status":"","ping_status":"","sticky":false,"template":"","format":"standard","meta":{"footnotes":""},"categories":[8],"tags":[6069,1484,4343,17,18,25022,25,24,13,14,816,582,11,4342,8877,19,20,9,10,15,16,19704,2959,23,12,21,22,12134,25021],"class_list":{"0":"post-59380","1":"post","2":"type-post","3":"status-publish","4":"format-standard","5":"has-post-thumbnail","7":"category-espana","8":"tag-alberto-nunez-feijoo","9":"tag-alfonso-rueda","10":"tag-bomberos","11":"tag-breaking-news","12":"tag-breakingnews","13":"tag-carballeda-de-valdeorras","14":"tag-es","15":"tag-espana","16":"tag-featured-news","17":"tag-featurednews","18":"tag-galicia","19":"tag-gobierno","20":"tag-headlines","21":"tag-incendios","22":"tag-incendios-forestales","23":"tag-latest-news","24":"tag-latestnews","25":"tag-news","26":"tag-noticias","27":"tag-noticias-destacadas","28":"tag-noticiasdestacadas","29":"tag-ourense","30":"tag-pedro-sanchez","31":"tag-spain","32":"tag-titulares","33":"tag-ultimas-noticias","34":"tag-ultimasnoticias","35":"tag-ume","36":"tag-xunta-galicia"},"share_on_mastodon":{"url":"","error":""},"_links":{"self":[{"href":"https:\/\/www.europesays.com\/es\/wp-json\/wp\/v2\/posts\/59380","targetHints":{"allow":["GET"]}}],"collection":[{"href":"https:\/\/www.europesays.com\/es\/wp-json\/wp\/v2\/posts"}],"about":[{"href":"https:\/\/www.europesays.com\/es\/wp-json\/wp\/v2\/types\/post"}],"author":[{"embeddable":true,"href":"https:\/\/www.europesays.com\/es\/wp-json\/wp\/v2\/users\/2"}],"replies":[{"embeddable":true,"href":"https:\/\/www.europesays.com\/es\/wp-json\/wp\/v2\/comments?post=59380"}],"version-history":[{"count":0,"href":"https:\/\/www.europesays.com\/es\/wp-json\/wp\/v2\/posts\/59380\/revisions"}],"wp:featuredmedia":[{"embeddable":true,"href":"https:\/\/www.europesays.com\/es\/wp-json\/wp\/v2\/media\/59381"}],"wp:attachment":[{"href":"https:\/\/www.europesays.com\/es\/wp-json\/wp\/v2\/media?parent=59380"}],"wp:term":[{"taxonomy":"category","embeddable":true,"href":"https:\/\/www.europesays.com\/es\/wp-json\/wp\/v2\/categories?post=59380"},{"taxonomy":"post_tag","embeddable":true,"href":"https:\/\/www.europesays.com\/es\/wp-json\/wp\/v2\/tags?post=59380"}],"curies":[{"name":"wp","href":"https:\/\/api.w.org\/{rel}","templated":true}]}}