{"id":593845,"date":"2026-06-07T20:37:34","date_gmt":"2026-06-07T20:37:34","guid":{"rendered":"https:\/\/www.europesays.com\/es\/593845\/"},"modified":"2026-06-07T20:37:34","modified_gmt":"2026-06-07T20:37:34","slug":"miki-nadal-sorprende-con-su-polemica-confesion-sobre-el-hormiguero-no-he-ido-por-cuestiones-ahora-lo-hare-por-obligacion-empresarial","status":"publish","type":"post","link":"https:\/\/www.europesays.com\/es\/593845\/","title":{"rendered":"Miki Nadal sorprende con su pol\u00e9mica confesi\u00f3n sobre &#8216;El Hormiguero&#8217;: \u00abNo he ido &#8216;por cuestiones&#8217;, ahora lo har\u00e9 por &#8216;obligaci\u00f3n empresarial&#8217;\u00bb"},"content":{"rendered":"<p style=\"\">El humorista Miki Nadal tom\u00f3 asiento en el programa &#8216;A las bravas&#8217; este mi\u00e9rcoles para conceder una entrevista de lo m\u00e1s distendida. Entre an\u00e9cdotas y  &#8230; recuerdos, una confesi\u00f3n de lo m\u00e1s inesperada relacionada con <a href=\"https:\/\/www.lasprovincias.es\/culturas\/tv\/enrique-riquelme-explica-hormiguero-consiguio-fortuna-mexicano-20260603224837-nt.html\" target=\"_blank\" title=\"www.lasprovincias.es\" data-voc-vtm-id=\"in-text-traffic\" data-mrf-link=\"www.lasprovincias.es\" rel=\"nofollow noopener\">&#8216;El Hormiguero&#8217;<\/a> sali\u00f3 a relucir. <\/p>\n<p class=\"v-d-p\" style=\"\">Sin embargo, lo m\u00e1s curioso de la situaci\u00f3n no fue el comentario como tal, sino su escueta reflexi\u00f3n sobre por qu\u00e9 nunca hab\u00eda acudido como invitado. En el tramo final del podcast, el presentador Ra\u00fal P\u00e9rez lanz\u00f3 una pregunta: \u00ab\u00bfHas estado en &#8216;El Desaf\u00edo&#8217;?\u00bb.<\/p>\n<p class=\"v-d-p\" style=\"\">Nadal respondi\u00f3 al instante: \u00abNo, hay sitios en los que no he estado nunca que es incre\u00edble\u00bb. No obstante, su reflexi\u00f3n fue m\u00e1s all\u00e1: \u00abMira, hay dos cosas curiosas. No he estado nunca en &#8216;El Hormiguero&#8217;, en 20 a\u00f1os&#8230; por cuestiones\u00bb.<\/p>\n<p class=\"v-d-p\" style=\"\">Pese a dejar entrever alguna raz\u00f3n que explica esa ausencia, el colaborador de &#8216;Zapeando&#8217; declin\u00f3 hacer m\u00e1s declaraciones al respecto. Acto seguido, coment\u00f3 que tampoco hab\u00eda aparecido en <a href=\"https:\/\/www.lasprovincias.es\/culturas\/tv\/netflix-pone-fecha-estreno-peliculas-espanolas-taquilleras-20260527004601-nt.html\" target=\"_blank\" title=\"www.lasprovincias.es\" data-voc-vtm-id=\"in-text-traffic\" data-mrf-link=\"www.lasprovincias.es\" rel=\"nofollow noopener\">&#8216;Torrente&#8217;<\/a>.<\/p>\n<ul class=\"v-cmp-rld__u\">\n<li class=\"v-cmp-rld__l\">\n<p><a class=\"v-a-lnk\" href=\"http:\/\/www.lasprovincias.es\/culturas\/tv\/nueva-serie-popular-actriz-casa-papel-llega-20260527004543-nt.html#vtm_modulosEngag=noticiasrelacionadas-cmp-uno:culturas:noticia:1\" title=\"La nueva serie con una popular actriz de &#039;La casa de papel&#039; que llega a Movistar Plus: un &#039;thriller&#039; ambientado en la Patagonia y Pa\u00eds Vasco\" data-voc-vtm-id=\"in-text-traffic\" rel=\"nofollow noopener\" target=\"_blank\"><br \/>\n<img decoding=\"async\" loading=\"lazy\" src=\"https:\/\/www.europesays.com\/es\/wp-content\/uploads\/2026\/06\/ae149b6d-25ef-b699-310b-3c3e2b33a651-kh5G--366x256@Las Provincias.jpg\" class=\"v-a-img\" width=\"258\" height=\"180\" alt=\"La nueva serie con una popular actriz de 'La casa de papel' que llega a Movistar Plus: un 'thriller' ambientado en la Patagonia y Pa\u00eds Vasco\"\/><br \/>\n<\/a><\/p>\n<\/li>\n<\/ul>\n<p class=\"v-d-p\" style=\"\">Nadal destac\u00f3 que conoce a Segura desde hace 25 a\u00f1os \u00abpero nunca me ha llamado\u00bb. En este caso, simplemente destac\u00f3 lo &#8216;curioso&#8217; de la situaci\u00f3n mientras pon\u00eda el foco en que \u00abha salido media Espa\u00f1a\u00bb.<\/p>\n<p class=\"v-d-p\" style=\"\">Para terminar, Miki Nadal se aventur\u00f3 a hablar de lo que puede ocurrir en un futuro cercano: \u00abQuiz\u00e1s me llaman porque voy a presentar un concurso que grab\u00e9 en Brasil y va para <a href=\"https:\/\/www.lasprovincias.es\/culturas\/tv\/karlos-arguinano-dejara-presentar-cocina-abierta-viernes-20260603021221-nt.html\" target=\"_blank\" title=\"www.lasprovincias.es\" data-voc-vtm-id=\"in-text-traffic\" data-mrf-link=\"www.lasprovincias.es\" rel=\"nofollow noopener\">Antena 3<\/a>. Creo que voy a tener que ir all\u00e1 por obligaci\u00f3n empresarial\u00bb.<\/p>\n","protected":false},"excerpt":{"rendered":"El humorista Miki Nadal tom\u00f3 asiento en el programa &#8216;A las bravas&#8217; este mi\u00e9rcoles para conceder una entrevista&hellip;\n","protected":false},"author":2,"featured_media":593846,"comment_status":"","ping_status":"","sticky":false,"template":"","format":"standard","meta":{"footnotes":""},"categories":[171],"tags":[2684,60243,12692,3006,19849,146,147,25,24,17775,18843,24177,3489,1050,20882,1526,23,214],"class_list":["post-593845","post","type-post","status-publish","format-standard","has-post-thumbnail","category-tv","tag-confesar","tag-cuestiones","tag-debutara","tag-desata","tag-empresarial","tag-entertainment","tag-entretenimiento","tag-es","tag-espana","tag-hormiguero","tag-ido","tag-miki","tag-nadal","tag-nunca","tag-obligacion","tag-polemica","tag-spain","tag-tv"],"share_on_mastodon":{"url":"https:\/\/pubeurope.com\/@es\/116710752105118846","error":""},"_links":{"self":[{"href":"https:\/\/www.europesays.com\/es\/wp-json\/wp\/v2\/posts\/593845","targetHints":{"allow":["GET"]}}],"collection":[{"href":"https:\/\/www.europesays.com\/es\/wp-json\/wp\/v2\/posts"}],"about":[{"href":"https:\/\/www.europesays.com\/es\/wp-json\/wp\/v2\/types\/post"}],"author":[{"embeddable":true,"href":"https:\/\/www.europesays.com\/es\/wp-json\/wp\/v2\/users\/2"}],"replies":[{"embeddable":true,"href":"https:\/\/www.europesays.com\/es\/wp-json\/wp\/v2\/comments?post=593845"}],"version-history":[{"count":0,"href":"https:\/\/www.europesays.com\/es\/wp-json\/wp\/v2\/posts\/593845\/revisions"}],"wp:featuredmedia":[{"embeddable":true,"href":"https:\/\/www.europesays.com\/es\/wp-json\/wp\/v2\/media\/593846"}],"wp:attachment":[{"href":"https:\/\/www.europesays.com\/es\/wp-json\/wp\/v2\/media?parent=593845"}],"wp:term":[{"taxonomy":"category","embeddable":true,"href":"https:\/\/www.europesays.com\/es\/wp-json\/wp\/v2\/categories?post=593845"},{"taxonomy":"post_tag","embeddable":true,"href":"https:\/\/www.europesays.com\/es\/wp-json\/wp\/v2\/tags?post=593845"}],"curies":[{"name":"wp","href":"https:\/\/api.w.org\/{rel}","templated":true}]}}