{"id":593849,"date":"2026-06-07T20:41:13","date_gmt":"2026-06-07T20:41:13","guid":{"rendered":"https:\/\/www.europesays.com\/es\/593849\/"},"modified":"2026-06-07T20:41:13","modified_gmt":"2026-06-07T20:41:13","slug":"sanidad-cita-para-la-vacuna-contra-el-herpes-zoster-a-los-nacidos-entre-1958-y-1961-y-entre-1943-y-1946","status":"publish","type":"post","link":"https:\/\/www.europesays.com\/es\/593849\/","title":{"rendered":"Sanidad cita para la vacuna contra el herpes z\u00f3ster a los nacidos entre 1958 y 1961 y entre 1943 y 1946"},"content":{"rendered":"<p style=\"\">La Conselleria de Sanitat, seg\u00fan el plan vacunal establecido con el Ministerio de Sanidad, contin\u00faa su estrategia de inmunizaci\u00f3n dentro del Calendario Com\u00fan de Vacunaci\u00f3n  &#8230; a lo largo de toda la vida para el a\u00f1o 2026, y est\u00e1 poniendo especial foco en la protecci\u00f3n frente al herpes z\u00f3ster (HZ). Esta campa\u00f1a afecta de manera directa a los ciudadanos nacidos en algunos a\u00f1os de las d\u00e9cadas de los 40, 50 y los 60, quienes tienen ahora entre 64 y 67 a\u00f1os o entre 80 y 83, que est\u00e1n siendo llamados para completar su pauta vacunal seg\u00fan los criterios de edad y captaci\u00f3n progresiva establecidos por las autoridades sanitarias.<\/p>\n<p class=\"v-d-p\" style=\"\">En los centros de salud de municipios valencianos se muestran carteles en los que se recuerda a los nacidos en los a\u00f1os 1958, 1959, 1960, 1961, y los nacidos entre 1943 y 1946, que pueden pedir cita con su enfermera para vacunarse contra el Herpes Z\u00f3ster (Culebrilla).<\/p>\n<p><img decoding=\"async\" loading=\"lazy\" src=\"https:\/\/www.europesays.com\/es\/wp-content\/uploads\/2026\/06\/herpes-kxqG-U3099158824fqF-650x850@Las Provincias.JPG\" class=\"v-a-img\" width=\"680\" height=\"478\" alt=\"Campa\u00f1a de vacunaci\u00f3n contra el herpes z\u00f3ster\" data-voc-vtm-id=\"in-text-traffic\"\/><\/p>\n<p>Campa\u00f1a de vacunaci\u00f3n contra el herpes z\u00f3ster.<\/p>\n<p>(LP)<\/p>\n<p class=\"v-d-p\" style=\"\">Para los nacidos en la d\u00e9cada de los 60, la normativa actual recomienda la vacunaci\u00f3n sistem\u00e1tica al cumplir los 65 a\u00f1os. Esta medida, que se introdujo en el calendario nacional en 2023, busca prevenir las complicaciones asociadas a este virus en una etapa de la vida donde aumenta el riesgo. <\/p>\n<p class=\"v-d-p\" style=\"\">Por otro lado, para los nacidos en la d\u00e9cada de los 40, el protocolo contempla una captaci\u00f3n progresiva de cohortes entre los 66 y los 80 a\u00f1os, inici\u00e1ndose espec\u00edficamente por aquellas personas que alcanzan los 80 a\u00f1os de edad.<\/p>\n<p>Qu\u00e9 es el herpes z\u00f3ster<\/p>\n<p class=\"v-d-p \">\nEl herpes z\u00f3ster, conocido popularmente como \u00abculebrilla\u00bb, es una infecci\u00f3n viral caracterizada por una erupci\u00f3n dolorosa y ampollas en la piel. Es causado por la reactivaci\u00f3n del virus de la varicela-z\u00f3ster (el mismo que causa la varicela), el cual permanece latente en el cuerpo despu\u00e9s de haber superado la enfermedad en el pasado.\n<\/p>\n<p class=\"v-d-p\" style=\"\">En Espa\u00f1a existen dos vacunas autorizadas: una vacuna atenuada (no disponible actualmente) y una vacuna producida por t\u00e9cnicas de recombinaci\u00f3n de ADN compuesta por una glicoprote\u00edna (HZ\/su). <\/p>\n<p class=\"v-d-p\" style=\"\">La vacuna que se administra es de tipo recombinante (HZ\/su) y requiere de dos dosis, las cuales deben estar separadas por un intervalo m\u00ednimo de 8 semanas. Seg\u00fan el Ministerio de Sanidad, aunque la vacuna es muy segura, es com\u00fan que los pacientes experimenten reacciones leves como dolor o hinchaz\u00f3n en el lugar de la inyecci\u00f3n, fatiga, cefalea o fiebre tras su administraci\u00f3n.<\/p>\n<p class=\"v-d-p\" style=\"\">Puedes consultar el calendario de vacunaci\u00f3n para toda la vida publicado por el Ministerio de Sanidad.<\/p>\n<p>\nRecomendaci\u00f3n de vacunaci\u00f3n\n<\/p>\n<p class=\"v-d-p\" style=\"\">Adem\u00e1s de estos grupos de edad, Sanidad recuerda que la vacunaci\u00f3n frente al herpes z\u00f3ster tambi\u00e9n est\u00e1 indicada para personas con condiciones de riesgo a partir de los 18 a\u00f1os, incluyendo a pacientes con infecci\u00f3n por VIH, trasplantados, personas con tumores s\u00f3lidos en tratamiento con quimioterapia, personas con tratamiento con f\u00e1rmacos anti-JAK o aquellas que han sufrido dos o m\u00e1s episodios previos de la enfermedad. Tambi\u00e9n se recomienda para mayores de 50 a\u00f1os en tratamiento con otros f\u00e1rmacos inmunomoduladores o inmunosupresores.<\/p>\n","protected":false},"excerpt":{"rendered":"La Conselleria de Sanitat, seg\u00fan el plan vacunal establecido con el Ministerio de Sanidad, contin\u00faa su estrategia de&hellip;\n","protected":false},"author":2,"featured_media":593850,"comment_status":"","ping_status":"","sticky":false,"template":"","format":"standard","meta":{"footnotes":""},"categories":[92],"tags":[112217,56909,112215,112216,7716,25,24,165,6298,85514,166,1811,23,8177,8178],"class_list":["post-593849","post","type-post","status-publish","format-standard","has-post-thumbnail","category-salud","tag-112217","tag-56909","tag-112215","tag-112216","tag-cita","tag-es","tag-espana","tag-health","tag-herpes","tag-nacidos","tag-salud","tag-sanidad","tag-spain","tag-vacuna","tag-zoster"],"share_on_mastodon":{"url":"https:\/\/pubeurope.com\/@es\/116710768413147609","error":""},"_links":{"self":[{"href":"https:\/\/www.europesays.com\/es\/wp-json\/wp\/v2\/posts\/593849","targetHints":{"allow":["GET"]}}],"collection":[{"href":"https:\/\/www.europesays.com\/es\/wp-json\/wp\/v2\/posts"}],"about":[{"href":"https:\/\/www.europesays.com\/es\/wp-json\/wp\/v2\/types\/post"}],"author":[{"embeddable":true,"href":"https:\/\/www.europesays.com\/es\/wp-json\/wp\/v2\/users\/2"}],"replies":[{"embeddable":true,"href":"https:\/\/www.europesays.com\/es\/wp-json\/wp\/v2\/comments?post=593849"}],"version-history":[{"count":0,"href":"https:\/\/www.europesays.com\/es\/wp-json\/wp\/v2\/posts\/593849\/revisions"}],"wp:featuredmedia":[{"embeddable":true,"href":"https:\/\/www.europesays.com\/es\/wp-json\/wp\/v2\/media\/593850"}],"wp:attachment":[{"href":"https:\/\/www.europesays.com\/es\/wp-json\/wp\/v2\/media?parent=593849"}],"wp:term":[{"taxonomy":"category","embeddable":true,"href":"https:\/\/www.europesays.com\/es\/wp-json\/wp\/v2\/categories?post=593849"},{"taxonomy":"post_tag","embeddable":true,"href":"https:\/\/www.europesays.com\/es\/wp-json\/wp\/v2\/tags?post=593849"}],"curies":[{"name":"wp","href":"https:\/\/api.w.org\/{rel}","templated":true}]}}