{"id":593903,"date":"2026-06-07T21:24:16","date_gmt":"2026-06-07T21:24:16","guid":{"rendered":"https:\/\/www.europesays.com\/es\/593903\/"},"modified":"2026-06-07T21:24:16","modified_gmt":"2026-06-07T21:24:16","slug":"agotamiento-caos-y-despedida-asi-fue-la-ultima-gira-de-los-beatles","status":"publish","type":"post","link":"https:\/\/www.europesays.com\/es\/593903\/","title":{"rendered":"Agotamiento, caos y despedida: as\u00ed fue la \u00faltima gira de Los Beatles"},"content":{"rendered":"<p><img alt=\"Entre amenazas, boicots y una presi\u00f3n imposible de sostener, John Lennon, Paul McCartney, George Harrison y Ringo Starr cerraron una etapa clave (The Beatles )\" class=\"global-image\" decoding=\"async\" fetchpriority=\"high\" height=\"281\" loading=\"eager\" src=\"https:\/\/www.europesays.com\/es\/wp-content\/uploads\/2026\/06\/OKHE6LWZVZGEHFMCFAKQSAJBXQ.jpg\" width=\"500\"\/>Entre amenazas, boicots y una presi\u00f3n imposible de sostener, John Lennon, Paul McCartney, George Harrison y Ringo Starr cerraron una etapa clave (The Beatles )<\/p>\n<p class=\"paragraph\"><b>La gira final de Los <\/b><a href=\"https:\/\/www.infobae.com\/historias\/2023\/08\/29\/el-ultimo-show-de-los-beatles-entre-la-sombra-del-ku-klux-klan-y-el-acecho-del-futuro-asesino-de-lennon\/\" target=\"_blank\" rel=\"noreferrer nofollow noopener\" title=\"https:\/\/www.infobae.com\/historias\/2023\/08\/29\/el-ultimo-show-de-los-beatles-entre-la-sombra-del-ku-klux-klan-y-el-acecho-del-futuro-asesino-de-lennon\/\"><b>Beatles <\/b><\/a><b>en 1966 <\/b>marc\u00f3 el cierre de una era en la m\u00fasica popular,<b> <\/b>rodeada<b> <\/b>de<b> controversias, agotamiento y una presi\u00f3n medi\u00e1tica sin precedentes<\/b>. El cuarteto de Liverpool, integrado por <b>John Lennon<\/b>, <b>Paul McCartney<\/b>, <b>George Harrison<\/b> y <b>Ringo Starr<\/b>, enfrent\u00f3 durante ese a\u00f1o una serie de desaf\u00edos que transformaron para siempre su relaci\u00f3n con los escenarios y con la fama internacional.<\/p>\n<p class=\"paragraph\">Tres a\u00f1os despu\u00e9s de su primer n\u00famero uno, Los Beatles llegaron a una encrucijada. Tras meses de trabajo en el estudio, donde grabaron el innovador \u00e1lbum <b>Revolver<\/b>, la banda emprendi\u00f3 una gira mundial que termin\u00f3 por definir su destino. El cansancio acumulado, los incidentes con fan\u00e1ticos y la sucesi\u00f3n de pol\u00e9micas en cada ciudad visitada convirtieron el tour de 1966 en un episodio tenso y decisivo. <\/p>\n<p class=\"paragraph\">De acuerdo con un art\u00edculo publicado en el peri\u00f3dico brit\u00e1nico The Guardian, la presi\u00f3n medi\u00e1tica, el asedio de admiradores y la aparici\u00f3n de enemigos p\u00fablicos llev\u00f3 a la banda a tomar una decisi\u00f3n irreversible: <b>dejar definitivamente los conciertos en vivo.<\/b><\/p>\n<p><img alt=\"En blanco y negro, The Beatles de pie frente a numerosos micr\u00f3fonos durante una conferencia de prensa, con el logo de Pan Am visible al fondo\" class=\"global-image\" decoding=\"async\" fetchpriority=\"low\" height=\"1080\" loading=\"lazy\" src=\"https:\/\/www.europesays.com\/es\/wp-content\/uploads\/2026\/06\/1780867454_435_KRYTOL76PVA3LIIYRRAD55LBT4.jpg\" width=\"1920\"\/>La presentaci\u00f3n en Candlestick Park, en San Francisco, fue la despedida oficial del cuarteto de Liverpool (Archivo &#8211; Captura de video)<\/p>\n<p class=\"paragraph\">En 1966, la distancia entre la creatividad de Los Beatles en el estudio y sus presentaciones en vivo se hizo cada vez m\u00e1s evidente. Ninguna de las canciones de Revolver se interpret\u00f3 durante la gira, ya que la complejidad de los arreglos y el uso de t\u00e9cnicas novedosas resultaban imposibles de reproducir sobre el escenario. <\/p>\n<p class=\"paragraph\"><b>Please Please Me<\/b>, el primer \u00e1lbum del grupo, hab\u00eda nacido de interpretaciones pulidas en Hamburgo y Liverpool, pero para entonces el estudio se hab\u00eda convertido en su principal espacio creativo.<\/p>\n<p class=\"paragraph\">El formato de los conciertos segu\u00eda anclado en el pasado. Cada espect\u00e1culo era parte de un show itinerante con varios artistas y Los Beatles aparec\u00edan al final para un set de 30 minutos. <b>El ruido de las multitudes, la falta de tecnolog\u00eda adecuada y la histeria colectiva hac\u00edan que la m\u00fasica quedara en segundo plano<\/b>. <\/p>\n<p class=\"paragraph\">El art\u00edculo se\u00f1ala que mientras artistas como <b>Bob Dylan<\/b> y los <b>Rolling Stones<\/b> reinventaban el concepto de concierto, Los Beatles sent\u00edan que <b>el escenario ya no les ofrec\u00eda el mismo est\u00edmulo.<\/b><\/p>\n<p><img alt=\"Beatles Help\" class=\"global-image\" decoding=\"async\" fetchpriority=\"low\" height=\"1080\" loading=\"lazy\" src=\"https:\/\/www.europesays.com\/es\/wp-content\/uploads\/2026\/06\/SR5BGEV3EBAJBIRDFXJIRCRKIQ.jpg\" width=\"1920\"\/>Mientras su propuesta musical se volv\u00eda m\u00e1s ambiciosa en el estudio, el formato de sus recitales qued\u00f3 atr\u00e1s (Captura de video)<\/p>\n<p class=\"paragraph\">La gira de aquel a\u00f1o atraves\u00f3 Europa, Asia y Am\u00e9rica, y en cada destino surgieron nuevas dificultades. En <b>Jap\u00f3n<\/b>, manifestantes cuestionaron la presencia de la banda, acus\u00e1ndolos de atentar contra los valores nacionales. En <b>Filipinas<\/b>, un desencuentro con la primera dama <b>Imelda Marcos<\/b> gener\u00f3 un incidente diplom\u00e1tico, que <b>termin\u00f3 con el grupo empujado e insultado en el aeropuerto <\/b>por una multitud enfurecida.<\/p>\n<p class=\"paragraph\">En <b>Estados Unidos<\/b>, la pol\u00e9mica alcanz\u00f3 su punto m\u00e1ximo tras unas declaraciones de Lennon sobre la popularidad de Los Beatles y de Jes\u00fas. Impulsaron campa\u00f1as de boicot y quema de discos, y surgieron amenazas de muerte contra los integrantes. En un concierto en el Cow Palace de California, una estampida dej\u00f3 30 heridos, la mayor\u00eda adolescentes.<\/p>\n<p class=\"paragraph\">El diario brit\u00e1nico destaca que, a lo largo de la gira, Los Beatles debieron responder preguntas absurdas en ruedas de prensa y soportar el lanzamiento de objetos al escenario, desde caramelos hasta botellas. La presi\u00f3n y el desgaste emocional fueron en aumento. \u201cHemos sido Los Beatles lo mejor que hemos sido jam\u00e1s: esos cuatro muchachos alegres. <b>Pero ya no somos esas personas. Somos viejos\u201d<\/b>, reconoci\u00f3 Lennon.<\/p>\n<p><img alt=\"beatles\" class=\"global-image\" decoding=\"async\" fetchpriority=\"low\" height=\"355\" loading=\"lazy\" src=\"https:\/\/www.europesays.com\/es\/wp-content\/uploads\/2026\/06\/5U63XUYJ5JAJ5O6TTWYRZ25Y4E.jpeg\" width=\"631\"\/>Despu\u00e9s de bajarse definitivamente de los recitales, la banda encontr\u00f3 en las grabaciones un nuevo terreno para experimentar (Europa Press)<\/p>\n<p class=\"paragraph\">El <b>29 de agosto de 1966<\/b>, Los Beatles ofrecieron su \u00faltimo concierto oficial en <b>Candlestick Park<\/b>, San Francisco. El grupo ya hab\u00eda informado a su m\u00e1nager <b>Brian Epstein<\/b> que esa ser\u00eda su despedida de los escenarios. McCartney pidi\u00f3 a un asistente que grabara el espect\u00e1culo como recuerdo.<\/p>\n<p class=\"paragraph\">Durante la actuaci\u00f3n, Los Beatles se mostraron decididos y serenos, a pesar del ambiente de tensi\u00f3n. Cerraron con \u201c<b>Long Tall Sally<\/b>\u201d, un cl\u00e1sico de <b>Little Richard<\/b>, y tras la ovaci\u00f3n final, abandonaron el estadio en un cami\u00f3n blindado. <\/p>\n<p class=\"paragraph\">Seg\u00fan The Guardian, la gira de 1966 represent\u00f3 el episodio m\u00e1s estresante y angustioso de su carrera, pero tambi\u00e9n el punto de inflexi\u00f3n que defini\u00f3 su futuro.<\/p>\n<p class=\"paragraph\">Tras el final de la gira, la banda de Liverpool se refugi\u00f3 en el estudio. En noviembre de 1966, comenzaron a trabajar en \u201c<b>Strawberry Fields Forever<\/b>\u201d, dando inicio a una etapa marcada por la experimentaci\u00f3n y la libertad creativa. <\/p>\n<p class=\"paragraph\">El grupo dej\u00f3 de ser un fen\u00f3meno de masas en los escenarios para convertirse en pioneros de la m\u00fasica de estudio, sentando las bases de la producci\u00f3n moderna.<\/p>\n<p class=\"paragraph\">La decisi\u00f3n de abandonar las giras supuso el cierre de un ciclo y el comienzo de una nueva era para Los Beatles y para la m\u00fasica popular. Su experiencia dej\u00f3 en evidencia el alto costo de la fama y la presi\u00f3n medi\u00e1tica a escala global.<\/p>\n","protected":false},"excerpt":{"rendered":"Entre amenazas, boicots y una presi\u00f3n imposible de sostener, John Lennon, Paul McCartney, George Harrison y Ringo Starr&hellip;\n","protected":false},"author":2,"featured_media":593904,"comment_status":"","ping_status":"","sticky":false,"template":"","format":"standard","meta":{"footnotes":""},"categories":[170],"tags":[16272,3677,2339,146,147,25,24,3129,33221,12442,7946,184,185,82076,9030,23,6620],"class_list":["post-593903","post","type-post","status-publish","format-standard","has-post-thumbnail","category-musica","tag-anos-60","tag-banda","tag-concierto","tag-entertainment","tag-entretenimiento","tag-es","tag-espana","tag-estadio","tag-guitarra","tag-iconos","tag-john-lennon","tag-music","tag-musica","tag-musica-rock","tag-paul-mccartney","tag-spain","tag-the-beatles"],"share_on_mastodon":{"url":"https:\/\/pubeurope.com\/@es\/116710937024502474","error":""},"_links":{"self":[{"href":"https:\/\/www.europesays.com\/es\/wp-json\/wp\/v2\/posts\/593903","targetHints":{"allow":["GET"]}}],"collection":[{"href":"https:\/\/www.europesays.com\/es\/wp-json\/wp\/v2\/posts"}],"about":[{"href":"https:\/\/www.europesays.com\/es\/wp-json\/wp\/v2\/types\/post"}],"author":[{"embeddable":true,"href":"https:\/\/www.europesays.com\/es\/wp-json\/wp\/v2\/users\/2"}],"replies":[{"embeddable":true,"href":"https:\/\/www.europesays.com\/es\/wp-json\/wp\/v2\/comments?post=593903"}],"version-history":[{"count":0,"href":"https:\/\/www.europesays.com\/es\/wp-json\/wp\/v2\/posts\/593903\/revisions"}],"wp:featuredmedia":[{"embeddable":true,"href":"https:\/\/www.europesays.com\/es\/wp-json\/wp\/v2\/media\/593904"}],"wp:attachment":[{"href":"https:\/\/www.europesays.com\/es\/wp-json\/wp\/v2\/media?parent=593903"}],"wp:term":[{"taxonomy":"category","embeddable":true,"href":"https:\/\/www.europesays.com\/es\/wp-json\/wp\/v2\/categories?post=593903"},{"taxonomy":"post_tag","embeddable":true,"href":"https:\/\/www.europesays.com\/es\/wp-json\/wp\/v2\/tags?post=593903"}],"curies":[{"name":"wp","href":"https:\/\/api.w.org\/{rel}","templated":true}]}}