{"id":593953,"date":"2026-06-07T22:01:17","date_gmt":"2026-06-07T22:01:17","guid":{"rendered":"https:\/\/www.europesays.com\/es\/593953\/"},"modified":"2026-06-07T22:01:17","modified_gmt":"2026-06-07T22:01:17","slug":"angelo-binaghi-presidente-de-la-federacion-italiana-de-tenis-carga-duramente-contra-alcaraz-sinner-nunca-se-compraria-un-yate-de-seis-millones-de-euros","status":"publish","type":"post","link":"https:\/\/www.europesays.com\/es\/593953\/","title":{"rendered":"Angelo Binaghi, presidente de la Federaci\u00f3n Italiana de Tenis, carga duramente contra Alcaraz: \u00abSinner nunca se comprar\u00eda un yate de seis millones de euros\u00bb"},"content":{"rendered":"<p class=\"ft-text\"><strong>Angelo Binaghi no se mordi\u00f3 la lengua. Fuertes declaraciones del presidente de la Federaci\u00f3n Italiana de Tenis <\/strong>que han generado controversia en el circuito internacional tras establecer una comparaci\u00f3n entre el italiano<strong> Jannik Sinner y el espa\u00f1ol <\/strong><a class=\"ft-link ft-link--decoration\" href=\"https:\/\/www.sport.es\/es\/noticias\/tenis\/comunicado-ferrero-polemica-alcaraz-falso-131050539\" rel=\"nofollow noopener\" target=\"_blank\">Carlos Alcaraz<\/a> que muchos consideran desafortunada e innecesaria.<\/p>\n<p class=\"ft-text\">Durante una intervenci\u00f3n p\u00fablica,<strong> Binaghi elogi\u00f3 la figura de Sinner como modelo de profesionalidad y disciplina<\/strong>, pero lo hizo aludiendo directamente al tenista murciano. <strong>\u00abA diferencia de Alcaraz, Sinner nunca se comprar\u00eda un yate de seis millones de euros. Hoy tenemos la suerte de tener un campe\u00f3n ca\u00eddo del cielo, que muestra el camino y recuerda cada d\u00eda la importancia del trabajo\u00bb<\/strong>, afirm\u00f3 el dirigente.<\/p>\n<p><img decoding=\"async\" src=\"https:\/\/www.europesays.com\/es\/wp-content\/uploads\/2026\/06\/c7f15947-4bbf-4089-badb-a1fde3cff1e6_alta-libre-aspect-ratio_default_0_x600y225.jpg\" width=\"1200\" height=\"675\" alt=\"El yate de Carlos Alcaraz\" class=\"ft-helper-img-rd\" loading=\"lazy\" fetchpriority=\"auto\"\/><\/p>\n<p class=\"ft-helper-fontColor-quaternary ft-helper-fontSize-body-S ft-helper-spacer-t-xxs\">El yate de Carlos Alcaraz  \/ X<\/p>\n<p class=\"ft-text\"><strong>Carlos Alcaraz, uno de los grandes referentes del tenis mundial y m\u00faltiple campe\u00f3n de Grand Slam<\/strong>, ha sido reconocido a lo largo de su carrera por su dedicaci\u00f3n al entrenamiento, su competitividad y su r\u00e1pida progresi\u00f3n en la \u00e9lite del deporte. Por ello, algunos observadores consideran que las declaraciones de Binaghi menosprecian injustificadamente la trayectoria del jugador espa\u00f1ol.<\/p>\n<p class=\"ft-text\">Por su parte, el tenista de San Candido atraviesa uno de los mejores momentos de su carrera, pese al abandono en<strong> Roland Garros <\/strong>por las altas temperaturas. Hasta el momento, ni Alcaraz ni su entorno han respondido p\u00fablicamente a las palabras del dirigente italiano. Tampoco se ha pronunciado el equipo de <strong>Sinner <\/strong>sobre una pol\u00e9mica que ha a\u00f1adido tensi\u00f3n a una rivalidad deportiva que, hasta ahora, se ha caracterizado por <strong>el respeto mutuo entre ambos jugadores<\/strong>.<\/p>\n","protected":false},"excerpt":{"rendered":"Angelo Binaghi no se mordi\u00f3 la lengua. Fuertes declaraciones del presidente de la Federaci\u00f3n Italiana de Tenis que&hellip;\n","protected":false},"author":2,"featured_media":593954,"comment_status":"","ping_status":"","sticky":false,"template":"","format":"standard","meta":{"footnotes":""},"categories":[274],"tags":[41133,112228,545,168,25,24,2500,1741,1461,23,167,327,326],"class_list":["post-593953","post","type-post","status-publish","format-standard","has-post-thumbnail","category-tenis","tag-angelo","tag-binaghi","tag-carlos-alcaraz","tag-deportes","tag-es","tag-espana","tag-federacion","tag-italiana","tag-presidente","tag-spain","tag-sports","tag-tenis","tag-tennis"],"share_on_mastodon":{"url":"https:\/\/pubeurope.com\/@es\/116711083015206275","error":""},"_links":{"self":[{"href":"https:\/\/www.europesays.com\/es\/wp-json\/wp\/v2\/posts\/593953","targetHints":{"allow":["GET"]}}],"collection":[{"href":"https:\/\/www.europesays.com\/es\/wp-json\/wp\/v2\/posts"}],"about":[{"href":"https:\/\/www.europesays.com\/es\/wp-json\/wp\/v2\/types\/post"}],"author":[{"embeddable":true,"href":"https:\/\/www.europesays.com\/es\/wp-json\/wp\/v2\/users\/2"}],"replies":[{"embeddable":true,"href":"https:\/\/www.europesays.com\/es\/wp-json\/wp\/v2\/comments?post=593953"}],"version-history":[{"count":0,"href":"https:\/\/www.europesays.com\/es\/wp-json\/wp\/v2\/posts\/593953\/revisions"}],"wp:featuredmedia":[{"embeddable":true,"href":"https:\/\/www.europesays.com\/es\/wp-json\/wp\/v2\/media\/593954"}],"wp:attachment":[{"href":"https:\/\/www.europesays.com\/es\/wp-json\/wp\/v2\/media?parent=593953"}],"wp:term":[{"taxonomy":"category","embeddable":true,"href":"https:\/\/www.europesays.com\/es\/wp-json\/wp\/v2\/categories?post=593953"},{"taxonomy":"post_tag","embeddable":true,"href":"https:\/\/www.europesays.com\/es\/wp-json\/wp\/v2\/tags?post=593953"}],"curies":[{"name":"wp","href":"https:\/\/api.w.org\/{rel}","templated":true}]}}