{"id":594011,"date":"2026-06-07T22:50:20","date_gmt":"2026-06-07T22:50:20","guid":{"rendered":"https:\/\/www.europesays.com\/es\/594011\/"},"modified":"2026-06-07T22:50:20","modified_gmt":"2026-06-07T22:50:20","slug":"semana-de-decisiones-y-anuncios-en-el-unicaja","status":"publish","type":"post","link":"https:\/\/www.europesays.com\/es\/594011\/","title":{"rendered":"Semana de decisiones y anuncios en el Unicaja"},"content":{"rendered":"<p style=\"\">Han pasado ya 9 d\u00edas desde que el Unicaja echase el cierre a su temporada al quedarse fuera de los &#8216;play-off&#8217; tras perder contra  &#8230; el Baskonia, y a su vez, al ganar el Bilbao su partido ante un Gran Canaria que acab\u00f3 descendiendo. Una semana en la que la incertidumbre ha acabado siendo la protagonista en la \u00f3rbita del equipo, que desde luego, cuando comenz\u00f3 la campa\u00f1a, no esperaba tal desenlace. A partir de este lunes, los despachos del club comenzar\u00e1n a funcionar con una marcha a\u00f1adida, porque se prev\u00e9 una semana de intensa actividad en cuanto a la toma de decisiones sobre el nuevo proyecto. Decisiones que, a su vez, traer\u00e1n anuncios durante la semana.<\/p>\n<p class=\"v-d-p\" style=\"\">El foco de estas negociaciones se centra, en primer lugar, en el director de orquesta del nuevo proyecto. Aun se est\u00e1n puliendo, con los agentes y el entrenador, los detalles para ultimar la desvinculaci\u00f3n de Ibon Navarro del club. Recordamos que su contrato se extiende por una temporada m\u00e1s, hasta el fin de la 2026-27, pero dada las circunstancias y la potente oferta recibida por parte del Estrella Roja de Belgrado, el t\u00e9cnico vitoriano, el m\u00e1s laureado de la historia de la entidad, pondr\u00e1 rumbo a Serbia para liderar un banquillo de Euroliga. La prensa balc\u00e1nica avanz\u00f3 d\u00edas atr\u00e1s que el Estrella Roja estar\u00eda dispuesto a abonar la cuant\u00eda de su cl\u00e1usula de salida (entre 300 y 400 mil euros), pero a\u00fan deben cerrarse cordialmente todos los detalles.<\/p>\n<p>\nEl mi\u00e9rcoles, d\u00eda clave\n<\/p>\n<p class=\"v-d-p\" style=\"\">S\u00ed, habr\u00e1 un d\u00eda clave. Y es que est\u00e1 establecido que el mi\u00e9rcoles 10 sea el d\u00eda tope para que finalice el plazo de negociaciones que determine la salida de Ibon Navarro, por lo que se prev\u00e9 que, bien antes o bien el mismo d\u00eda, la decisi\u00f3n se tome ya oficial, e incluso p\u00fablicamente. Ser\u00e1 a partir de entonces cuando comiencen a acelerarse el resto de movimientos\u2026 Que no son pocos.<\/p>\n<p><img decoding=\"async\" loading=\"lazy\" src=\"https:\/\/www.europesays.com\/es\/wp-content\/uploads\/2026\/06\/1508740815-U85015104658lUU-680x476@Diario Sur.jpg\" class=\"v-a-img\" width=\"680\" height=\"478\" alt=\"\" data-voc-vtm-id=\"in-text-traffic\"\/><\/p>\n<p>(MARIL\u00da B\u00c1EZ)<\/p>\n<p class=\"v-d-p\" style=\"\">Por una parte, una de las preguntas que m\u00e1s ronda la cabeza de los aficionados es qui\u00e9n ser\u00e1 el nuevo entrenador cajista. Son varios los nombres que se han puesto sobre la palestra en la \u00faltima semana, algunos de los cuales, a\u00fan con contrato con sus actuales equipos, lo que implicar\u00eda que, de ser el escogido, el club deber\u00eda abonar una cl\u00e1usula de rescisi\u00f3n por el mismo. <\/p>\n<p class=\"v-d-p\" style=\"\">Por otro lado est\u00e1 la plantilla. S\u00ed, se prev\u00e9 una profunda reestructuraci\u00f3n, al igual que ha sucedido en campa\u00f1as anteriores, en las que un mal resultado al cierre de la misma ha desembocado en un potente lavado de cara, con 7, 8 o incluso 9 fichajes. Eso s\u00ed, son varios los jugadores que a\u00fan mantienen contrato con la entidad al menos por una temporada m\u00e1s. Estos ser\u00edan: Alberto D\u00edaz, Perry, Kalinoski, Tyson P\u00e9rez, Balcerowski, Sulejmanovic, Kravish y Barreiro. Aunque cabe apuntar que siempre puede existir alg\u00fan caso de un jugador que reciba otra oferta de un club que pueda pagar su cl\u00e1usula de rescisi\u00f3n o incluso, que la abone \u00e9l mismo, como pas\u00f3 con Carter (renovado hasta 2027), cuando se march\u00f3, precisamente, al Estrella Roja.<\/p>\n<ul class=\"v-cmp-rld__u\">\n<li class=\"v-cmp-rld__l\">\n<p><a class=\"v-a-lnk\" href=\"http:\/\/www.diariosur.es\/unicaja\/reestructuracion-avecina-unicaja-ocho-jugadores-salir-20260529193416-nt.html#vtm_modulosEngag=noticiasrelacionadas-cmp-uno:unicaja:noticia:1\" title=\"La reestructuraci\u00f3n que se avecina en el Unicaja: hasta ocho jugadores podr\u00edan salir\" data-voc-vtm-id=\"in-text-traffic\" rel=\"nofollow noopener\" target=\"_blank\"><br \/>\n<img decoding=\"async\" loading=\"lazy\" src=\"https:\/\/www.europesays.com\/es\/wp-content\/uploads\/2026\/06\/plantilla-unicaja-U67507453736ftP-366x256@Diario Sur.jpg\" class=\"v-a-img\" width=\"258\" height=\"180\" alt=\"La reestructuraci\u00f3n que se avecina en el Unicaja: hasta ocho jugadores podr\u00edan salir\"\/><br \/>\n<\/a><\/p>\n<\/li>\n<\/ul>\n<p class=\"v-d-p\" style=\"\">Hay dos jugadores con serias opciones de quedarse. Djedovic es el primero. Por su experiencia y trayectoria en el club, todo apunta a que la entidad buscar\u00e1 renovarlo (su contrato terminaba este verano). El segundo es, Webb, que firm\u00f3 por 1 temporada (la actual) +1 renovable en caso de as\u00ed quererlo el club y podr\u00eda ser de inter\u00e9s para el pr\u00f3ximo proyecto.<\/p>\n<p class=\"v-d-p\" style=\"\">Con respecto al resto, las dudas est\u00e1n en el aire y muchas de estas ya podr\u00edan comenzar a despejarse esta misma semana. Cabe explicar que, pese a que lo habitual es que los contratos de los jugadores de la ACB est\u00e9n activos hasta el 30 de junio, el marco normativo de la competici\u00f3n y el propio BOE establecen que los contratos pueden finalizar antes de esta fecha si se ha pactado con el club una cl\u00e1usula de finalizaci\u00f3n al t\u00e9rmino de la participaci\u00f3n deportiva del equipo. Esta fecha var\u00eda en funci\u00f3n de la entidad; en algunos casos, la fecha fin es, incluso, el d\u00eda posterior al t\u00e9rmino de la jornada 34\u00ba. Se prev\u00e9 que el Unicaja no cuente con los tres nombres que se incorporaron durante la campa\u00f1a: Audige, Rubit y Cobbs, adem\u00e1s de Tillie, f\u00edsicamente un punto por debajo del nivel al que aspira el equipo. Sobra decir que tampoco se cuenta con Duarte, que ya present\u00f3 sus alegaciones al club y cuya desvinculaci\u00f3n a\u00fan traer\u00e1 cola en los pr\u00f3ximos d\u00edas.<\/p>\n","protected":false},"excerpt":{"rendered":"Han pasado ya 9 d\u00edas desde que el Unicaja echase el cierre a su temporada al quedarse fuera&hellip;\n","protected":false},"author":2,"featured_media":594012,"comment_status":"","ping_status":"","sticky":false,"template":"","format":"standard","meta":{"footnotes":""},"categories":[269],"tags":[9616,299,298,32635,168,25,24,773,23,167,2246],"class_list":["post-594011","post","type-post","status-publish","format-standard","has-post-thumbnail","category-baloncesto","tag-anuncios","tag-baloncesto","tag-basketball","tag-decisiones","tag-deportes","tag-es","tag-espana","tag-semana","tag-spain","tag-sports","tag-unicaja"],"share_on_mastodon":{"url":"https:\/\/pubeurope.com\/@es\/116711275805093600","error":""},"_links":{"self":[{"href":"https:\/\/www.europesays.com\/es\/wp-json\/wp\/v2\/posts\/594011","targetHints":{"allow":["GET"]}}],"collection":[{"href":"https:\/\/www.europesays.com\/es\/wp-json\/wp\/v2\/posts"}],"about":[{"href":"https:\/\/www.europesays.com\/es\/wp-json\/wp\/v2\/types\/post"}],"author":[{"embeddable":true,"href":"https:\/\/www.europesays.com\/es\/wp-json\/wp\/v2\/users\/2"}],"replies":[{"embeddable":true,"href":"https:\/\/www.europesays.com\/es\/wp-json\/wp\/v2\/comments?post=594011"}],"version-history":[{"count":0,"href":"https:\/\/www.europesays.com\/es\/wp-json\/wp\/v2\/posts\/594011\/revisions"}],"wp:featuredmedia":[{"embeddable":true,"href":"https:\/\/www.europesays.com\/es\/wp-json\/wp\/v2\/media\/594012"}],"wp:attachment":[{"href":"https:\/\/www.europesays.com\/es\/wp-json\/wp\/v2\/media?parent=594011"}],"wp:term":[{"taxonomy":"category","embeddable":true,"href":"https:\/\/www.europesays.com\/es\/wp-json\/wp\/v2\/categories?post=594011"},{"taxonomy":"post_tag","embeddable":true,"href":"https:\/\/www.europesays.com\/es\/wp-json\/wp\/v2\/tags?post=594011"}],"curies":[{"name":"wp","href":"https:\/\/api.w.org\/{rel}","templated":true}]}}