{"id":594110,"date":"2026-06-08T00:09:14","date_gmt":"2026-06-08T00:09:14","guid":{"rendered":"https:\/\/www.europesays.com\/es\/594110\/"},"modified":"2026-06-08T00:09:14","modified_gmt":"2026-06-08T00:09:14","slug":"de-victoria-federica-a-ayuso-o-carla-pereyra-asi-han-vestido-algunas-de-las-invitadas-a-la-misa-del-papa-en-cibeles","status":"publish","type":"post","link":"https:\/\/www.europesays.com\/es\/594110\/","title":{"rendered":"De Victoria Federica a Ayuso o Carla Pereyra: as\u00ed han vestido algunas de las invitadas a la misa del Papa en Cibeles"},"content":{"rendered":"<p style=\"\">El <a href=\"https:\/\/www.abc.es\/sociedad\/visita-papa-leon-xiv-madrid-directo-agenda-20260607115324-di.html\" target=\"_self\" data-voc-vtm-id=\"in-text-traffic\" title=\"Papa Le\u00f3n XIV contin\u00faa su visita a Espa\u00f1a\" data-mrf-link=\"www.abc.es\" rel=\"nofollow noopener\">Papa Le\u00f3n XIV contin\u00faa su visita a Espa\u00f1a<\/a> que se prolongar\u00e1 hasta el 12 de junio. La agenda de actos de este domingo ha dado comienzo con la celebraci\u00f3n de la misa del <strong>Corpus Christi<\/strong> en la Plaza de Cibeles, un acto  &#8230; multitudinario al que adem\u00e1s de los Reyes y sus hijas, han asistido numerosas autoridades. <\/p>\n<p class=\"v-d-p\" style=\"\">Junto con la invitaci\u00f3n oficial a los distintos grupos parlamentario, una vez m\u00e1s se ha establecido un<strong> c\u00f3digo de vestimenta<\/strong> con el que los invitados e invitadas deben cumplir. Pautas como que las mujeres deber\u00e1n evitar colores llamativos y seguir una norma: \u00abSobrias, formales y discretas\u00bb. Tal y como ya <a href=\"https:\/\/www.abc.es\/espana\/madrid\/codigo-vestimenta-diputadas-madrilenas-misa-papa-sobria-20260604105934-nt.html\" target=\"_self\" data-voc-vtm-id=\"in-text-traffic\" title=\"cont\u00e1bamos en ABC\" data-mrf-link=\"www.abc.es\" rel=\"nofollow noopener\">cont\u00e1bamos en ABC<\/a>, el servicio de Protocolo del Parlamento madrile\u00f1o envi\u00f3 a los diputados el c\u00f3digo de vestimenta que le ha trasladado la organizaci\u00f3n del viaje apost\u00f3lico de Su Santidad a Madrid con instrucciones como que se evite el blanco y los colores llamativos, como los rojos y los amarillos, \u00abetc\u00e9tera\u00bb. \u00abEvitar tirantes y faldas por encima de la rodilla\u00bb son otras de las sugerencias.<\/p>\n<p class=\"v-d-p\" style=\"\">Numerosos rostros conocidos se han dejado ver en el multitudinario evento con estilismos de lo m\u00e1s dispares. Si <a href=\"https:\/\/www.abc.es\/estilo\/moda\/isabel-diaz-ayuso-recupera-traje-azul-victoria-20260607114724-nt.html\" target=\"_self\" data-voc-vtm-id=\"in-text-traffic\" title=\"Isabel D\u00edaz Ayuso\" data-mrf-link=\"www.abc.es\" rel=\"nofollow noopener\">Isabel D\u00edaz Ayuso<\/a> de decantaba por el azul celeste con un traje de chaqueta reciclado de Victoria, la firma de Vicky Mart\u00edn Berrocal a la que suele recurrir con frecuencia. <strong>Carla Pereyra<\/strong> ha optado por vestir de negro, distanci\u00e1ndose de las recomendaciones establecidas por el <strong>Vaticano<\/strong> para este encuentro en las que indicaban \u00abno vestir de negro y apostar por colores frescos y prendas c\u00f3modas\u00bb. La esposa de Simeone ha escogido para la ocasi\u00f3n un traje de chaqueta y pantal\u00f3n, quiz\u00e1s demasiado sobrio para un encuentro como el de este domingo. <\/p>\n<p>Arriba, Victoria Federica; abajo, Isabel D\u00edaz Ayuso con traje azul de Victoria Colecci\u00f3n.<\/p>\n<p>(EFE)<\/p>\n<p class=\"v-d-p\" style=\"\">El negro ha sido tambi\u00e9n el color escogido por <strong>Victoria Federica<\/strong>. La nieta mayor de los <strong>Reyes Don Juan Carlos y Do\u00f1a Sof\u00eda<\/strong> ha optado por un estilismo oscuro que encaja con la l\u00ednea cl\u00e1sica que suele caracterizar sus apariciones p\u00fablicas. Su madre, la <strong>Infanta Elena<\/strong>, tambi\u00e9n presente en el acto, se ha decantado por el azul marino, un color m\u00e1s acorde y elegante para este tipo de eventos, mientras que la <strong>Infanta Cristina<\/strong> optaba igualmente por el negro ambas con conjuntos de chaqueta y pantal\u00f3n. <\/p>\n<p>Arriba, las infantas Elena y Cristina. Abajo, Jaime Mayor Oreja, Ana Botella y Jose Mar\u00eda Aznar. Abajo.Tampoco han faltado a la cita el entrenador del Atl\u00e9tico de Madrid, Diego Pablo Simeone y su mujer, Carla Pereyra.<\/p>\n<p>(Javier Mart\u00ednez-Brocal)<\/p>\n<p class=\"v-d-p\" style=\"\"><strong>Ana Botella<\/strong>, otro de los rostros conocidos que se han dejado ver en el multitudinario encuentro, se ha decantado por un traje de chaqueta y pantal\u00f3n en color azul que ha combinado con camiseta b\u00e1sica en color blanco. <\/p>\n","protected":false},"excerpt":{"rendered":"El Papa Le\u00f3n XIV contin\u00faa su visita a Espa\u00f1a que se prolongar\u00e1 hasta el 12 de junio. La&hellip;\n","protected":false},"author":2,"featured_media":594111,"comment_status":"","ping_status":"","sticky":false,"template":"","format":"standard","meta":{"footnotes":""},"categories":[91],"tags":[6984,31640,779,146,147,25,24,1729,12360,12629,3912,23,16936],"class_list":["post-594110","post","type-post","status-publish","format-standard","has-post-thumbnail","category-entretenimiento","tag-ayuso","tag-cibeles","tag-diaz","tag-entertainment","tag-entretenimiento","tag-es","tag-espana","tag-isabel","tag-misa","tag-papa","tag-politicas","tag-spain","tag-visten"],"share_on_mastodon":{"url":"https:\/\/pubeurope.com\/@es\/116711585551486723","error":""},"_links":{"self":[{"href":"https:\/\/www.europesays.com\/es\/wp-json\/wp\/v2\/posts\/594110","targetHints":{"allow":["GET"]}}],"collection":[{"href":"https:\/\/www.europesays.com\/es\/wp-json\/wp\/v2\/posts"}],"about":[{"href":"https:\/\/www.europesays.com\/es\/wp-json\/wp\/v2\/types\/post"}],"author":[{"embeddable":true,"href":"https:\/\/www.europesays.com\/es\/wp-json\/wp\/v2\/users\/2"}],"replies":[{"embeddable":true,"href":"https:\/\/www.europesays.com\/es\/wp-json\/wp\/v2\/comments?post=594110"}],"version-history":[{"count":0,"href":"https:\/\/www.europesays.com\/es\/wp-json\/wp\/v2\/posts\/594110\/revisions"}],"wp:featuredmedia":[{"embeddable":true,"href":"https:\/\/www.europesays.com\/es\/wp-json\/wp\/v2\/media\/594111"}],"wp:attachment":[{"href":"https:\/\/www.europesays.com\/es\/wp-json\/wp\/v2\/media?parent=594110"}],"wp:term":[{"taxonomy":"category","embeddable":true,"href":"https:\/\/www.europesays.com\/es\/wp-json\/wp\/v2\/categories?post=594110"},{"taxonomy":"post_tag","embeddable":true,"href":"https:\/\/www.europesays.com\/es\/wp-json\/wp\/v2\/tags?post=594110"}],"curies":[{"name":"wp","href":"https:\/\/api.w.org\/{rel}","templated":true}]}}