{"id":594196,"date":"2026-06-08T01:34:41","date_gmt":"2026-06-08T01:34:41","guid":{"rendered":"https:\/\/www.europesays.com\/es\/594196\/"},"modified":"2026-06-08T01:34:41","modified_gmt":"2026-06-08T01:34:41","slug":"un-mamut-unas-bragas-y-la-casita-rosa-katy-mikhailova","status":"publish","type":"post","link":"https:\/\/www.europesays.com\/es\/594196\/","title":{"rendered":"Un mamut, unas bragas y la casita rosa &#8211; Katy Mikhailova"},"content":{"rendered":"<p>Esta semana he tirado unas bragas. No parece una noticia hasta que una descubre que algunas prendas sobreviven m\u00e1s que ciertos novios, varios socios, dos o tres crisis existenciales, mudanzas y decenas de <strong>cambios de armarios<\/strong>. Las bragas buenas duran legislaturas. Y hay algo profundamente simb\u00f3lico en decidir qu\u00e9 se queda y qu\u00e9 se va.<\/p>\n<p>Pens\u00e9 en ello al d\u00eda siguiente, en Barcelona, mientras moderaba una conversaci\u00f3n entre <strong>Isabel Coixet<\/strong> y <strong>L\u00e1zaro Rosa-Viol\u00e1n<\/strong> dentro de Ecl\u00e9ctica, la primera gran muestra de arquitectura ef\u00edmera de la ciudad. Una idea tan sencilla y brillante como sentar a arquitectos, interioristas, dise\u00f1adores con escritores, cineastas y creadores de disciplinas distintas para que dialoguen y construyan espacios juntos.<\/p>\n<p>El resultado es fascinante. <strong>Martina Klein<\/strong>, <strong>Risto Mejide<\/strong>, <strong>Juan Avellaneda<\/strong>\u2026 conviven con arquitectos de estudios como L35, Sara Folch o Cristina Carulla para recordar que la arquitectura no es solo cosa de arquitectos. <\/p>\n<p>Pero el sal\u00f3n de Isabel Coixet y L\u00e1zaro Rosa-Viol\u00e1n posee algo m\u00e1s peligroso: memoria. Nada m\u00e1s entrar aprecias a Alvarito. Un mamut. Un mamut enorme. Un esqueleto gigantesco plantado en mitad del sal\u00f3n como si llevara all\u00ed toda la vida. Hay objetos que decoran. Y hay objetos que piensan. Alvarito pertenece a la segunda categor\u00eda.<\/p>\n<p><a href=\"https:\/\/s1.staticld.com\/2026\/06\/06\/lazaro-rosa-violan-isabel-coixet-katy-mikhailova.jpeg\" target=\"_blank\" rel=\"nofollow noreferrer noopener\" class=\"fancybox\"><img class=\"l\" data-  style=\"aspect-ratio: 256 \/ 151\" alt=\"lazaro-rosa-violan-isabel-coixet-katy-mikhailova.jpeg\"\/><\/a><\/p>\n<p>A su alrededor conviven antig\u00fcedades, biombos orientales, piezas barrocas, los collages de la cineasta, recuerdos y la sofisticaci\u00f3n contempor\u00e1nea de Pilma, que consigue algo dificil\u00edsimo: dialogar con el exceso sin perder elegancia. Durante la conversaci\u00f3n apareci\u00f3 inevitablemente Marie Kondo. Y tanto Coixet como Rosa-Viol\u00e1n parec\u00edan bastante poco interesados en la obsesi\u00f3n moderna por vaciarlo todo. \u00a1Menos mal!<\/p>\n<p>Vivimos en una \u00e9poca empe\u00f1ada en \u00abblanco sobre blanco\u00bb y obsesionada con borrar. Borrar mensajes, fotos, relaciones. Borrar personas. Borrar el pasado. Como si la vida consistiera en una sucesi\u00f3n infinita de reinicios.<\/p>\n<p>Sin embargo, las casas que recordamos nunca son las m\u00e1s ordenadas. Son las que tienen capas. Las que tienen memoria. Las que tienen un mamut llamado Alvarito ocupando el sal\u00f3n. La conversaci\u00f3n deriv\u00f3 despu\u00e9s hacia la famosa casita rosa de Bad Bunny. Y ah\u00ed comprend\u00ed que el mamut y las bragas hablaban exactamente de lo mismo. La hipocres\u00eda.<\/p>\n<p>    Del autor<\/p>\n<p>Porque m\u00e1s de una semana escuchando discursos indignados sobre una zona VIP dentro de una zona VIP ya resulta agotador. Y una tiene la sensaci\u00f3n de que el problema no es la exclusividad. El problema es quedarse fuera. Nadie critica una mesa en un tres estrellas Michelin. Ni la primera fila de un desfile o a quien viaja en business class. <\/p>\n<p>La inmensa mayor\u00eda de quienes critican esa casita habr\u00edan entrado encantados si les hubiera llegado una invitaci\u00f3n. No odiamos los privilegios. Detestamos los privilegios ajenos.<\/p>\n<p>Y algo parecido ocurre con la famosa hipersexualizaci\u00f3n femenina. Confieso que fui invitada al palco presidencial del concierto. Y confieso algo todav\u00eda m\u00e1s grave: estren\u00e9 un top rosa lencero. Terrible. Al parecer una mujer adulta sigue necesitando justificar por qu\u00e9 decide sentirse guapa. Como si la libertad consistiera en poder hacer cualquier cosa excepto aquello que a una le apetece.<\/p>\n<p>Yo fui a escuchar a Bad Bunny. No iba a una junta de accionistas. Y para bailar reguet\u00f3n, con cuarenta grados, una se viste para bailar reguet\u00f3n. No hay m\u00e1s misterio. La elegancia no consiste en llevar siempre la misma ropa. Consiste en entender d\u00f3nde est\u00e1 una.<\/p>\n<p>Por cierto, Isabel Coixet declar\u00f3 su aversi\u00f3n al animal print. La comprendo. En nombre del leopardo se han cometido aut\u00e9nticos atentados est\u00e9ticos. Aunque yo seguir\u00e9 defendiendo el estampado animal. Porque el problema, ya lo sabe, nunca fue el leopardo sino qui\u00e9n ha abusado de su estampa.  <\/p>\n<p>La lencer\u00eda fue concebida para permanecer oculta y el animal print para utilizarse con moderaci\u00f3n. Se supone. Hasta que Dolce &amp; Gabbana hace m\u00e1s de una d\u00e9cada (despu\u00e9s vinieron los dem\u00e1s) puso de moda la ropa interior como exterior, prendas de vestir para ser vistas. Los cors\u00e9s, los sujetadores y los encajes no ten\u00edan por qu\u00e9 esconderse<\/p>\n<p>Precisamente por eso ambos estilos (el tigre y la cebra, tan Cavalli, tan Versace, tan Dolce\u2026; y ense\u00f1ar tu sujetador) resultan fascinantes cuando deciden saltarse las normas. Ello recuerda que una peque\u00f1a dosis de exceso suele tener mucho m\u00e1s encanto que la perfecci\u00f3n.<\/p>\n<p>Al final sal\u00ed del C\u00edrculo Ecuestre pensando en Alvarito. En el mamut. En las bragas nuevas. En la casita rosa. Y en lo agotador que resulta vivir en una sociedad que predica la libertad mientras vigila constantemente c\u00f3mo la ejercen los dem\u00e1s.<\/p>\n<p>Mientras una directora de cine de fama mundial hablaba de org\u00edas, un arquitecto defend\u00eda la importancia de los objetos con memoria, un mamut con nombre de ex presid\u00eda un sal\u00f3n en Barcelona, un cantante puertorrique\u00f1o al que medio planeta no entiende llenaba estadios, una periodista con aspiraciones de novelista compraba m\u00e1s bragas de las que necesitaba y el Papa recorr\u00eda Madrid\u2026 y mientras todo eso ocurr\u00eda, suced\u00eda la vida. Conceptos que jam\u00e1s deber\u00edan compartir p\u00e1rrafo y que, sin embargo, terminan conviviendo.<\/p>\n<p>    Temas<\/p>\n<ul class=\"social\">\n<li class=\"facebook\" data-text=\"Un mamut, unas bragas y la casita rosa\">Compartir<\/li>\n<li class=\"twitter\" data-text=\"Un mamut, unas bragas y la casita rosa, por @katymikhailova\" data-via=\"chicrevista\" data-related=\"katymikhailova\">Tuitear<\/li>\n<li class=\"whatsapp\" data-text=\"Un mamut, unas bragas y la casita rosa\">Enviar<\/li>\n<li class=\"email\" data-text=\"Un mamut, unas bragas y la casita rosa\">Enviar<\/li>\n<\/ul>\n","protected":false},"excerpt":{"rendered":"Esta semana he tirado unas bragas. No parece una noticia hasta que una descubre que algunas prendas sobreviven&hellip;\n","protected":false},"author":2,"featured_media":594197,"comment_status":"","ping_status":"","sticky":false,"template":"","format":"standard","meta":{"footnotes":""},"categories":[174],"tags":[255,146,147,25,24,256,41009,109951,23],"class_list":["post-594196","post","type-post","status-publish","format-standard","has-post-thumbnail","category-famosos","tag-celebrities","tag-entertainment","tag-entretenimiento","tag-es","tag-espana","tag-famosos","tag-isabel-coixet","tag-lazaro-rosa-violan","tag-spain"],"share_on_mastodon":{"url":"https:\/\/pubeurope.com\/@es\/116711919871669180","error":""},"_links":{"self":[{"href":"https:\/\/www.europesays.com\/es\/wp-json\/wp\/v2\/posts\/594196","targetHints":{"allow":["GET"]}}],"collection":[{"href":"https:\/\/www.europesays.com\/es\/wp-json\/wp\/v2\/posts"}],"about":[{"href":"https:\/\/www.europesays.com\/es\/wp-json\/wp\/v2\/types\/post"}],"author":[{"embeddable":true,"href":"https:\/\/www.europesays.com\/es\/wp-json\/wp\/v2\/users\/2"}],"replies":[{"embeddable":true,"href":"https:\/\/www.europesays.com\/es\/wp-json\/wp\/v2\/comments?post=594196"}],"version-history":[{"count":0,"href":"https:\/\/www.europesays.com\/es\/wp-json\/wp\/v2\/posts\/594196\/revisions"}],"wp:featuredmedia":[{"embeddable":true,"href":"https:\/\/www.europesays.com\/es\/wp-json\/wp\/v2\/media\/594197"}],"wp:attachment":[{"href":"https:\/\/www.europesays.com\/es\/wp-json\/wp\/v2\/media?parent=594196"}],"wp:term":[{"taxonomy":"category","embeddable":true,"href":"https:\/\/www.europesays.com\/es\/wp-json\/wp\/v2\/categories?post=594196"},{"taxonomy":"post_tag","embeddable":true,"href":"https:\/\/www.europesays.com\/es\/wp-json\/wp\/v2\/tags?post=594196"}],"curies":[{"name":"wp","href":"https:\/\/api.w.org\/{rel}","templated":true}]}}