{"id":59431,"date":"2025-08-20T04:42:09","date_gmt":"2025-08-20T04:42:09","guid":{"rendered":"https:\/\/www.europesays.com\/es\/59431\/"},"modified":"2025-08-20T04:42:09","modified_gmt":"2025-08-20T04:42:09","slug":"lo-mejor-de-hoy-en-el-pais-anatomia-de-un-juicio-por-violencia-sexual-hoy-en-el-pais-tu-podcast-diario","status":"publish","type":"post","link":"https:\/\/www.europesays.com\/es\/59431\/","title":{"rendered":"Lo mejor de \u2018Hoy en EL PA\u00cdS\u2019 | Anatom\u00eda de un juicio por violencia sexual | Hoy en EL PA\u00cdS: tu podcast diario"},"content":{"rendered":"<p><img alt=\"imagen\" decoding=\"auto\" class=\"_re lazyload a_m-h\" height=\"277\"  width=\"414\"  src=\"https:\/\/www.europesays.com\/es\/wp-content\/uploads\/2025\/08\/L6PDYGZHYFEOLCIMTMDWHRFNAA.jpg\" loading=\"lazy\"\/><\/p>\n<p class=\"\">Este episodio forma parte de una selecci\u00f3n para el verano de EL PA\u00cdS Audio.<\/p>\n<p class=\"\">Este episodio se emiti\u00f3 el 13 de diciembre de 2024.<\/p>\n<p class=\"\">En el a\u00f1o 2024, varias mujeres han acusado al director Carlos Vermut de violencia sexual, y la actriz Elisa Mouila\u00e1 ha denunciado por lo mismo al exdiputado \u00cd\u00f1igo Errej\u00f3n, el cual est\u00e1 <a href=\"https:\/\/elpais.com\/espana\/madrid\/2024-12-12\/el-juez-del-caso-errejon-reabre-la-causa-y-cita-a-declarar-al-politico-y-a-mouliaa-el-16-de-enero.html\" target=\"_blank\" rel=\"nofollow noopener\">citado a declarar el pr\u00f3ximo 16 de enero<\/a>. El futbolista Dani Alves y el exdirector de Catalunya Radio Sa\u00fcl Gordillo han sido condenados por delitos de agresi\u00f3n. En otro sistema judicial, la Fiscal\u00eda francesa ha pedido la pena m\u00e1xima -de 20 a\u00f1os- para Dominique Pelicot, acusado de violar durante 10 a\u00f1os a su mujer adem\u00e1s de drogarla para que m\u00e1s de 50 hombres tambi\u00e9n abusaran de ella. En la ficci\u00f3n, se ha estrenado la serie Querer, de Alauda Ruiz de Az\u00faa.<\/p>\n<p class=\"\">Los procesos judiciales por violencia sexual no salen de la actualidad, procesos complejos que entran en la conversaci\u00f3n p\u00fablica. Dos abogados penalistas, Laia Serra (que defiende a la acusaci\u00f3n) y David Fechenbach (que suele defender a acusados), explican cada fase del proceso.<\/p>\n<p>CR\u00c9DITOS:<\/p>\n<p>Dise\u00f1o de sonido:  Nacho Taboada<\/p>\n<p>Edici\u00f3n:  Ana Ribera<\/p>\n<p>Sinton\u00eda:  Jorge Magaz<\/p>\n<p class=\"\">Para construir la informaci\u00f3n de este tema tambi\u00e9n han sido consultados las magistradas Ver\u00f3nica Ponte Garc\u00eda, Esther Erice, y la letrada Eva P\u00e9rez Nanclares.<\/p>\n<p class=\"\">Agradecimientos a Movistar Plus por la cesi\u00f3n de los derechos de fragmentos de la serie <a href=\"https:\/\/www.movistarplus.es\/series\/querer\/ficha?tipo=E&amp;id=2095288\" target=\"_blank\" rel=\"nofollow noopener\">\u2018Querer\u2019.<\/a><\/p>\n<p class=\"\">Si tienes quejas, dudas o sugerencias, escribe a <a href=\"https:\/\/elpais.com\/podcasts\/hoy-en-el-pais\/2025-08-20\/mailto:defensora@elpais.es\" title=\"https:\/\/elpais.com\/podcasts\/hoy-en-el-pais\/2025-08-20\/mailto:defensora@elpais.es\" rel=\"nofollow noopener\" target=\"_blank\">defensora@elpais.es<\/a> o manda un audio a <a href=\"https:\/\/elpais.com\/podcasts\/hoy-en-el-pais\/2025-08-20\/tel:+34649362138\" rel=\"nofollow noopener\" target=\"_blank\">+34 649362138<\/a> (no atiende llamadas).<\/p>\n<p class=\"\">Disponible en todas las plataformas de podcast: <a href=\"https:\/\/www.podiumpodcast.com\/blog\/hoy-en-el-pais-nace\/\" title=\"\" rel=\"nofollow noopener\" target=\"_blank\">Podium Podcast<\/a> | <a href=\"https:\/\/podimo.com\/es\/shows\/3cb19d3b-24ba-44a3-a269-8b79ebe5fb37\" title=\"\" rel=\"nofollow noopener\" target=\"_blank\">Podimo<\/a> | <a href=\"https:\/\/open.spotify.com\/show\/4n2SYRzAXUKDFccZ993ZEh?si=e1f2b71f38f54e9e\" rel=\"nofollow noopener\" target=\"_blank\">Spotify<\/a> | <a href=\"https:\/\/podcasts.apple.com\/es\/podcast\/hoy-en-el-pa%C3%ADs\/id1376446768\" title=\"\" rel=\"nofollow noopener\" target=\"_blank\">Apple Podcasts<\/a><a href=\"https:\/\/eur01.safelinks.protection.outlook.com\/?url=https%3A%2F%2Fpodcasts.apple.com%2Fes%2Fpodcast%2Fhoy-en-el-pa%25C3%25ADs%2Fid1376446768&amp;data=04%7C01%7CGuiomarS%40elpais.es%7C1c4b05ecb3234e5b7af708d9faedfde9%7Cc4fd49f3e15a44d882e2c909735d2e45%7C0%7C0%7C637816722330550989%7CUnknown%7CTWFpbGZsb3d8eyJWIjoiMC4wLjAwMDAiLCJQIjoiV2luMzIiLCJBTiI6Ik1haWwiLCJXVCI6Mn0%3D%7C3000&amp;sdata=Hh0Fazw5Mt%2F6wirJtMuwJzENuP0CCXG668LUJBYydjg%3D&amp;reserved=0\" rel=\"nofollow noopener\" target=\"_blank\"> <\/a>| <a href=\"https:\/\/www.ivoox.com\/podcast-hoy-el-pais_sq_f1653841_1.html\" target=\"_blank\" title=\"\" rel=\"nofollow noopener\">iVoox<\/a> | <a href=\"https:\/\/podcasts.google.com\/feed\/aHR0cHM6Ly93d3cub21ueWNvbnRlbnQuY29tL2QvcGxheWxpc3QvMjY3MDhkZmYtODI0My00OWU0LWE1YjYtYWRiNzAwZWM5Y2FlL2E3OTA2ZWIwLWQxNGItNGJjMS1hMDQ4LWFlMzAwMDlhMGU1MS8zZWMxYjFmYS01NTIwLTRiMTEtYjhmMi1hZTMwMDA5YTBlNzcvcG9kY2FzdC5yc3M?sa=X&amp;ved=0CAMQ4aUDahcKEwjQz7fX5aL2AhUAAAAAHQAAAAAQOg\" target=\"_blank\" title=\"\" rel=\"nofollow noopener\">Podcasts de Google<\/a> | <a href=\"https:\/\/music.amazon.es\/podcasts\/071dc694-e366-4ad3-b8f5-f80896922cdb\/hoy-en-el-pa%C3%ADs\" target=\"_blank\" title=\"\" rel=\"nofollow noopener\">Amazon Music<\/a> | <a href=\"https:\/\/www.amazon.es\/Las-noticias-de-EL-PA%C3%8DS\/dp\/B07DNZ28L9\/ref=sr_1_363\" target=\"_blank\" title=\"\" rel=\"nofollow noopener\">Alexa<\/a> | <a href=\"https:\/\/www.omnycontent.com\/d\/playlist\/26708dff-8243-49e4-a5b6-adb700ec9cae\/a7906eb0-d14b-4bc1-a048-ae30009a0e51\/3ec1b1fa-5520-4b11-b8f2-ae30009a0e77\/podcast.rss\" target=\"_blank\" title=\"\" rel=\"nofollow noopener\">RSS Feed<\/a><\/p>\n","protected":false},"excerpt":{"rendered":"Este episodio forma parte de una selecci\u00f3n para el verano de EL PA\u00cdS Audio. Este episodio se emiti\u00f3&hellip;\n","protected":false},"author":2,"featured_media":59432,"comment_status":"","ping_status":"","sticky":false,"template":"","format":"standard","meta":{"footnotes":""},"categories":[91],"tags":[16594,25046,25045,13540,146,147,25,24,25047,2128,2667,23,431,16595,20370],"class_list":{"0":"post-59431","1":"post","2":"type-post","3":"status-publish","4":"format-standard","5":"has-post-thumbnail","7":"category-entretenimiento","8":"tag-agresiones-sexuales","9":"tag-caso-errejon","10":"tag-caso-pelicot","11":"tag-dominique-pelicot","12":"tag-entertainment","13":"tag-entretenimiento","14":"tag-es","15":"tag-espana","16":"tag-gisele-pelicot","17":"tag-juicios","18":"tag-podcast","19":"tag-spain","20":"tag-victimas","21":"tag-violaciones","22":"tag-violencia-sexual"},"share_on_mastodon":{"url":"","error":""},"_links":{"self":[{"href":"https:\/\/www.europesays.com\/es\/wp-json\/wp\/v2\/posts\/59431","targetHints":{"allow":["GET"]}}],"collection":[{"href":"https:\/\/www.europesays.com\/es\/wp-json\/wp\/v2\/posts"}],"about":[{"href":"https:\/\/www.europesays.com\/es\/wp-json\/wp\/v2\/types\/post"}],"author":[{"embeddable":true,"href":"https:\/\/www.europesays.com\/es\/wp-json\/wp\/v2\/users\/2"}],"replies":[{"embeddable":true,"href":"https:\/\/www.europesays.com\/es\/wp-json\/wp\/v2\/comments?post=59431"}],"version-history":[{"count":0,"href":"https:\/\/www.europesays.com\/es\/wp-json\/wp\/v2\/posts\/59431\/revisions"}],"wp:featuredmedia":[{"embeddable":true,"href":"https:\/\/www.europesays.com\/es\/wp-json\/wp\/v2\/media\/59432"}],"wp:attachment":[{"href":"https:\/\/www.europesays.com\/es\/wp-json\/wp\/v2\/media?parent=59431"}],"wp:term":[{"taxonomy":"category","embeddable":true,"href":"https:\/\/www.europesays.com\/es\/wp-json\/wp\/v2\/categories?post=59431"},{"taxonomy":"post_tag","embeddable":true,"href":"https:\/\/www.europesays.com\/es\/wp-json\/wp\/v2\/tags?post=59431"}],"curies":[{"name":"wp","href":"https:\/\/api.w.org\/{rel}","templated":true}]}}