{"id":594408,"date":"2026-06-08T05:09:12","date_gmt":"2026-06-08T05:09:12","guid":{"rendered":"https:\/\/www.europesays.com\/es\/594408\/"},"modified":"2026-06-08T05:09:12","modified_gmt":"2026-06-08T05:09:12","slug":"carmen-machi-y-paco-leon-en-la-casita-de-bad-bunny-en-su-sexto-concierto-de-madrid","status":"publish","type":"post","link":"https:\/\/www.europesays.com\/es\/594408\/","title":{"rendered":"Carmen Machi y Paco Le\u00f3n, en &#8216;La Casita&#8217; de Bad Bunny en su sexto concierto de Madrid"},"content":{"rendered":"<p class=\"c-paragraph\"><a href=\"https:\/\/www.20minutos.es\/tags\/personas\/bad-bunny.html\" title=\"Bad Bunny\" rel=\"nofollow noopener\" target=\"_blank\">Bad Bunny<\/a> ha comenzado puntual, a las 20.05 horas de este domingo, el <b>sexto de sus diez conciertos en Madrid<\/b>, que, como el del d\u00eda anterior, <a href=\"https:\/\/www.20minutos.es\/nacional\/bad-bunny-concierto-papa-vigilia-avisa-jovenes-redes-sociales_6980193_0.html\" rel=\"nofollow noopener\" target=\"_blank\">coincide de lleno<\/a> con la visita del <a href=\"https:\/\/www.20minutos.es\/tags\/personas\/papa-leon-xiv.html\" title=\"Papa Le\u00f3n XIV\" rel=\"nofollow noopener\" target=\"_blank\">Papa Le\u00f3n XIV<\/a> a la capital de Espa\u00f1a.<\/p>\n<p class=\"c-paragraph\">La coincidencia de ambas citas en la capital espa\u00f1ola ha disparado las especulaciones sobre un encuentro entre el Pont\u00edfice y el cantante puertorrique\u00f1o y hasta el propio Le\u00f3n XIV ha bromeado, durante el vuelo que le tra\u00eda a Espa\u00f1a sobre la &#8216;competici\u00f3n&#8217; que librar\u00e1n ambos en Madrid, se\u00f1alando que, <b>aunque muchos ir\u00e1n a ver al cantante, tambi\u00e9n \u00abhabr\u00e1 unos cuantos para ver al Papa\u00bb<\/b>.<\/p>\n<p class=\"c-paragraph\">En cuanto al Metropolitano, el artista puertorrique\u00f1o ha tenido como invitados de excepci\u00f3n este domingo a varios actores espa\u00f1es, entre ellos <b>Carmen Machi, Paco Le\u00f3n o Canco Rodr\u00edguez<\/b>, que bailaron junto a otros asistentes, tal y como se aprecia en los v\u00eddeos de los asistentes al show distribuidos en redes sociales.<\/p>\n<p class=\"c-paragraph\">Sus nombres se unen a los de otros int\u00e9rpretes como <b>Pen\u00e9lope Cruz, Luis Tosar o Ester Exp\u00f3sito<\/b>, que ya pasaron antes por el peque\u00f1o escenario del artista en la capital. A ellos se sumaron los de Lola Lolita o Victoria Federica.<\/p>\n<p class=\"c-paragraph\">Bad Bunny congrega en cada fecha a un m\u00e1ximo de 64.000 asistentes, y tiene previstos hasta diez conciertos en Madrid, es decir, pueden ir a verlo <b>640.000 personas en diez d\u00edas<\/b>.<\/p>\n","protected":false},"excerpt":{"rendered":"Bad Bunny ha comenzado puntual, a las 20.05 horas de este domingo, el sexto de sus diez conciertos&hellip;\n","protected":false},"author":2,"featured_media":594409,"comment_status":"","ping_status":"","sticky":false,"template":"","format":"standard","meta":{"footnotes":""},"categories":[174],"tags":[14750,110585,255,146,147,25,24,256,4108,79510,1047,23],"class_list":["post-594408","post","type-post","status-publish","format-standard","has-post-thumbnail","category-famosos","tag-carmen","tag-casita","tag-celebrities","tag-entertainment","tag-entretenimiento","tag-es","tag-espana","tag-famosos","tag-leon","tag-machi","tag-paco","tag-spain"],"share_on_mastodon":{"url":"https:\/\/pubeurope.com\/@es\/116712765291786396","error":""},"_links":{"self":[{"href":"https:\/\/www.europesays.com\/es\/wp-json\/wp\/v2\/posts\/594408","targetHints":{"allow":["GET"]}}],"collection":[{"href":"https:\/\/www.europesays.com\/es\/wp-json\/wp\/v2\/posts"}],"about":[{"href":"https:\/\/www.europesays.com\/es\/wp-json\/wp\/v2\/types\/post"}],"author":[{"embeddable":true,"href":"https:\/\/www.europesays.com\/es\/wp-json\/wp\/v2\/users\/2"}],"replies":[{"embeddable":true,"href":"https:\/\/www.europesays.com\/es\/wp-json\/wp\/v2\/comments?post=594408"}],"version-history":[{"count":0,"href":"https:\/\/www.europesays.com\/es\/wp-json\/wp\/v2\/posts\/594408\/revisions"}],"wp:featuredmedia":[{"embeddable":true,"href":"https:\/\/www.europesays.com\/es\/wp-json\/wp\/v2\/media\/594409"}],"wp:attachment":[{"href":"https:\/\/www.europesays.com\/es\/wp-json\/wp\/v2\/media?parent=594408"}],"wp:term":[{"taxonomy":"category","embeddable":true,"href":"https:\/\/www.europesays.com\/es\/wp-json\/wp\/v2\/categories?post=594408"},{"taxonomy":"post_tag","embeddable":true,"href":"https:\/\/www.europesays.com\/es\/wp-json\/wp\/v2\/tags?post=594408"}],"curies":[{"name":"wp","href":"https:\/\/api.w.org\/{rel}","templated":true}]}}