{"id":594846,"date":"2026-06-08T11:07:12","date_gmt":"2026-06-08T11:07:12","guid":{"rendered":"https:\/\/www.europesays.com\/es\/594846\/"},"modified":"2026-06-08T11:07:12","modified_gmt":"2026-06-08T11:07:12","slug":"el-calzado-rey-del-verano-es-este-modelo-de-zapatillas-vans-con-una-oferta-sobresaliente-antes-de-amazon-prime-day-ofertas-y-descuentos-escaparate","status":"publish","type":"post","link":"https:\/\/www.europesays.com\/es\/594846\/","title":{"rendered":"El calzado rey del verano es este modelo de zapatillas Vans con una oferta sobresaliente antes de Amazon Prime Day | Ofertas y descuentos | Escaparate"},"content":{"rendered":"<p class=\"\">El calzado es uno de los complementos de moda fundamentales y una pieza clave que define un estilo propio y aporta una personalidad diferenciada. Por eso mismo, en <a href=\"https:\/\/elpais.com\/escaparate\/\" target=\"_blank\" rel=\"nofollow noopener\" title=\"https:\/\/elpais.com\/escaparate\/\"><b>EL PA\u00cdS Escaparate<\/b><\/a><b> <\/b>nos gusta destacar las sneakers m\u00e1s en tendencia a <b>precios de aut\u00e9ntico chollo.<\/b> Y el verano es la \u00e9poca perfecta para estrenar aquellos modelos de marcas <b>top ventas<\/b> que siempre has deseado tener en el zapatero. Si, adem\u00e1s, coincide con el adelanto de <a href=\"https:\/\/elpais.com\/escaparate\/ofertas-y-descuentos\/cuando-es-el-prime-day-2026.html\" target=\"_blank\" rel=\"nofollow noopener\" title=\"https:\/\/elpais.com\/escaparate\/ofertas-y-descuentos\/cuando-es-el-prime-day-2026.html\">Amazon Prime Day,<\/a> el descuento est\u00e1 asegurado: como sucede con estas <b>Vans Atwood<\/b>. <\/p>\n<p class=\"\">Se trata de un calzado masculino que <b>roza el 40% de descuento<\/b> en el gigante del comercio electr\u00f3nico en el arranque del mes de junio, <b>rozando las 30.000 valoraciones.<\/b> Puede que no sean las m\u00e1s conocidas de esta firma ic\u00f3nica, con permiso de las Old Skool, pero a este precio de derribo no pueden faltar para complementar cualquier look: desde acudir a un festival, a llevarlas a la oficina o en muchos otros planes informales. <\/p>\n<p class=\"\"><b>38% de descuento, ahorra 25 euros.<\/b> <\/p>\n<p><img alt=\"zapatillas vans hombre\u200b en oferta\" decoding=\"auto\" class=\"_re lazyload a_m-h\" height=\"233\"  width=\"414\"  src=\"https:\/\/www.europesays.com\/es\/wp-content\/uploads\/2026\/06\/H77R4VJMIVENXAJXJXNCZBUBHQ.png\" loading=\"lazy\" fetchpriority=\"low\"\/>Vista lateral de las zapatillas Vans Atwood, con casi un 40% de descuento.CORTES\u00cdA DE AMAZONZapatillas Vans Atwood en oferta: el calzado urbano m\u00e1s polivalente del verano <\/p>\n<p class=\"\">Si hay un comentario a destacar de uno de tantos usuarios que se han hecho con estas sneakers vers\u00e1tiles es el siguiente: \u201cVans nunca falla: son c\u00f3modas, bonitas y f\u00e1ciles de combinar. La talla es correcta y los materiales se sienten de buena calidad\u201d. Y no solo lo afirman los amantes del skate, su comodidad y durabilidad las convierten en un<b> calzado todoterreno para el asfalto:<\/b> su dise\u00f1o minimalista no deja de seducir a nuevos compradores. <\/p>\n<p class=\"\"><b>Combinan con todo lo que le pongas al lado,<\/b> ya sea una <a href=\"https:\/\/elpais.com\/escaparate\/estilo-de-vida\/2026-03-09\/camiseta-basica-blanca-hombre.html\" target=\"_blank\" rel=\"nofollow noopener\" title=\"https:\/\/elpais.com\/escaparate\/estilo-de-vida\/2026-03-09\/camiseta-basica-blanca-hombre.html\">camiseta blanca<\/a>, un <a href=\"https:\/\/elpais.com\/escaparate\/estilo-de-vida\/2026-05-18\/polos-manga-corta-hombre-estilo-deportivo.html\" target=\"_blank\" rel=\"nofollow noopener\" title=\"https:\/\/elpais.com\/escaparate\/estilo-de-vida\/2026-05-18\/polos-manga-corta-hombre-estilo-deportivo.html\">polo<\/a> elegante, unos <a href=\"https:\/\/elpais.com\/escaparate\/estilo-de-vida\/2025-10-25\/vaqueros-hombre-otono.html\" target=\"_blank\" rel=\"nofollow noopener\" title=\"https:\/\/elpais.com\/escaparate\/estilo-de-vida\/2025-10-25\/vaqueros-hombre-otono.html\">vaqueros<\/a> sencillos o un <a href=\"https:\/\/elpais.com\/escaparate\/estilo-de-vida\/pantalones-cortos-cargo-para-hombre.html\" target=\"_blank\" rel=\"nofollow noopener\" title=\"https:\/\/elpais.com\/escaparate\/estilo-de-vida\/pantalones-cortos-cargo-para-hombre.html\">pantal\u00f3n corto de tipo jogger<\/a>. Y lo hacen sin llamar la atenci\u00f3n: gracias a su color negro en el upper (la zona superior) y el contraste con el blanco en la mediasuela. Acabadas en ca\u00f1a baja, la lona fomenta la transpiraci\u00f3n, adem\u00e1s de presentar una <b>leng\u00fceta y cuello acolchados <\/b>junto a dobles costuras resistentes. <\/p>\n<p class=\"\"><b>38% de descuento, ahorra 25 euros.<\/b> <\/p>\n<p><img alt=\"zapatillas vans hombre\u200b en oferta\" decoding=\"auto\" class=\"_re lazyload a_m-h\" height=\"233\"  width=\"414\"  src=\"https:\/\/www.europesays.com\/es\/wp-content\/uploads\/2026\/06\/ZR7JAC35HZHUPB3EFVNVKEC55U.png\" loading=\"lazy\" fetchpriority=\"low\"\/>Zapatillas Vans con dise\u00f1o minimalista y agarre superior en su suela.CORTES\u00cdA DE AMAZONZapatillas Vans Atwood para hombre: a la venta en m\u00faltiples tallas<\/p>\n<p class=\"\">Otra de las caracter\u00edsticas que m\u00e1s cautivan a los enamorados de este tipo de <b>zapatillas Vans en oferta<\/b> es su<b> suela de goma <\/b>con patr\u00f3n de gofre. Confeccionada en materiales muy duros, no solo es ideal para realizar actividades deportivas como patinar o deslizarse en monopat\u00edn, tambi\u00e9n soportan todo tipo de desgastes contra el suelo (incluyendo caminatas diarias). Todo ello favorece un<b> agarre pr\u00e9mium <\/b>en terrenos variados debido a la estructura vulcanizada de su goma. <\/p>\n<p class=\"\">El magnetismo de este calzado para hombre no pasa de moda temporada tras temporada y es algo que Vans tiene muy presente, una marca de calzado que lleva seis d\u00e9cadas dejando una impronta permanente en el mundo de la moda m\u00e1s urbana. \u201cSon mis primeras Vans y estoy encantado, adem\u00e1s de c\u00f3modas y m\u00e1s robustas de lo que parecen. Quedan bien con todo\u201d, asegura, satisfecho, un usuario.<b> Ahorra 25 euros <\/b>en cualquier talla que prefieras, <b>desde la 36 hasta la 50.<\/b><\/p>\n<p class=\"\"><b>38% de descuento, ahorra 25 euros.<\/b> <\/p>\n<p><img alt=\"zapatillas vans hombre\u200b en oferta\" decoding=\"auto\" class=\"_re lazyload a_m-h\" height=\"233\"  width=\"414\"  src=\"https:\/\/www.europesays.com\/es\/wp-content\/uploads\/2026\/06\/EEO2RMYHAZHHJK6PZFOZJVAZ3Y.png\" loading=\"lazy\" fetchpriority=\"low\"\/>Zapatillas Vans para hombre en oferta y a la venta en m\u00faltiples tallas.CORTES\u00cdA DE AMAZON<\/p>\n<p class=\"\">[Recuerda que si eres usuario de Amazon Prime, todas las compras tienen gastos de env\u00edo gratuitos. Amazon ofrece un per\u00edodo de prueba gratuito y sin compromiso durante 30 d\u00edas.]<\/p>\n<p class=\"\">*Todos los precios de compra incluidos en este art\u00edculo est\u00e1n actualizados a 8 de junio de 2026.<\/p>\n<p class=\"\">Puedes seguir a EL PA\u00cdS ESCAPARATE en <a href=\"https:\/\/www.instagram.com\/escaparate.elpais\/\" target=\"_blank\" rel=\"nofollow noopener\" title=\"https:\/\/www.instagram.com\/escaparate.elpais\/\">Instagram<\/a>, o suscribirte aqu\u00ed a nuestra<a href=\"https:\/\/plus.elpais.com\/newsletters\/lnp\/1\/365\/?prm=not_landingnwl_esc\" target=\"_blank\" rel=\"nofollow noopener\" title=\"https:\/\/plus.elpais.com\/newsletters\/lnp\/1\/365\/?prm=not_landingnwl_esc\"> Newsletter<\/a>.<\/p>\n<p>* Nuestros periodistas recomiendan de forma rigurosa e independiente productos y servicios que puedes adquirir en Internet. Cada vez que compras a trav\u00e9s de algunos enlaces a\u00f1adidos al texto, EL PA\u00cdS recibe una comisi\u00f3n. <a href=\"https:\/\/elpais.com\/elpais\/2017\/05\/05\/escaparate\/1493975850_576536.html\" target=\"_blank\" rel=\"noopener nofollow\">Lee aqu\u00ed<\/a> nuestra pol\u00edtica comercial.<\/p>\n<p><script async src=\"\/\/www.instagram.com\/embed.js\"><\/script><\/p>\n","protected":false},"excerpt":{"rendered":"El calzado es uno de los complementos de moda fundamentales y una pieza clave que define un estilo&hellip;\n","protected":false},"author":2,"featured_media":594847,"comment_status":"","ping_status":"","sticky":false,"template":"","format":"standard","meta":{"footnotes":""},"categories":[81],"tags":[912,39478,5654,119,123,124,1776,25,24,3832,8108,117,121,122,23,118,120,47606,1793],"class_list":["post-594846","post","type-post","status-publish","format-standard","has-post-thumbnail","category-ciencia-y-tecnologia","tag-amazon","tag-amazon-prime-day","tag-calzado","tag-ciencia","tag-ciencia-y-tecnologia","tag-cienciaytecnologia","tag-comercio-electronico","tag-es","tag-espana","tag-moda-hombre","tag-rebajas","tag-science","tag-science-and-technology","tag-scienceandtechnology","tag-spain","tag-technology","tag-tecnologia","tag-vans","tag-verano"],"share_on_mastodon":{"url":"https:\/\/pubeurope.com\/@es\/116714173839470169","error":""},"_links":{"self":[{"href":"https:\/\/www.europesays.com\/es\/wp-json\/wp\/v2\/posts\/594846","targetHints":{"allow":["GET"]}}],"collection":[{"href":"https:\/\/www.europesays.com\/es\/wp-json\/wp\/v2\/posts"}],"about":[{"href":"https:\/\/www.europesays.com\/es\/wp-json\/wp\/v2\/types\/post"}],"author":[{"embeddable":true,"href":"https:\/\/www.europesays.com\/es\/wp-json\/wp\/v2\/users\/2"}],"replies":[{"embeddable":true,"href":"https:\/\/www.europesays.com\/es\/wp-json\/wp\/v2\/comments?post=594846"}],"version-history":[{"count":0,"href":"https:\/\/www.europesays.com\/es\/wp-json\/wp\/v2\/posts\/594846\/revisions"}],"wp:featuredmedia":[{"embeddable":true,"href":"https:\/\/www.europesays.com\/es\/wp-json\/wp\/v2\/media\/594847"}],"wp:attachment":[{"href":"https:\/\/www.europesays.com\/es\/wp-json\/wp\/v2\/media?parent=594846"}],"wp:term":[{"taxonomy":"category","embeddable":true,"href":"https:\/\/www.europesays.com\/es\/wp-json\/wp\/v2\/categories?post=594846"},{"taxonomy":"post_tag","embeddable":true,"href":"https:\/\/www.europesays.com\/es\/wp-json\/wp\/v2\/tags?post=594846"}],"curies":[{"name":"wp","href":"https:\/\/api.w.org\/{rel}","templated":true}]}}