{"id":59492,"date":"2025-08-20T05:31:08","date_gmt":"2025-08-20T05:31:08","guid":{"rendered":"https:\/\/www.europesays.com\/es\/59492\/"},"modified":"2025-08-20T05:31:08","modified_gmt":"2025-08-20T05:31:08","slug":"los-residentes-de-kiev-creen-que-zelenski-no-se-plegara-a-las-exigencias-de-putin","status":"publish","type":"post","link":"https:\/\/www.europesays.com\/es\/59492\/","title":{"rendered":"Los residentes de Kiev creen que Zelenski no se plegar\u00e1 a las exigencias de Putin"},"content":{"rendered":"<p>\n  Por&amp;nbsp<b>Euronews<\/b>&amp;nbspcon&amp;nbsp<b>AP<\/b>\n<\/p>\n<p>\n                    Publicado                 19\/08\/2025 &#8211; 21:50 CEST<br \/>\n                \u2022Ultima actualizaci\u00f3n<br \/>\n                                     21:57\n                                        <\/p>\n<p>          <img decoding=\"async\" class=\"c-ad__placeholder__logo\" src=\"https:\/\/static.euronews.com\/website\/images\/logos\/logo-euronews-stacked-outlined-72x72-grey-9.svg\" width=\"72\" height=\"72\" alt=\"\" loading=\"lazy\"\/><br \/>\n          PUBLICIDAD<\/p>\n<p><strong>Los habitantes de Kiev contuvieron la respiraci\u00f3n<\/strong> <a href=\"https:\/\/es.euronews.com\/2025\/08\/19\/zelenski-ofrece-comprar-armas-a-trump-por-100000-millones-para-obtener-garantias-de-seguri\" rel=\"nofollow noopener\" target=\"_blank\">mientras segu\u00edan de cerca las reuniones <\/a>entre el presidente ucraniano, Volod\u00edmir Zelenski, el presidente estadounidense, Donald Trump, y l\u00edderes europeos.<\/p>\n<p>Durante la cumbre, Trump expres\u00f3 su esperanza de que \u00e9l y <a href=\"https:\/\/es.euronews.com\/2025\/08\/14\/zelenski-y-los-lideres-europeos-asistiran-a-conversaciones-tras-la-cumbre-de-alaska-con-pu\" rel=\"nofollow noopener\" target=\"_blank\">Zelenski mantuvieran pronto conversaciones<\/a> con el presidente ruso, Vladimir Putin, con el objetivo de poner fin a la guerra total de Rusia en Ucrania, que ya ha entrado en su cuarto a\u00f1o.<\/p>\n<p>Tras concluir las reuniones, <strong>Trump telefone\u00f3 a Putin para iniciar las conversaciones a tres bandas<\/strong>. Volodimr Novitski, que vive en la capital ucraniana, dijo que se puede lograr una tregua, pero que no ser\u00e1 el fin de la guerra. \u00abAunque haya una tregua, este enemigo no se detendr\u00e1 dentro de la frontera que tiene ahora\u00bb.<\/p>\n<p><a href=\"https:\/\/es.euronews.com\/2025\/08\/19\/zelenski-ofrece-comprar-armas-a-trump-por-100000-millones-para-obtener-garantias-de-seguri\" rel=\"nofollow noopener\" target=\"_blank\">\u00abNo me gustar\u00eda estar en el lugar de Zelensk<\/a>i\u00bb, dijo Svetlana Gerasimenko, residente en Kiev. \u00abNo ceder\u00e1 a los deseos de Putin, <strong>pero es dif\u00edcil pensar c\u00f3mo se desarrollar\u00e1 la situaci\u00f3n en el futuro<\/strong>\u00ab. El analista pol\u00edtico Oleh Saakian dijo que la reuni\u00f3n transcurri\u00f3 \u00absatisfactoriamente\u00bb.<\/p>\n<p>\u00abTrump no sali\u00f3 a decir que <a href=\"https:\/\/es.euronews.com\/my-europe\/2025\/05\/14\/la-ue-acuerda-nuevas-sanciones-a-rusia-y-amenaza-con-mas-si-putin-rechaza-el-alto-el-fuego\" rel=\"nofollow noopener\" target=\"_blank\">reforzaba las sanciones contra Rusia.<\/a> Pero vivimos en una cierta realidad. La tarea de esta reuni\u00f3n era evitar que <strong>Trump presionara a Ucrania con las exigencias rusas<\/strong>. Lo logramos al 100%\u00bb, dijo Saakian.<\/p>\n<p>\u00abPara Ucrania, la reuni\u00f3n con Putin es importante para demostrar a Trump si Rusia est\u00e1 realmente dispuesta a poner fin a la guerra. <strong>Es importante demostrar que Ucrania ha hecho todo lo posible<\/strong> por su parte\u00bb, explic\u00f3. \u00abNo creo que nadie en Ucrania tenga la ilusi\u00f3n de que una reuni\u00f3n con Putin pueda traer la paz de repente\u00bb.<\/p>\n<p>Zelenski y los l\u00edderes europeos dijeron que Putin ha exigido que Ucrania entregue el Donbas en el este de Ucrania, <strong>que ha visto algunos de los combates m\u00e1s intensos durante m\u00e1s de una d\u00e9cada<\/strong>, desde la invasi\u00f3n inicial de Rusia en 2014.<\/p>\n<p>&#8216;Euronews&#8217; <a href=\"https:\/\/es.euronews.com\/2025\/08\/18\/rusia-no-puede-apoderarse-de-toda-la-region-de-donetsk-a-menos-que-ucrania-se-retire-de-el\" rel=\"nofollow noopener\" target=\"_blank\">inform\u00f3 anteriormente de que Rusia<\/a> ser\u00eda incapaz de apoderarse de Donetsk -que conforma el Donb\u00e1s junto con otra regi\u00f3n oriental, Luhansk- <strong>a menos que Ucrania se retire de ella<\/strong>, seg\u00fan el &#8216;think-tank&#8217; estadounidense Instituto para el Estudio de la Guerra.<\/p>\n","protected":false},"excerpt":{"rendered":"Por&amp;nbspEuronews&amp;nbspcon&amp;nbspAP Publicado 19\/08\/2025 &#8211; 21:50 CEST \u2022Ultima actualizaci\u00f3n 21:57 PUBLICIDAD Los habitantes de Kiev contuvieron la respiraci\u00f3n mientras&hellip;\n","protected":false},"author":2,"featured_media":59493,"comment_status":"","ping_status":"","sticky":false,"template":"","format":"standard","meta":{"footnotes":""},"categories":[42],"tags":[17,18,13,14,7419,11,61,62,63,64,19,20,10456,9,10,15,16,7354,12,21,22,7083,14181,65,66,67],"class_list":{"0":"post-59492","1":"post","2":"type-post","3":"status-publish","4":"format-standard","5":"has-post-thumbnail","7":"category-internacional","8":"tag-breaking-news","9":"tag-breakingnews","10":"tag-featured-news","11":"tag-featurednews","12":"tag-guerra-en-ucrania","13":"tag-headlines","14":"tag-internacional","15":"tag-international","16":"tag-international-news","17":"tag-internationalnews","18":"tag-latest-news","19":"tag-latestnews","20":"tag-moscu","21":"tag-news","22":"tag-noticias","23":"tag-noticias-destacadas","24":"tag-noticiasdestacadas","25":"tag-rusia-ucrania-invasion","26":"tag-titulares","27":"tag-ultimas-noticias","28":"tag-ultimasnoticias","29":"tag-vladimir-putin","30":"tag-volodimir-zelenski","31":"tag-world","32":"tag-world-news","33":"tag-worldnews"},"share_on_mastodon":{"url":"","error":""},"_links":{"self":[{"href":"https:\/\/www.europesays.com\/es\/wp-json\/wp\/v2\/posts\/59492","targetHints":{"allow":["GET"]}}],"collection":[{"href":"https:\/\/www.europesays.com\/es\/wp-json\/wp\/v2\/posts"}],"about":[{"href":"https:\/\/www.europesays.com\/es\/wp-json\/wp\/v2\/types\/post"}],"author":[{"embeddable":true,"href":"https:\/\/www.europesays.com\/es\/wp-json\/wp\/v2\/users\/2"}],"replies":[{"embeddable":true,"href":"https:\/\/www.europesays.com\/es\/wp-json\/wp\/v2\/comments?post=59492"}],"version-history":[{"count":0,"href":"https:\/\/www.europesays.com\/es\/wp-json\/wp\/v2\/posts\/59492\/revisions"}],"wp:featuredmedia":[{"embeddable":true,"href":"https:\/\/www.europesays.com\/es\/wp-json\/wp\/v2\/media\/59493"}],"wp:attachment":[{"href":"https:\/\/www.europesays.com\/es\/wp-json\/wp\/v2\/media?parent=59492"}],"wp:term":[{"taxonomy":"category","embeddable":true,"href":"https:\/\/www.europesays.com\/es\/wp-json\/wp\/v2\/categories?post=59492"},{"taxonomy":"post_tag","embeddable":true,"href":"https:\/\/www.europesays.com\/es\/wp-json\/wp\/v2\/tags?post=59492"}],"curies":[{"name":"wp","href":"https:\/\/api.w.org\/{rel}","templated":true}]}}