{"id":594956,"date":"2026-06-08T12:28:12","date_gmt":"2026-06-08T12:28:12","guid":{"rendered":"https:\/\/www.europesays.com\/es\/594956\/"},"modified":"2026-06-08T12:28:12","modified_gmt":"2026-06-08T12:28:12","slug":"volver-la-puerta-siempre-esta-abierta-esta-es-mi-casa","status":"publish","type":"post","link":"https:\/\/www.europesays.com\/es\/594956\/","title":{"rendered":"\u00ab\u00bfVolver? La puerta siempre est\u00e1 abierta. Esta es mi casa\u00bb"},"content":{"rendered":"<p style=\"\">Al entrar en la sala de prensa del Bilbao Arena, sumido en el silencio tras un a\u00f1o de estruendo, lo primero que se ve\u00eda era  &#8230; un cartel con tres fotograf\u00edas de Melwin Pantzar. En cada una de ellas vest\u00eda una camiseta diferente y se apreciaba adem\u00e1s un cambio f\u00edsico importante, desde su primer a\u00f1o en el Surne Bilbao en el que parec\u00eda un chaval hasta el tercero en el que devolv\u00eda la imagen de un jugador hecho y poderoso. En la parte de abajo pod\u00eda leerse: &#8216;Eskerrik asko, tack&#8217;, gracias en euskera y sueco. De esta manera ha querido despedir este lunes el club al base n\u00f3rdico, quien lleg\u00f3 en 2023 y ahora se marcha al Unicaja. Al acto acudieron la presidenta Isabel Iturbe y miembros del consejo, tambi\u00e9n el director deportivo Rafa Pueyo, el m\u00edtico Txipi -delegado de campo-, el cuerpo t\u00e9cnico con Jaume Ponsarnau a la cabeza, el m\u00e9dico Javi Gil y tambi\u00e9n Harald Frey y Bassala Bagayoko. \u00abEs un club incre\u00edble, con gente magn\u00edfica. Si alguien me pregunta, siempre dir\u00e9 que aqu\u00ed no hay nada negativo\u00bb, dijo Pantzar en su intervenci\u00f3n.<\/p>\n<p class=\"v-d-p\" style=\"\">No par\u00f3 hasta \u00abdar las gracias\u00bb a todos y cada uno de los miembros del club, centrado en olvidarse de nadie. Tuvo palabras de cari\u00f1o para los miembros del consejo, fisios, m\u00e9dicos, delegados, departamento de comunicaci\u00f3n, oficinas, empleados&#8230; pero las referencias a Pueyo y Ponsarnau no paraban de vertebrar su discurso. Al fin y al cabo fueron ellos los que le trajeron y le dieron una oportunidad en la ACB. \u00abGracias por ficharme del Valladolid. Jugaba en la LEB Oro y no muchos equipos me quer\u00edan. Rafa y el club apostaron por m\u00ed. Sin los entrenadores -aqu\u00ed se refiri\u00f3 a todo el staff- hubiera sido dif\u00edcil adaptarme a la liga. No voy a tener nunca un t\u00e9cnico como Jaume\u00bb, afirm\u00f3 el sueco, quien adem\u00e1s agradeci\u00f3 a Javi Salgado sus ense\u00f1anzas sobre el \u00abpick and roll, pases, tiros&#8230;\u00bb. Cuando se le pregunt\u00f3 si alg\u00fan d\u00eda podr\u00eda volver a vestir la camiseta de los hombres de negro, Pantzar no dud\u00f3 ni un segundo. \u00ab\u00bfVolver? La puerta siempre est\u00e1 abierta. Es mi casa, as\u00ed que nunca se sabe\u00bb.<\/p>\n<p class=\"v-d-p\" style=\"\">El base, quien se marcha despu\u00e9s de 153 partidos con el Surne Bilbao -102 en la ACB y 51 en la FIBA Europe Cup-, solo se lleva recuerdos entra\u00f1ables de una ciudad, club y pabell\u00f3n que considera suyos. \u00abNunca hubiera podido imaginar que ganar\u00edamos dos t\u00edtulos europeos, jugar el play-off&#8230; Es un \u00e9xito. La afici\u00f3n es incre\u00edble porque apoya en los buenos y en los malos momentos. Llevar\u00e9 a todos en mi coraz\u00f3n para siempre\u00bb, traslad\u00f3 Pantzar, quien tambi\u00e9n habl\u00f3 de c\u00f3mo ha evolucionado en estos tres a\u00f1os. \u00abSoy mucho m\u00e1s maduro y es por la oportunidad que me han dado el club y el &#8216;coach&#8217; (Ponsarnau). Soy m\u00e1s listo jugando\u00bb. Subray\u00f3 que en el proceso ha ido empap\u00e1ndose de la sabidur\u00eda y consejos de gente veterana en la cancha y el vestuario como \u00abRabaseda, Renfroe, Hilliard, Marvin Jones&#8230;\u00bb.<\/p>\n<p>\nEl partido m\u00e1s especial\n<\/p>\n<p class=\"v-d-p\" style=\"\">As\u00ed que ha crecido hasta convertirse en uno de los mejores bases de la Liga Endesa. De hecho, ha acabado el campeonato con un 16,8 de valoraci\u00f3n, dato que solo superan el baskonista Trent Forrest y Ricky Rubio, del Joventut. En su \u00faltima temporada, Pantzar ha promediado 11 puntos, con un 42,9% en triples, 4,3 rebotes y 4, 3 asistencias. Y hay m\u00e1s: ha sido el jugador m\u00e1s valorado del Surne Bilbao (589), el m\u00e1ximo asistente (150), el m\u00e1ximo recuperador (40), el que m\u00e1s minutos ha consumido en la cancha (866,8), el que m\u00e1s veces ha ido a la l\u00ednea de los tiros libres (142) y el que m\u00e1s faltas ha recibido (165). Un &#8216;uno&#8217; total que ahora se va al Unicaja, que le fich\u00f3 el a\u00f1o pasado y le dej\u00f3 cedido un curso m\u00e1s como hombre de negro. \u00abEs un ejemplo para cualquiera que venga\u00bb, se\u00f1al\u00f3 Pueyo en referencia a su comportamiento dentro y fuera de la cancha.<\/p>\n<p class=\"v-d-p\" style=\"\">El director deportivo del Surne no tuvo ning\u00fan conveniente en decir que \u00abse nos va uno de los mejores jugadores de la historia del club. En Bilbao siempre tendr\u00e1s tu casa y familia, espero que siempre nos lleves contigo\u00bb. \u00c9l, sentado al lado, asinti\u00f3 con la cabeza. Una y otra vez. \u00abT\u00fa crec\u00edas y a tu lado lo hac\u00eda el equipo. Gracias por tu compromiso y trabajo. Tu nombre formar\u00e1 parte de la historia del club. Sabemos que seguir\u00e1s triunfando\u00bb, a\u00f1adi\u00f3 Iturbe. Pantzar se mantuvo entero, decidido a no llorar. Lo consigui\u00f3 a duras penas en su adi\u00f3s de la afici\u00f3n el viernes y se propuso continuar entero. Cuando se le pregunt\u00f3 por su partido m\u00e1s especial como hombre de negro, el sueco lo ten\u00eda claro. \u00abEl del PAOK all\u00ed, cuando ganamos nuestro primer t\u00edtulo. Fue muy lindo\u00bb. \u00bfY el momento m\u00e1s feliz? \u00abCuando naci\u00f3 mi hijo. Jugamos contra el Gran Canaria. Jaume me dio 10-12 d\u00edas para irme a Suecia. Eso dice mucho de qu\u00e9 clase de persona estamos hablando\u00bb.<\/p>\n<p class=\"v-d-p\" style=\"\">El base no se olvid\u00f3 de sus compa\u00f1eros, que se han convertido en amigos. \u00abVoy a tener hermanos para toda la vida\u00bb. Destac\u00f3 la importancia que se da a la calidad de la persona antes de contratarla. \u00abEs la cultura del club. Nunca hemos tenido a jugadores que se hayan comportado mal. Rafa ficha a buenas personas\u00bb, alab\u00f3 al director deportivo. Cuando se le cuestion\u00f3 por su regreso a Miribilla con otra camiseta, Pantzar admiti\u00f3 que se sentir\u00e1 \u00abmuy raro. Ojal\u00e1 me den cari\u00f1o, pero en la cancha ya veremos&#8230;\u00bb, solt\u00f3 entre risas y dirigi\u00e9ndose a Frey, quien ser\u00e1 uno de los encargados de defenderle. \u00abVa a estar bien\u00bb, avanz\u00f3. \u00bfC\u00f3mo ve el futuro del club que deja? \u00abMuy bien. Vamos a jugar la Champions o la EuroCup -segu\u00eda hablando en primera persona de plural- y Rafa siempre ficha bien. Traer\u00e1 a buenos jugadores. Yo estar\u00eda calmado y con ilusi\u00f3n\u00bb. Entonces escuch\u00f3 aplausos, se hizo fotos y se march\u00f3. Melwin Pantzar ya es historia en el Surne Bilbao.<\/p>\n","protected":false},"excerpt":{"rendered":"Al entrar en la sala de prensa del Bilbao Arena, sumido en el silencio tras un a\u00f1o de&hellip;\n","protected":false},"author":2,"featured_media":594957,"comment_status":"","ping_status":"","sticky":false,"template":"","format":"standard","meta":{"footnotes":""},"categories":[269],"tags":[3109,299,298,385,168,25,24,740,369,23,167,865],"class_list":["post-594956","post","type-post","status-publish","format-standard","has-post-thumbnail","category-baloncesto","tag-abierta","tag-baloncesto","tag-basketball","tag-casa","tag-deportes","tag-es","tag-espana","tag-puerta","tag-siempre","tag-spain","tag-sports","tag-volver"],"share_on_mastodon":{"url":"","error":""},"_links":{"self":[{"href":"https:\/\/www.europesays.com\/es\/wp-json\/wp\/v2\/posts\/594956","targetHints":{"allow":["GET"]}}],"collection":[{"href":"https:\/\/www.europesays.com\/es\/wp-json\/wp\/v2\/posts"}],"about":[{"href":"https:\/\/www.europesays.com\/es\/wp-json\/wp\/v2\/types\/post"}],"author":[{"embeddable":true,"href":"https:\/\/www.europesays.com\/es\/wp-json\/wp\/v2\/users\/2"}],"replies":[{"embeddable":true,"href":"https:\/\/www.europesays.com\/es\/wp-json\/wp\/v2\/comments?post=594956"}],"version-history":[{"count":0,"href":"https:\/\/www.europesays.com\/es\/wp-json\/wp\/v2\/posts\/594956\/revisions"}],"wp:featuredmedia":[{"embeddable":true,"href":"https:\/\/www.europesays.com\/es\/wp-json\/wp\/v2\/media\/594957"}],"wp:attachment":[{"href":"https:\/\/www.europesays.com\/es\/wp-json\/wp\/v2\/media?parent=594956"}],"wp:term":[{"taxonomy":"category","embeddable":true,"href":"https:\/\/www.europesays.com\/es\/wp-json\/wp\/v2\/categories?post=594956"},{"taxonomy":"post_tag","embeddable":true,"href":"https:\/\/www.europesays.com\/es\/wp-json\/wp\/v2\/tags?post=594956"}],"curies":[{"name":"wp","href":"https:\/\/api.w.org\/{rel}","templated":true}]}}