{"id":595064,"date":"2026-06-08T13:55:19","date_gmt":"2026-06-08T13:55:19","guid":{"rendered":"https:\/\/www.europesays.com\/es\/595064\/"},"modified":"2026-06-08T13:55:19","modified_gmt":"2026-06-08T13:55:19","slug":"cuanto-vale-el-nuevo-skoda-epiq-que-se-fabrica-en-volkswagen-navarra","status":"publish","type":"post","link":"https:\/\/www.europesays.com\/es\/595064\/","title":{"rendered":"\u00bfCu\u00e1nto vale el nuevo Skoda Epiq que se fabrica en Volkswagen Navarra?"},"content":{"rendered":"<p>\n        La planta de <a href=\"https:\/\/www.noticiasdenavarra.com\/tags\/volkswagen-navarra\/\" title=\"Volkswagen Navarra\" target=\"_blank\" class=\"link copy\" rel=\"nofollow noopener\">Volkswagen Navarra<\/a> ha iniciado la producci\u00f3n en serie del <strong>nuevo \u0160koda Epiq,<\/strong> un modelo totalmente el\u00e9ctrico que llegar\u00e1 al mercado espa\u00f1ol con un <strong>precio de partida de 22.800 euros<\/strong> y que se convierte en la puerta de entrada a la gama el\u00e9ctrica de la marca checa.\n<\/p>\n<p class=\"article-body__text \">\n        <strong>El arranque de la fabricaci\u00f3n supone un hito tanto para \u0160koda como para la factor\u00eda navarra. <\/strong>El Epiq es el primer modelo de la firma checa producido en Espa\u00f1a y el segundo de su gama europea que se ensambla fuera de la Rep\u00fablica Checa. Su fabricaci\u00f3n en Landaben refuerza adem\u00e1s la estrategia industrial del Grupo Volkswagen para los <strong>veh\u00edculos el\u00e9ctricos urbanos<\/strong>, ya que los cuatro modelos de esta nueva familia \u2014de las marcas CUPRA, Volkswagen y \u0160koda\u2014 se producir\u00e1n en plantas espa\u00f1olas.\n<\/p>\n<p class=\"article-body__text \">\n        El nuevo Epiq est\u00e1 llamado a desempe\u00f1ar un papel clave en la expansi\u00f3n el\u00e9ctrica de \u0160koda. Construido sobre la nueva plataforma MEB+, es tambi\u00e9n el primer veh\u00edculo de la marca que incorpora plenamente el nuevo lenguaje de dise\u00f1o \u201cModern Solid\u201d. Junto al futuro Peaq, contribuir\u00e1 a duplicar la oferta de modelos el\u00e9ctricos de la compa\u00f1\u00eda.\n<\/p>\n<p>  \u00abUn momento hist\u00f3rico\u00bb<\/p>\n<p class=\"article-body__text \">\n        El consejero delegado de \u0160koda Auto, <strong>Klaus Zellmer<\/strong>, calific\u00f3 el inicio de la producci\u00f3n como un \u201cmomento hist\u00f3rico\u201d para la marca. Seg\u00fan destac\u00f3, el nuevo modelo busca acercar la movilidad el\u00e9ctrica a un mayor n\u00famero de conductores gracias a una combinaci\u00f3n de precio competitivo, tecnolog\u00eda y funcionalidad para el uso diario.\n<\/p>\n<p class=\"article-body__text \">\n        Por su parte, <strong>Andreas Dick<\/strong>, responsable de Producci\u00f3n y Log\u00edstica de \u0160koda Auto, subray\u00f3 que la fabricaci\u00f3n del Epiq en Navarra demuestra la flexibilidad de la red industrial del Grupo Volkswagen y permite optimizar la capacidad productiva entre distintas plantas, manteniendo al mismo tiempo elevados est\u00e1ndares de calidad y costes competitivos.\n<\/p>\n<p class=\"article-body__text \">\n        La factor\u00eda navarra, situada en las afueras de Pamplona, <strong>cuenta con cerca de 5.000 trabajadores y produce m\u00e1s de 1.400 veh\u00edculos diarios.<\/strong> Tras d\u00e9cadas centrada principalmente en el Volkswagen Polo y, actualmente, en los modelos Taigo y T-Cross, incorpora ahora la producci\u00f3n de veh\u00edculos el\u00e9ctricos. Al Epiq le seguir\u00e1 pr\u00f3ximamente el Volkswagen ID. Cross, en una l\u00ednea de montaje preparada para ensamblar tanto modelos de combusti\u00f3n como el\u00e9ctricos.\n<\/p>\n<p>  Las caracter\u00edsticas del Skoda Epic<\/p>\n<p class=\"article-body__text \">\n        El \u0160koda Epiq fue presentado mundialmente el pasado 19 de mayo en Z\u00farich. Con unas dimensiones compactas y un interior espacioso,<strong> ofrecer\u00e1 distintas configuraciones de bater\u00eda y potencia, con versiones de entre 85 y 155 kW<\/strong>. <strong>Su autonom\u00eda m\u00e1xima rondar\u00e1 los 440 kil\u00f3metros<\/strong>, una cifra que lo sit\u00faa como una alternativa orientada tanto al uso urbano como a desplazamientos de mayor recorrido.\n<\/p>\n<p class=\"article-body__text \">\n        La llegada del nuevo modelo refuerza el papel de Navarra en la transformaci\u00f3n hacia la movilidad el\u00e9ctrica dentro del Grupo Volkswagen y sit\u00faa a la planta de Landaben como uno de los centros clave para la producci\u00f3n de veh\u00edculos el\u00e9ctricos de acceso en Europa.<\/p>\n","protected":false},"excerpt":{"rendered":"La planta de Volkswagen Navarra ha iniciado la producci\u00f3n en serie del nuevo \u0160koda Epiq, un modelo totalmente&hellip;\n","protected":false},"author":2,"featured_media":595065,"comment_status":"","ping_status":"","sticky":false,"template":"","format":"standard","meta":{"footnotes":""},"categories":[80],"tags":[82,95,94,35624,25,24,14461,524,35623,23,14272],"class_list":["post-595064","post","type-post","status-publish","format-standard","has-post-thumbnail","category-economia","tag-business","tag-economia","tag-economy","tag-epiq","tag-es","tag-espana","tag-fabrica","tag-nuevo","tag-skoda","tag-spain","tag-vale"],"share_on_mastodon":{"url":"https:\/\/pubeurope.com\/@es\/116714833648830812","error":""},"_links":{"self":[{"href":"https:\/\/www.europesays.com\/es\/wp-json\/wp\/v2\/posts\/595064","targetHints":{"allow":["GET"]}}],"collection":[{"href":"https:\/\/www.europesays.com\/es\/wp-json\/wp\/v2\/posts"}],"about":[{"href":"https:\/\/www.europesays.com\/es\/wp-json\/wp\/v2\/types\/post"}],"author":[{"embeddable":true,"href":"https:\/\/www.europesays.com\/es\/wp-json\/wp\/v2\/users\/2"}],"replies":[{"embeddable":true,"href":"https:\/\/www.europesays.com\/es\/wp-json\/wp\/v2\/comments?post=595064"}],"version-history":[{"count":0,"href":"https:\/\/www.europesays.com\/es\/wp-json\/wp\/v2\/posts\/595064\/revisions"}],"wp:featuredmedia":[{"embeddable":true,"href":"https:\/\/www.europesays.com\/es\/wp-json\/wp\/v2\/media\/595065"}],"wp:attachment":[{"href":"https:\/\/www.europesays.com\/es\/wp-json\/wp\/v2\/media?parent=595064"}],"wp:term":[{"taxonomy":"category","embeddable":true,"href":"https:\/\/www.europesays.com\/es\/wp-json\/wp\/v2\/categories?post=595064"},{"taxonomy":"post_tag","embeddable":true,"href":"https:\/\/www.europesays.com\/es\/wp-json\/wp\/v2\/tags?post=595064"}],"curies":[{"name":"wp","href":"https:\/\/api.w.org\/{rel}","templated":true}]}}