{"id":595132,"date":"2026-06-08T14:56:26","date_gmt":"2026-06-08T14:56:26","guid":{"rendered":"https:\/\/www.europesays.com\/es\/595132\/"},"modified":"2026-06-08T14:56:26","modified_gmt":"2026-06-08T14:56:26","slug":"rueda-resta-importancia-a-que-la-estrella-de-la-tvg-pagase-a-guionistas-por-debajo-de-convenio-seguro-que-no-es-el-unico","status":"publish","type":"post","link":"https:\/\/www.europesays.com\/es\/595132\/","title":{"rendered":"Rueda resta importancia a que la estrella de la TVG pagase a guionistas por debajo de convenio: \u00abSeguro que no es el \u00fanico\u00bb"},"content":{"rendered":"<p class=\"article-text\">\n        El presidente de la Xunta, Alfonso Rueda, se pone de perfil en los asuntos que en los \u00faltimos meses han cuestionado la buena marcha de los medios p\u00fablicos gallegos. La \u00faltima vez que dio <a href=\"https:\/\/www.eldiario.es\/galicia\/rueda-da-toque-atencion-tvg-caida-espectadores-bueno-tengan-buenos-datos-audiencia_1_12758945.html\" data-mrf-recirculation=\"links-noticia\" class=\"link\" rel=\"nofollow noopener\" target=\"_blank\">un toque de atenci\u00f3n<\/a> a la CSAG, antes CRTVG, fue en noviembre de 2025, como reacci\u00f3n a los malos datos de audiencia. Este lunes ha rechazado pedir explicaciones por la relaci\u00f3n entre la TVG y la productora de Roberto Vilar, su estrella televisiva. La empresa ha sido condenada por despido improcedente e impagos a un guionista del programa Land Rober. Rueda le ha quitado importancia: \u201cSeguro que no ser\u00e1 el \u00fanico caso\u201d.\n    <\/p>\n<p>    <a href=\"https:\/\/www.eldiario.es\/galicia\/roberto-vilar-humorista-camara-feijoo-rueda-busca-pelea-broncano_1_11658975.html\" data-mrf-recirculation=\"saber-mas\" data-dl-event=\"saber-mas\" rel=\"nofollow noopener\" target=\"_blank\"><\/p>\n<p class=\"know-more__title\">Roberto Vilar, el humorista de c\u00e1mara de Feij\u00f3o y Rueda que busca pelea con Broncano<\/p>\n<p>            <img decoding=\"async\" class=\"lazy\" loading=\"lazy\" data-src=\"https:\/\/static.eldiario.es\/clip\/9b6ade87-441f-4b53-84aa-f61c3f6e6834_16-9-aspect-ratio_default_0.jpg\" src=\"data:image\/svg+xml,%3Csvg xmlns=\" http:=\"\" viewbox=\"0 0 880 495\" alt=\"Roberto Vilar, el humorista de c\u00e1mara de Feij\u00f3o y Rueda que busca pelea con Broncano\"\/><\/p>\n<p>                        <\/a><\/p>\n<p class=\"article-text\">\n        El jefe del Gobierno gallego evit\u00f3 este lunes dar su opini\u00f3n sobre el asunto y se remiti\u00f3 a que no conoce los pormenores, a que la cuesti\u00f3n ya ha sido vista por una jueza y a que no hay una relaci\u00f3n contractual directa con los medios p\u00fablicos.\n    <\/p>\n<p class=\"article-text\">\n        La sentencia del  Tribunal Superior de Xustiza de Galicia (TSXG) condena a Destino Bergen, que es la productora de Vilar, a pagar una cantidad superior a 40.000 euros a un guionista de Land Rober-Tunai Show por haberlo despedido de forma improcedente en 2024 y por pagarle menos de lo que fija el convenio estatal del sector audiovisual. La empresa trat\u00f3 de justificar en el proceso judicial que las cantidades asignadas de las arcas p\u00fablicas para hacer el programa se adjudicaron a CTV, que es otra productora, y que esta subcontrataba despu\u00e9s los servicios. La intenci\u00f3n era hacer pasar el espacio por uno de tramo medio, dado que el sueldo de los escritores var\u00eda seg\u00fan el tramo.\n    <\/p>\n<p>    <a href=\"https:\/\/www.eldiario.es\/galicia\/estrella-televisiva-pp-gallego-pago-guionistas-debajo-convenio-recibia-millones-xunta_1_13253855.html\" data-mrf-recirculation=\"saber-mas-abajo\" data-dl-event=\"saber-mas-abajo\" rel=\"nofollow noopener\" target=\"_blank\"><\/p>\n<p class=\"know-more__title\">La estrella televisiva del PP gallego pag\u00f3 a guionistas por debajo de convenio mientras recib\u00eda millones de la Xunta\n<\/p>\n<p>            <img decoding=\"async\" class=\"lazy\" loading=\"lazy\" data-src=\"https:\/\/static.eldiario.es\/clip\/8c03db22-43d2-4c7c-ace3-b27299b60ef5_16-9-aspect-ratio_default_0.jpg\" src=\"data:image\/svg+xml,%3Csvg xmlns=\" http:=\"\" viewbox=\"0 0 880 495\" alt=\"La estrella televisiva del PP gallego pag\u00f3 a guionistas por debajo de convenio mientras recib\u00eda millones de la Xunta\"\/><\/p>\n<p>                        <\/a><\/p>\n<p class=\"article-text\">\n        El sindicato de guionistas ALMA ha criticado que esta situaci\u00f3n se d\u00e9 precisamente en los medios p\u00fablicos, que consideran que deben ser \u201cel \u00e1mbito en el que de manera m\u00e1s clara y m\u00e1s pulcra se cumpla con la ley, y el convenio colectivo es parte de la ley\u201d. Rueda no ha hecho comentarios sobre este punto.\n    <\/p>\n","protected":false},"excerpt":{"rendered":"El presidente de la Xunta, Alfonso Rueda, se pone de perfil en los asuntos que en los \u00faltimos&hellip;\n","protected":false},"author":2,"featured_media":595133,"comment_status":"","ping_status":"","sticky":false,"template":"","format":"standard","meta":{"footnotes":""},"categories":[174],"tags":[517,1705,255,146,147,25,24,256,816,7386,7318,10,1925,7387,1146,23],"class_list":["post-595132","post","type-post","status-publish","format-standard","has-post-thumbnail","category-famosos","tag-actualidad","tag-analisis","tag-celebrities","tag-entertainment","tag-entretenimiento","tag-es","tag-espana","tag-famosos","tag-galicia","tag-la-coruna","tag-lugo","tag-noticias","tag-opinion","tag-orense","tag-pontevedra","tag-spain"],"share_on_mastodon":{"url":"https:\/\/pubeurope.com\/@es\/116715073389933817","error":""},"_links":{"self":[{"href":"https:\/\/www.europesays.com\/es\/wp-json\/wp\/v2\/posts\/595132","targetHints":{"allow":["GET"]}}],"collection":[{"href":"https:\/\/www.europesays.com\/es\/wp-json\/wp\/v2\/posts"}],"about":[{"href":"https:\/\/www.europesays.com\/es\/wp-json\/wp\/v2\/types\/post"}],"author":[{"embeddable":true,"href":"https:\/\/www.europesays.com\/es\/wp-json\/wp\/v2\/users\/2"}],"replies":[{"embeddable":true,"href":"https:\/\/www.europesays.com\/es\/wp-json\/wp\/v2\/comments?post=595132"}],"version-history":[{"count":0,"href":"https:\/\/www.europesays.com\/es\/wp-json\/wp\/v2\/posts\/595132\/revisions"}],"wp:featuredmedia":[{"embeddable":true,"href":"https:\/\/www.europesays.com\/es\/wp-json\/wp\/v2\/media\/595133"}],"wp:attachment":[{"href":"https:\/\/www.europesays.com\/es\/wp-json\/wp\/v2\/media?parent=595132"}],"wp:term":[{"taxonomy":"category","embeddable":true,"href":"https:\/\/www.europesays.com\/es\/wp-json\/wp\/v2\/categories?post=595132"},{"taxonomy":"post_tag","embeddable":true,"href":"https:\/\/www.europesays.com\/es\/wp-json\/wp\/v2\/tags?post=595132"}],"curies":[{"name":"wp","href":"https:\/\/api.w.org\/{rel}","templated":true}]}}