{"id":595264,"date":"2026-06-08T16:41:16","date_gmt":"2026-06-08T16:41:16","guid":{"rendered":"https:\/\/www.europesays.com\/es\/595264\/"},"modified":"2026-06-08T16:41:16","modified_gmt":"2026-06-08T16:41:16","slug":"el-pp-ignora-el-rechazo-del-papa-a-la-prioridad-nacional-y-afirma-que-comparte-de-la-a-a-la-z-su-discurso-espana","status":"publish","type":"post","link":"https:\/\/www.europesays.com\/es\/595264\/","title":{"rendered":"El PP ignora el rechazo del Papa a la \u201cprioridad nacional\u201d y afirma que comparte \u201cde la A a la Z\u201d su discurso | Espa\u00f1a"},"content":{"rendered":"<p class=\"\">El Partido Popular no se da por aludido <a href=\"https:\/\/elpais.com\/espana\/2026-06-08\/el-papa-reprocha-en-el-congreso-la-descalificacion-permanente-del-adversario-y-la-discriminacion-de-los-inmigrantes.html\" target=\"_self\" rel=\"nofollow noopener\" title=\"https:\/\/elpais.com\/espana\/2026-06-08\/el-papa-reprocha-en-el-congreso-la-descalificacion-permanente-del-adversario-y-la-discriminacion-de-los-inmigrantes.html\">ante el mensaje con carga de profundidad del Papa en el Congreso contra la idea de prioridad nacional. <\/a>De forma contundente, Le\u00f3n XIV ha enfatizado ante los diputados y senadores que \u201call\u00ed donde una persona es discriminada por su origen nacional, \u00e9tnico, religioso o ling\u00fc\u00edstico, o por su condici\u00f3n econ\u00f3mica o social, se vulnera gravemente el principio universal de la igual dignidad de todos los seres humanos\u201d. Para el PP, no existe ninguna contradicci\u00f3n entre estas palabras del Pont\u00edfice <a href=\"https:\/\/elpais.com\/noticias\/viajes-papa\/\" target=\"_blank\" rel=\"nofollow noopener\" title=\"https:\/\/elpais.com\/noticias\/viajes-papa\/\">y sus acuerdos con Vox en las comunidades aut\u00f3nomas, que establecen el concepto de \u201cprioridad nacional\u201d de los nacionales sobre los extranjeros a la hora de acceder a las ayudas p\u00fablicas.<\/a> Los populares se agarran a la letra peque\u00f1a del acuerdo para considerar que sus pactos no vulneran el principio de no discriminaci\u00f3n por raz\u00f3n de origen, mientras proclaman su coincidencia con Le\u00f3n XIV. El l\u00edder del PP, Alberto N\u00fa\u00f1ez Feij\u00f3o, ha remarcado que suscribe el discurso del Papa \u201cde la A a la Z\u201d. <\/p>\n<p class=\"\">El mensaje del Papa sobre los inmigrantes genera una contradicci\u00f3n evidente para el PP. Por un lado, los populares buscan una sinton\u00eda con el electorado cat\u00f3lico y se sienten herederos del humanismo cristiano; por otro, acaban de suscribir tres acuerdos de gobernabilidad auton\u00f3mica con Vox marcados por discursos de \u201cprioridad nacional\u201d frente a los inmigrantes y que recogen un rechazo frontal al reparto y acogida de los menores extranjeros no acompa\u00f1ados. Este lunes, en el Congreso, Le\u00f3n XIV ha insistido<a href=\"https:\/\/elpais.com\/espana\/2026-06-08\/el-papa-reprocha-en-el-congreso-la-descalificacion-permanente-del-adversario-y-la-discriminacion-de-los-inmigrantes.html\" target=\"_blank\" rel=\"nofollow noopener\" title=\"https:\/\/elpais.com\/espana\/2026-06-08\/el-papa-reprocha-en-el-congreso-la-descalificacion-permanente-del-adversario-y-la-discriminacion-de-los-inmigrantes.html\"> en hablar sobre la inmigraci\u00f3n desde una perspectiva humanista y centrada en la dignidad humana, una visi\u00f3n que choca con la filosof\u00eda de los acuerdos del PP y Vox, <\/a>que relacionan la inmigraci\u00f3n con la inseguridad y la delincuencia e incluyen medidas como la negativa a acoger a m\u00e1s menores extranjeros y la supresi\u00f3n de ayudas p\u00fablicas a las ONG que trabajen con inmigrantes. <\/p>\n<p class=\"\">El PP ha sorteado esa contradicci\u00f3n obviando la llamada de atenci\u00f3n del Papa sobre la prioridad nacional y defendiendo que, en todo caso, sus acuerdos no la vulneran porque en realidad no discriminan a los inmigrantes ya que un extranjero tendr\u00e1 acceso a las ayudas p\u00fablicas si cumple con un empadronamiento prolongado.<\/p>\n<p class=\"\">Alberto N\u00fa\u00f1ez Feij\u00f3o ha remarcado que se siente concernido<a href=\"https:\/\/elpais.com\/espana\/2026-06-08\/el-papa-reprocha-en-el-congreso-la-descalificacion-permanente-del-adversario-y-la-discriminacion-de-los-inmigrantes.html\" target=\"_blank\" rel=\"nofollow noopener\" title=\"https:\/\/elpais.com\/espana\/2026-06-08\/el-papa-reprocha-en-el-congreso-la-descalificacion-permanente-del-adversario-y-la-discriminacion-de-los-inmigrantes.html\"> por todo el discurso del Papa y que lo comparte al cien por cien, <\/a>pese a esas alusiones y sus manifestaciones en contra de la crispaci\u00f3n pol\u00edtica y del aborto y la eutanasia. \u201cMe siento interpelado por todo lo que ha dicho el Papa\u201d, ha afirmado Feij\u00f3o en el patio del Congreso cuando ha sido preguntado por las palabras del Pont\u00edfice llamando a \u201cdesarmar el lenguaje pol\u00edtico\u201d. \u201cYo suscribo de la primera a la \u00faltima de sus palabras\u201d, ha enfatizado Feij\u00f3o. <\/p>\n<p class=\"\">El PP defiende que las palabras de Le\u00f3n XIV contra la discriminaci\u00f3n de las personas \u201cpor su origen nacional\u201d son compatibles con los pactos del PP y Vox en las comunidades aut\u00f3nomas. \u201cNuestro partido es de corte humanista. Creemos en la dignidad del ser humano y que las personas migrantes merecen ser tratadas con dignidad\u201d, ha argumentado hoy el portavoz del PP, Borja S\u00e9mper, en el patio del Congreso, insistiendo en que el PP se siente \u201ctotalmente identificado\u201d con la visi\u00f3n del Papa. Preguntado por c\u00f3mo casa eso con la \u201cprioridad nacional\u201d que establecen los acuerdos PP-Vox, S\u00e9mper ha respondido: \u201cCreemos que en un momento como el actual, independientemente de d\u00f3nde haya nacido un ser humano, tiene que demostrar arraigo y reciprocidad. Da igual donde ha nacido uno, pero s\u00ed importa el tiempo que lleva en el territorio, importa si ha pagado o no impuestos, esto es lo que para nosotros representan los pactos que hemos llegado en las comunidades aut\u00f3nomas\u201d. <\/p>\n<p class=\"\">El portavoz del PP ha rehusado comentar las palabras del Papa sobre otra cuesti\u00f3n tambi\u00e9n controvertida en el PP, el aborto, que el partido evita por la divisi\u00f3n de opiniones interna, pero S\u00e9mper ha insistido en que interioriza e incorpora el discurso del Pont\u00edfice, tambi\u00e9n en esa parte. \u201cNo voy a entrar en diseccionar el mensaje del Papa\u201d, se ha escudado S\u00e9mper. \u201cDe principio a fin nos interesa y de principio a fin lo interiorizamos y lo incorporamos\u201d.<\/p>\n<p class=\"\">El Papa ha reprochado en el Congreso la \u201cdescalificaci\u00f3n permanente del adversario\u201d, y ha llamado a los pol\u00edticos a \u201cdesarmar el lenguaje\u201d, y los populares tampoco se dan por interpelados porque sostienen que la crispaci\u00f3n no la provocan ellos, sino el Gobierno. \u201cQue se lo digan a \u00d3scar Puente\u201d, replicaba un diputado del PP en el Congreso. Pese a la plena identificaci\u00f3n que el PP dice haber sentido con Le\u00f3n XIV, no parece que su mensaje contra la polarizaci\u00f3n vaya a provocar una tregua pol\u00edtica por la visita del Pont\u00edfice esta semana en Espa\u00f1a. El Grupo Parlamentario Popular prepara otra sesi\u00f3n de control este mi\u00e9rcoles de ruido y furia contra el Gobierno. <\/p>\n<p>El Papa recibe en audiencia a Feij\u00f3o y Ayuso<\/p>\n<p class=\"\">Tras el acto en el Congreso, Isabel D\u00edaz Ayuso ha mantenido una reuni\u00f3n de 20 minutos con el papa Le\u00f3n XIV esta tarde en la sede de la Nunciatura, seg\u00fan ha informado su equipo, que ha distribuido im\u00e1genes en las que se les ve a ambos charlando a solas en un sal\u00f3n. Esta es la segunda vez que se ven en apenas una semana, ya que la presidenta de Madrid visit\u00f3 al Papa el lunes pasado en Roma. Ese d\u00eda charlaron durante una hora. En la reuni\u00f3n de hoy tambi\u00e9n han estado presente el portavoz del Gobierno, Miguel \u00c1ngel Garc\u00eda Mart\u00edn, y la consejera de Familia, Ana D\u00e1vila. Su equipo no quiere revelar nada de lo que han hablado a puerta cerrada, informa <b>Juan Diego Quesada.<\/b><\/p>\n<blockquote class=\"twitter-tweet\">\n<p lang=\"es\" dir=\"ltr\">Acabo de terminar una audiencia en la Nunciatura con el Papa, a quien agradezco sinceramente que haya reservado en su apretada agenda un espacio para el primer partido de Espa\u00f1a. <\/p>\n<p>El Papa Le\u00f3n XIV nos recuerda que una sociedad verdaderamente libre no se construye contra sus\u2026 <a href=\"https:\/\/t.co\/WD6xAQkwaZ\" rel=\"nofollow\">pic.twitter.com\/WD6xAQkwaZ<\/a><\/p>\n<p>\u2014 Alberto N\u00fa\u00f1ez Feij\u00f3o (@NunezFeijoo) <a href=\"https:\/\/x.com\/NunezFeijoo\/status\/2064005316597952729?ref_src=twsrc%5Etfw\" rel=\"nofollow\">June 8, 2026<\/a><\/p><\/blockquote>\n<p class=\"\">Despu\u00e9s, el Papa ha recibido tambi\u00e9n en audiencia al presidente del Partido Popular, Alberto N\u00fa\u00f1ez Feij\u00f3o, seg\u00fan han informado fuentes del PP. Durante el encuentro, Feij\u00f3o ha reivindicado la figura de Le\u00f3n XIV como \u201cfaro moral\u201d y ha apelado a la tradici\u00f3n cat\u00f3lica como pilar sobre el que seguir construyendo una sociedad m\u00e1s justa, libre y humana, seg\u00fan el PP. \u201cEspa\u00f1a, como el resto de Europa, no se entiende sin sus ra\u00edces cristianas\u201d, subray\u00f3 Feij\u00f3o , seg\u00fan transmite el comunicado que el PP ha remitido a los medios. En este sentido, el l\u00edder del PP ha recordado que \u201cel humanismo cristiano es uno de los pilares del proyecto del Partido Popular\u201d y le ha transmitido que \u201cla defensa de la dignidad humana, de la vida, de la familia y de la libertad son objetivos irrenunciables para los populares en sus responsabilidades pol\u00edticas\u201d. Feij\u00f3o ha regalado al Papa una camiseta firmada por Rafa Nadal y el libro Espa\u00f1a sagrada: tomo XX, centrado en la Historia compostelana, la ciudad donde descansa el Ap\u00f3stol Santiago.<\/p>\n<p><script async src=\"https:\/\/platform.twitter.com\/widgets.js\" charset=\"utf-8\"><\/script><\/p>\n","protected":false},"excerpt":{"rendered":"El Partido Popular no se da por aludido ante el mensaje con carga de profundidad del Papa en&hellip;\n","protected":false},"author":2,"featured_media":595265,"comment_status":"","ping_status":"","sticky":false,"template":"","format":"standard","meta":{"footnotes":""},"categories":[5],"tags":[6069,22722,17,18,4456,25,24,13,14,11,590,19,20,9,10,15,16,12629,400,956,6914,23,12,21,22,99841,624],"class_list":["post-595264","post","type-post","status-publish","format-standard","has-post-thumbnail","category-titulares","tag-alberto-nunez-feijoo","tag-borja-semper","tag-breaking-news","tag-breakingnews","tag-congreso-diputados","tag-es","tag-espana","tag-featured-news","tag-featurednews","tag-headlines","tag-inmigracion","tag-latest-news","tag-latestnews","tag-news","tag-noticias","tag-noticias-destacadas","tag-noticiasdestacadas","tag-papa","tag-papa-leon-xiv","tag-pp","tag-santiago-abascal","tag-spain","tag-titulares","tag-ultimas-noticias","tag-ultimasnoticias","tag-viajes-papa","tag-vox"],"share_on_mastodon":{"url":"https:\/\/pubeurope.com\/@es\/116715486346275762","error":""},"_links":{"self":[{"href":"https:\/\/www.europesays.com\/es\/wp-json\/wp\/v2\/posts\/595264","targetHints":{"allow":["GET"]}}],"collection":[{"href":"https:\/\/www.europesays.com\/es\/wp-json\/wp\/v2\/posts"}],"about":[{"href":"https:\/\/www.europesays.com\/es\/wp-json\/wp\/v2\/types\/post"}],"author":[{"embeddable":true,"href":"https:\/\/www.europesays.com\/es\/wp-json\/wp\/v2\/users\/2"}],"replies":[{"embeddable":true,"href":"https:\/\/www.europesays.com\/es\/wp-json\/wp\/v2\/comments?post=595264"}],"version-history":[{"count":0,"href":"https:\/\/www.europesays.com\/es\/wp-json\/wp\/v2\/posts\/595264\/revisions"}],"wp:featuredmedia":[{"embeddable":true,"href":"https:\/\/www.europesays.com\/es\/wp-json\/wp\/v2\/media\/595265"}],"wp:attachment":[{"href":"https:\/\/www.europesays.com\/es\/wp-json\/wp\/v2\/media?parent=595264"}],"wp:term":[{"taxonomy":"category","embeddable":true,"href":"https:\/\/www.europesays.com\/es\/wp-json\/wp\/v2\/categories?post=595264"},{"taxonomy":"post_tag","embeddable":true,"href":"https:\/\/www.europesays.com\/es\/wp-json\/wp\/v2\/tags?post=595264"}],"curies":[{"name":"wp","href":"https:\/\/api.w.org\/{rel}","templated":true}]}}