{"id":595293,"date":"2026-06-08T17:05:19","date_gmt":"2026-06-08T17:05:19","guid":{"rendered":"https:\/\/www.europesays.com\/es\/595293\/"},"modified":"2026-06-08T17:05:19","modified_gmt":"2026-06-08T17:05:19","slug":"leon-xiv-a-la-virgen-de-la-almudena-ayudanos-a-ser-constructores-de-paz","status":"publish","type":"post","link":"https:\/\/www.europesays.com\/es\/595293\/","title":{"rendered":"Le\u00f3n XIV a la Virgen de la Almudena: Ay\u00fadanos a ser constructores de paz"},"content":{"rendered":"<p>El Pont\u00edfice presidi\u00f3 la oraci\u00f3n y homenaje a la Virgen de la Almudena en la catedral madrile\u00f1a, donde evoc\u00f3 la historia de la patrona de Madrid para invitar a los fieles a reconstruir la esperanza y fortalecer la unidad frente a los desaf\u00edos del mundo actual.&#13;\n<\/p>\n<p style=\"text-align: justify;\">Sebasti\u00e1n Sans\u00f3n Ferrari \u2013 Ciudad del Vaticano<\/p>\n<p style=\"text-align: justify;\">En un clima de profunda devoci\u00f3n mariana, el Papa Le\u00f3n XIV presidi\u00f3 este lunes 8 de junio de 2026 por la tarde la oraci\u00f3n y homenaje a la Virgen de la Almudena en la Catedral de Santa Mar\u00eda la Real de la Almudena, en Madrid. Ante numerosos fieles y autoridades eclesi\u00e1sticas, en el marco del tercer d\u00eda de su Viaje Apost\u00f3lico a Espa\u00f1a, el Pont\u00edfice dirigi\u00f3 un mensaje centrado en la esperanza, la fe y la necesidad de superar las divisiones y temores que afectan a la sociedad contempor\u00e1nea.<\/p>\n<p style=\"text-align: justify;\">Las palabras del Pont\u00edfice fueron precedidas por un canto de bienvenida, un saludo del Cardenal Jos\u00e9 Cobo Cano, arzobispo de Madrid, la oraci\u00f3n y la lectura del Evangelio.<\/p>\n<p style=\"text-align: justify;\">Al inicio de su homil\u00eda, el Santo Padre agradeci\u00f3 la acogida de don Jos\u00e9 y destac\u00f3 la importancia espiritual de la Virgen de la Almudena para el pueblo madrile\u00f1o. Record\u00f3 que la patrona de Madrid ha acompa\u00f1ado durante siglos la vida de los creyentes y ha sido signo de protecci\u00f3n y unidad en momentos dif\u00edciles de la historia.<\/p>\n<p style=\"text-align: justify;\">Le\u00f3n XIV evoc\u00f3 especialmente el episodio hist\u00f3rico en el que la imagen mariana fue escondida dentro de la muralla de la ciudad para protegerla durante tiempos de persecuci\u00f3n religiosa. Seg\u00fan la tradici\u00f3n, la talla permaneci\u00f3 oculta durante a\u00f1os hasta ser hallada intacta tras el derrumbe de un tramo del muro.\u00a0<\/p>\n<p style=\"text-align: justify;\">\u00abFue gracias a una muralla demolida que se produjo el reencuentro de la Madre con su pueblo. Y este hecho es providencial, porque se\u00f1ala el camino que Jes\u00fas, a trav\u00e9s de su Madre Sant\u00edsima, nos invita a recorrer\u00bb, agreg\u00f3 el Papa, quien explic\u00f3: \u00abEn un primer momento, una muralla que cae provoca ruido, caos, desorden; pero tambi\u00e9n abre espacios, restaura posibilidades e impulsa restablecimientos\u00bb.<\/p>\n<p style=\"text-align: justify;\">El Pont\u00edfice utiliz\u00f3 esta imagen como s\u00edmbolo para reflexionar sobre los desaf\u00edos actuales. \u00abEn nuestras sociedades actuales siguen existiendo a\u00fan muchas murallas que no protegen, sino que dividen, alejan y a\u00edslan\u00bb, afirm\u00f3. Tambi\u00e9n acot\u00f3 que a veces, \u00abal pensar en que derribarlas supone tener que enfrentar lo que no nos gusta, preferimos la comodidad de s\u00f3lo apuntalarlas y, m\u00e1s frecuentemente, de ignorarlas\u00bb.\u00a0<\/p>\n<p style=\"text-align: justify;\">No obstante, el mensaje de Nuestra Se\u00f1ora de la Almudena, con su presencia y la seguridad de su protecci\u00f3n, es otro:\u00a0<\/p>\n<blockquote>\n<p>\u201cPara edificar algo nuevo, hermoso y duradero hay que estar dispuestos a destruir los muros, porque para reemprender la ruta son necesarios espacios que nos permitan vislumbrar el horizonte.\u201d<\/p>\n<\/blockquote>\n<p style=\"text-align: justify;\">Por ello, convencidos de que el Se\u00f1or camina con su Pueblo santo, escucha sus temores y\u00a0acoge con solicitud todos sus esfuerzos de bien, el Obispo de Roma exhort\u00f3 a todos \u00aba no desfallecer en vuestro testimonio de fe, para contemplar el designio de amor del Padre; de caridad, para uniros como una \u00fanica familia de hermanos y hermanas; y de esperanza, para sosteneros en vuestra acci\u00f3n en el mundo\u00bb.<\/p>\n<p style=\"text-align: justify;\">Adem\u00e1s, dese\u00f3 que \u00abcon el ejemplo y la intercesi\u00f3n de Santa Mar\u00eda la Real de la Almudena, la Virgen del Magn\u00edficat que sigue proclamando la grandeza del Se\u00f1or y exultando en Dios su Salvador, \u00c9l custodie y fortalezca vuestro amor a Jes\u00fas y a la Iglesia, de modo que pod\u00e1is ser constructores de v\u00ednculos que restauren el lenguaje universal de la comuni\u00f3n, el amor fraterno y la concordia\u00bb. Y haciendo suyas algunas palabras del himno dedicado a ella, encomend\u00f3 a todos al potente auxilio de su maternal amor:<\/p>\n<p style=\"text-align: justify;\">Santa Mar\u00eda de la Almudena,<\/p>\n<p style=\"text-align: justify;\">Virgen y Madre del Redentor,<\/p>\n<p style=\"text-align: justify;\">Reina del Cielo, Madre de Amor,<\/p>\n<p style=\"text-align: justify;\">bajo tu manto, Virgen sencilla<\/p>\n<p style=\"text-align: justify;\">buscan tus hijos la protecci\u00f3n,<\/p>\n<p style=\"text-align: justify;\">Madre amorosa, Templo de Dios,<\/p>\n<p style=\"text-align: justify;\">amp\u00e1ranos Se\u00f1ora y ay\u00fadanos a ser<\/p>\n<p style=\"text-align: justify;\">constructores de paz y reconciliaci\u00f3n.<\/p>\n<p>Am\u00e9n.<\/p>\n<p style=\"text-align: justify;\">Posteriormente, el Pont\u00edfice deposit\u00f3 la Rosa de Oro y rez\u00f3 junto a la asamblea antes de impartir la Bendici\u00f3n Apost\u00f3lica. Para este momento tan especial, se quit\u00f3 la peana que hay normalmente a los pies de la Virgen, en su camar\u00edn, y se instal\u00f3 una nueva columna con un centro de plata.<\/p>\n<p style=\"text-align: justify;\">La Rosa de Oro es una distinci\u00f3n pontificia de car\u00e1cter extraordinario que los Papas conceden, de manera excepcional, a determinadas advocaciones marianas como signo de especial veneraci\u00f3n y reconocimiento espiritual.<\/p>\n<p style=\"text-align: justify;\">Este honor fue instituido en 1049 por el Papa Le\u00f3n IX, antecesor en el nombre del actual Pont\u00edfice. En sus primeros siglos, adem\u00e1s de otorgarse a im\u00e1genes de la Virgen, tambi\u00e9n era concedido a figuras destacadas por su defensa de la fe cat\u00f3lica. Entre ellas estuvo la reina Isabel II, gran devota de la Virgen de la Almudena y donante de uno de sus mantos, quien recibi\u00f3 esta distinci\u00f3n en 1868.<\/p>\n<p style=\"text-align: justify;\">Con la concesi\u00f3n a la Virgen de la Almudena, ya ser\u00e1n cuatro las advocaciones marianas espa\u00f1olas distinguidas con la Rosa de Oro, junto a la Virgen de la Cabeza de Ja\u00e9n (2009), la Virgen de Montserrat (2023) y la Esperanza Macarena de Sevilla (2024).<\/p>\n","protected":false},"excerpt":{"rendered":"El Pont\u00edfice presidi\u00f3 la oraci\u00f3n y homenaje a la Virgen de la Almudena en la catedral madrile\u00f1a, donde&hellip;\n","protected":false},"author":2,"featured_media":595294,"comment_status":"","ping_status":"","sticky":false,"template":"","format":"standard","meta":{"footnotes":""},"categories":[5],"tags":[17,18,25,24,13,14,11,19,20,9,10,15,16,12359,400,23,12,21,22,55874,22259],"class_list":["post-595293","post","type-post","status-publish","format-standard","has-post-thumbnail","category-titulares","tag-breaking-news","tag-breakingnews","tag-es","tag-espana","tag-featured-news","tag-featurednews","tag-headlines","tag-latest-news","tag-latestnews","tag-news","tag-noticias","tag-noticias-destacadas","tag-noticiasdestacadas","tag-oracion","tag-papa-leon-xiv","tag-spain","tag-titulares","tag-ultimas-noticias","tag-ultimasnoticias","tag-viaje-apostolico","tag-virgen-maria"],"share_on_mastodon":{"url":"https:\/\/pubeurope.com\/@es\/116715580773478349","error":""},"_links":{"self":[{"href":"https:\/\/www.europesays.com\/es\/wp-json\/wp\/v2\/posts\/595293","targetHints":{"allow":["GET"]}}],"collection":[{"href":"https:\/\/www.europesays.com\/es\/wp-json\/wp\/v2\/posts"}],"about":[{"href":"https:\/\/www.europesays.com\/es\/wp-json\/wp\/v2\/types\/post"}],"author":[{"embeddable":true,"href":"https:\/\/www.europesays.com\/es\/wp-json\/wp\/v2\/users\/2"}],"replies":[{"embeddable":true,"href":"https:\/\/www.europesays.com\/es\/wp-json\/wp\/v2\/comments?post=595293"}],"version-history":[{"count":0,"href":"https:\/\/www.europesays.com\/es\/wp-json\/wp\/v2\/posts\/595293\/revisions"}],"wp:featuredmedia":[{"embeddable":true,"href":"https:\/\/www.europesays.com\/es\/wp-json\/wp\/v2\/media\/595294"}],"wp:attachment":[{"href":"https:\/\/www.europesays.com\/es\/wp-json\/wp\/v2\/media?parent=595293"}],"wp:term":[{"taxonomy":"category","embeddable":true,"href":"https:\/\/www.europesays.com\/es\/wp-json\/wp\/v2\/categories?post=595293"},{"taxonomy":"post_tag","embeddable":true,"href":"https:\/\/www.europesays.com\/es\/wp-json\/wp\/v2\/tags?post=595293"}],"curies":[{"name":"wp","href":"https:\/\/api.w.org\/{rel}","templated":true}]}}