{"id":595519,"date":"2026-06-08T20:04:25","date_gmt":"2026-06-08T20:04:25","guid":{"rendered":"https:\/\/www.europesays.com\/es\/595519\/"},"modified":"2026-06-08T20:04:25","modified_gmt":"2026-06-08T20:04:25","slug":"sandra-barneda-dice-no-a-la-isla-de-las-tentaciones-y-mediaset-la-castiga","status":"publish","type":"post","link":"https:\/\/www.europesays.com\/es\/595519\/","title":{"rendered":"Sandra Barneda dice \u00abno\u00bb a la Isla de las Tentaciones y Mediaset la castiga"},"content":{"rendered":"<p>                                    <img decoding=\"async\" loading=\"lazy\" src=\"https:\/\/www.europesays.com\/es\/wp-content\/uploads\/2026\/06\/66824dcb1264c.jpeg\" alt=\"David Lozano\" width=\"40\" height=\"40\" data-full-src=\"https:\/\/www.europesays.com\/es\/wp-content\/uploads\/2026\/06\/66824dcb1264c.jpeg\"\/><\/p>\n<p class=\"paragraph\"><b><a href=\"https:\/\/www.esdiario.com\/chismografo\/260525\/188637\/sandra-barneda-alucina-ivone-reyes-hijo-alejandro-telecinco-tirita-haceis.html\" target=\"_blank\" rel=\"nofollow noopener\">Sandra Barneda<\/a><\/b>, actual cara visible de <b>La isla de las tentaciones<\/b> en <b><a href=\"https:\/\/www.esdiario.com\/chismografo\/260525\/188671\/jose-manuel-soto-telecinco-muestran-verdadera-cara-audiencia-revuelve-grito-tongo.html\" target=\"_blank\" rel=\"nofollow noopener\">Telecinco<\/a><\/b>, ha confesado en el p\u00f3dcast <b>Decir las cosas <\/b>de <b>Vanity Fair<\/b> las verdaderas razones que la llevaron a rechazar inicialmente el reality que hoy la ha consolidado como una de las presentadoras estrella de la cadena.<\/p>\n<p class=\"paragraph\">\u201cA m\u00ed me ofrecen La isla de las tentaciones y les digo que no por un tema econ\u00f3mico\u201d. As\u00ed de clara y directa fue Barneda al explicar su decisi\u00f3n inicial. En aquel momento, la periodista estaba al frente de <b>Supervivientes<\/b> y <b>Gran Hermano VIP<\/b>, dos formatos que le reportaban alrededor de 30 prime times al a\u00f1o. La propuesta de <b>Mediaset<\/b> para el nuevo reality (que se emitir\u00eda en <b>Cuatro <\/b>y constaba de solo ocho episodios) chocaba frontalmente con su agenda y, sobre todo, con su cuenta de resultados.<\/p>\n<p class=\"paragraph\">\u201cMe dijeron que se grababa en temporada alta y no podr\u00eda hacer Supervivientes, y que al estrenarse en Cuatro coincidir\u00eda con GH VIP. Entonces le dije a<b> <a href=\"https:\/\/www.esdiario.com\/chismografo\/260323\/183202\/proposicion-indecente-vasile-hizo-albert-rivera-rechazo.html\" target=\"_blank\" rel=\"nofollow noopener\">Paolo Vasile<\/a><\/b>: \u2018No me salen las cuentas\u2019\u201d, relat\u00f3.<\/p>\n<p class=\"paragraph\">El audio enviado al entonces todopoderoso consejero delegado de <b>Mediaset Espa\u00f1a<\/b> no tuvo la respuesta esperada. M\u00e1s bien todo lo contrario. Hubo un silencio absoluto. Y despu\u00e9s, el castigo.<\/p>\n<p class=\"paragraph\">\u201cCasi me tiro un a\u00f1o y pico sin trabajar. Hubo un castigo\u201d, reconoce sin ambages la presentadora. Barneda se enter\u00f3 por la prensa de que ya no har\u00eda ni Supervivientes ni Gran Hermano VIP. Tambi\u00e9n por los medios supo que <b>M\u00f3nica Naranjo<\/b> ser\u00eda finalmente la elegida para presentar la primera edici\u00f3n de La isla de las tentaciones.<\/p>\n<p class=\"paragraph\">En ese periodo de ostracismo televisivo, Sandra Barneda mont\u00f3 su propio canal de <b>YouTube<\/b> para mantenerse activa y visible. La situaci\u00f3n era tan delicada que, meses despu\u00e9s, cuando Paolo Vasile la cit\u00f3, la presentadora ya estaba \u201cm\u00e1s muerta que otra cosa\u201d.<\/p>\n<p class=\"paragraph\">El directivo le ofreci\u00f3 entonces moderar los debates del programa. Barneda acept\u00f3. Poco despu\u00e9s, M\u00f3nica Naranjo no lleg\u00f3 a un acuerdo con la cadena y la propuesta de presentar <a href=\"https:\/\/www.esdiario.com\/chismografo\/260521\/188365\/situacion-jamas-vista-produce-isla-tentaciones-villas-explotan-tia-bicho.html\" target=\"_blank\" rel=\"nofollow noopener\">La isla de las Tentaciones<\/a> completo volvi\u00f3 a aterrizar sobre su mesa justo cuando su contrato estaba a punto de expirar.<\/p>\n<p class=\"paragraph\">As\u00ed comenz\u00f3 su segunda etapa al frente del formato, en plena pandemia, convirti\u00e9ndose en la primera producci\u00f3n que se grababa fuera de Espa\u00f1a durante dos meses y medio en las duras condiciones post-COVID.<\/p>\n<p class=\"paragraph\">El relato de Barneda deja al descubierto las duras reglas no escritas de Mediaset en la era Vasile: o aceptas lo que te ofrecen, o pagas las consecuencias. Un \u201ccastigo\u201d ejemplar que la dej\u00f3 fuera de los grandes prime times durante casi un a\u00f1o y que hoy, con la perspectiva del tiempo, la propia presentadora resume con crudeza pero sin rencor aparente.<\/p>\n<p class=\"paragraph\">Lo que empez\u00f3 como un \u201cno\u201d por pura cuesti\u00f3n de n\u00fameros acab\u00f3 convirti\u00e9ndose en uno de los programas m\u00e1s rentables y comentados de Telecinco, con Barneda al mando desde la segunda edici\u00f3n. Una historia de supervivencia en el salvaje mundo de la televisi\u00f3n de realities, donde rechazar una oferta del jefe puede salir muy caro.<\/p>\n<p class=\"paragraph\">\u00bfLecci\u00f3n aprendida? En Mediaset, como en muchos otros grandes grupos, a veces es mejor que \u201cte salgan las cuentas\u201d\u2026 o atenerte a las consecuencias.<\/p>\n<p>            <a href=\"#\" title=\"\"><\/p>\n<p>                    <img loading=\"lazy\" decoding=\"async\" width=\"140\" height=\"140\" alt=\"Andr\u00e9s Pajares, en febrero de 2023 en Madrid.\" src=\"https:\/\/imagenes.esdiario.com\/files\/related_image\/uploads\/2026\/02\/04\/69831365426f6.jpeg\" data-full-src=\"https:\/\/www.europesays.com\/es\/wp-content\/uploads\/2026\/06\/69831365426f6.jpeg\"\/><\/p>\n<p>            <\/a><\/p>\n","protected":false},"excerpt":{"rendered":"Sandra Barneda, actual cara visible de La isla de las tentaciones en Telecinco, ha confesado en el p\u00f3dcast&hellip;\n","protected":false},"author":2,"featured_media":595520,"comment_status":"","ping_status":"","sticky":false,"template":"","format":"standard","meta":{"footnotes":""},"categories":[171],"tags":[146,147,25,24,955,18070,4253,23,3947,692,214],"class_list":["post-595519","post","type-post","status-publish","format-standard","has-post-thumbnail","category-tv","tag-entertainment","tag-entretenimiento","tag-es","tag-espana","tag-mediaset","tag-reality-show","tag-sandra-barneda","tag-spain","tag-supervivientes","tag-telecinco","tag-tv"],"share_on_mastodon":{"url":"https:\/\/pubeurope.com\/@es\/116716285339835624","error":""},"_links":{"self":[{"href":"https:\/\/www.europesays.com\/es\/wp-json\/wp\/v2\/posts\/595519","targetHints":{"allow":["GET"]}}],"collection":[{"href":"https:\/\/www.europesays.com\/es\/wp-json\/wp\/v2\/posts"}],"about":[{"href":"https:\/\/www.europesays.com\/es\/wp-json\/wp\/v2\/types\/post"}],"author":[{"embeddable":true,"href":"https:\/\/www.europesays.com\/es\/wp-json\/wp\/v2\/users\/2"}],"replies":[{"embeddable":true,"href":"https:\/\/www.europesays.com\/es\/wp-json\/wp\/v2\/comments?post=595519"}],"version-history":[{"count":0,"href":"https:\/\/www.europesays.com\/es\/wp-json\/wp\/v2\/posts\/595519\/revisions"}],"wp:featuredmedia":[{"embeddable":true,"href":"https:\/\/www.europesays.com\/es\/wp-json\/wp\/v2\/media\/595520"}],"wp:attachment":[{"href":"https:\/\/www.europesays.com\/es\/wp-json\/wp\/v2\/media?parent=595519"}],"wp:term":[{"taxonomy":"category","embeddable":true,"href":"https:\/\/www.europesays.com\/es\/wp-json\/wp\/v2\/categories?post=595519"},{"taxonomy":"post_tag","embeddable":true,"href":"https:\/\/www.europesays.com\/es\/wp-json\/wp\/v2\/tags?post=595519"}],"curies":[{"name":"wp","href":"https:\/\/api.w.org\/{rel}","templated":true}]}}