{"id":595551,"date":"2026-06-08T20:27:20","date_gmt":"2026-06-08T20:27:20","guid":{"rendered":"https:\/\/www.europesays.com\/es\/595551\/"},"modified":"2026-06-08T20:27:20","modified_gmt":"2026-06-08T20:27:20","slug":"la-confesion-de-inaki-lopez-en-su-visita-a-joseba-arguinano-2","status":"publish","type":"post","link":"https:\/\/www.europesays.com\/es\/595551\/","title":{"rendered":"La confesi\u00f3n de I\u00f1aki L\u00f3pez en su visita a Joseba Argui\u00f1ano"},"content":{"rendered":"<p>\n        <strong>Joseba Argui\u00f1ano\u00a0se estren\u00f3 el viernes al frente de &#8216;Cocina Abierta&#8217; con un invitado de excepci\u00f3n: <\/strong><a href=\"https:\/\/www.deia.eus\/tags\/inaki-lopez\/\" title=\"I\u00f1aki L\u00f3pez\" class=\"link copy\" rel=\"nofollow noopener\" target=\"_blank\"><strong>I\u00f1aki L\u00f3pez<\/strong><\/a><strong>.<\/strong>\n<\/p>\n<p class=\"article-body__text \">\n        <strong>\u00abMe hace mucha ilusi\u00f3n que me hayas invitado, ten\u00eda muchas ganas de venir\u00bb,\u00a0<\/strong>comenzaba el periodista vasco.\n<\/p>\n<p class=\"article-body__text \">\n        M\u00e1s all\u00e1 del tiempo que pasaron cocinando, <strong>el equipo de &#8216;Cocina Abierta&#8217; quiso conocer un poco m\u00e1s de cerca a su invitado, y grabaron una serie de preguntas con respuestas r\u00e1pidas.<\/strong>\n<\/p>\n<p class=\"article-body__text \">\n        Una de las preguntas hac\u00eda relaci\u00f3n a los tres platos preferidos del periodista. <strong>\u00abEl arroz, el marmitako y cualquier pescado a la brasa\u00bb, <\/strong>se\u00f1al\u00f3 sin dudarlo ni un segundo.\n<\/p>\n<p>  \u00abRuleta rusa\u00bb con wasabi<\/p>\n<p class=\"article-body__text \">\n        Uno de los momentos m\u00e1s divertidos del programa lleg\u00f3 cuando jugaron a una \u00abruleta rusa\u00bb con unas<strong>\u00a0fresas rellenas de wasabi,\u00a0<\/strong>t\u00edpico de la gastronom\u00eda japonesa que destaca por su picor.\n<\/p>\n<p class=\"article-body__text \">\n        Rellenaron dos fresas aleatorias de este condimento y\u00a0<strong>fueron comiendo un plato lleno de fresas hasta que uno comiera una de las picantes.<\/strong>\n<\/p>\n<p class=\"article-body__text \">\n        El portugalujo perdi\u00f3 el juego, y aunque su intenci\u00f3n era hacerse \u00abel sueco\u00bb y comerla como si nada, no pudo soportar el picor:<strong>\u00a0\u00ab\u00a1Qu\u00e9 asco! Est\u00e1 mala, qu\u00e9 puto horror. Espero que teng\u00e1is un seguro para esto\u00bb.<\/strong>\n<\/p>\n<p class=\"article-body__text \">\n        <strong>\u00abCreo que I\u00f1aki no vuelve\u00bb,<\/strong>\u00a0escribi\u00f3, en tono de broma, el chef guipuzcoano en sus redes sociales.\n<\/p>\n<p>  Cambios en &#8216;Cocina Abierta&#8217;<\/p>\n<p class=\"article-body__text \">\n        <a href=\"https:\/\/www.noticiasdegipuzkoa.eus\/tags\/joseba-arguinano\/\" title=\"Joseba Argui\u00f1ano\" class=\"link copy\" rel=\"nofollow noopener\" target=\"_blank\"><strong>Joseba Argui\u00f1ano<\/strong><\/a><strong>\u00a0se puso el viernes al frente de &#8216;Cocina Abierto&#8217;, el programa de su padre, Karlos Argui\u00f1ano.<\/strong>\n<\/p>\n<p class=\"article-body__text \">\n        <strong>El joven vasco, que cogi\u00f3 el testigo de su padre por primera vez en en el programa, recibir\u00e1 cada viernes a un invitado de excepci\u00f3n.<\/strong>\n<\/p>\n<p class=\"article-body__text \">\n        Tras 40 a\u00f1os de carrera como presentador de televisi\u00f3n,\u00a0<a href=\"https:\/\/www.noticiasdegipuzkoa.eus\/tags\/karlos-arguinano\/\" title=\"Karlos Argui\u00f1ano\" class=\"link copy\" rel=\"nofollow noopener\" target=\"_blank\"><strong>Karlos Argui\u00f1ano<\/strong><\/a><strong>\u00a0se apartar\u00e1 de su programa &#8216;Cocina abierta&#8217; los viernes para dejarle su puesto a Joseba Argui\u00f1ano. <\/strong>\n<\/p>\n<p class=\"article-body__text \">\n        <strong>\u00abArranca el verano con &#8216;Cocina Abierta&#8217; de Joseba Argui\u00f1ano. Invitados top, recetas de 10 y momentazos. \u00a1Ya ver\u00e9is!\u00bb,<\/strong>\u00a0se\u00f1al\u00f3.\n<\/p>\n<p class=\"article-body__text \">\n        <a href=\"https:\/\/www.deia.eus\/tags\/atresmedia\/\" title=\"Atresmedia\" class=\"link copy\" rel=\"nofollow noopener\" target=\"_blank\">Atresmedia<\/a>\u00a0premia as\u00ed el carisma y buen hacer del chef,<strong>\u00a0ascendi\u00e9ndole a presentador titular de &#8216;Cocina Abierta&#8217; los viernes.<\/strong>\n<\/p>\n<p class=\"article-body__text \">\n        <strong>Joseba, que comenz\u00f3 a colaborar en &#8216;Cocina Abierta&#8217; en 2019, gana peso en la cadena de cara a una futura jubilaci\u00f3n de su padre. Todo apunta a que Atresmedia apuesta por el joven guipuzcoano para sustituir a su padre, de 77 a\u00f1os, cuando \u00e9ste decida retirarse del foco medi\u00e1tico.<\/strong>\n<\/p>\n<p class=\"article-body__text \">\n        A sus 41 a\u00f1os,<strong>\u00a0el chef presentar\u00e1 en solitario su primer programa en\u00a0<\/strong><a href=\"https:\/\/www.deia.eus\/tags\/antena-3\/\" title=\"Antena 3\" class=\"link copy\" rel=\"nofollow noopener\" target=\"_blank\"><strong>Antena 3<\/strong><\/a><strong>\u00a0tras consolidarse como todo un referente de la EITB con programas como\u00a0&#8216;Sukalerrian&#8217;.<\/strong>\n<\/p>\n<p class=\"article-photo__footer\">\n            El cocinero Karlos Argui\u00f1ano (d) junto a su hijo Joseba Argui\u00f1ano (i)            E.P.        <\/p>\n<p>            <a href=\"https:\/\/www.deia.eus\/gente\/2026\/06\/01\/momento-divertido-karlos-arguinano-vuelve-viral-11142151.html\" title=\"El momento m\u00e1s divertido de Karlos Argui\u00f1ano que vuelve a hacerse viral\" class=\"new__media\" rel=\"nofollow noopener\" target=\"_blank\"><\/p>\n<p>                <img alt=\"El momento m\u00e1s divertido de Karlos Argui\u00f1ano que vuelve a hacerse viral\" data-src=\"https:\/\/www.europesays.com\/es\/wp-content\/uploads\/2026\/06\/1780950440_969_3b5c996f-c686-424f-966f-13345958a486_16-9-aspect-ratio_default_0.jpg\" class=\"lozad\"\/><\/p>\n<p>        <\/a><\/p>\n<p>        <a href=\"https:\/\/www.deia.eus\/gente\/2026\/06\/01\/momento-divertido-karlos-arguinano-vuelve-viral-11142151.html\" title=\"El momento m\u00e1s divertido de Karlos Argui\u00f1ano que vuelve a hacerse viral\" class=\"new__headline\" rel=\"nofollow noopener\" target=\"_blank\"><br \/>\n            El momento m\u00e1s divertido de Karlos Argui\u00f1ano que vuelve a hacerse viral<br \/>\n        <\/a><\/p>\n<p>  Sobre I\u00f1aki L\u00f3pez<\/p>\n<p class=\"article-body__text \">\n        <strong>I\u00f1aki L\u00f3pez, primer invitado de Joseba Argui\u00f1ano,\u00a0es un conocido\u00a0periodista y presentador nacido en el municipio vizca\u00edno de\u00a0<\/strong><a href=\"https:\/\/www.noticiasdegipuzkoa.eus\/tags\/portugalete\/\" title=\"Portugalete\" class=\"link copy\" rel=\"nofollow noopener\" target=\"_blank\"><strong>Portugalete<\/strong><\/a><strong>.<\/strong>\n<\/p>\n<p class=\"article-body__text \">\n        Comenz\u00f3 su carrera en el \u00e1mbito local,\u00a0<strong>trabajando para varias emisoras de\u00a0radio y televisi\u00f3n\u00a0de\u00a0<\/strong><a href=\"https:\/\/www.noticiasdegipuzkoa.eus\/tags\/euskadi\/\" title=\"Euskadi\" class=\"link copy\" rel=\"nofollow noopener\" target=\"_blank\"><strong>Euskadi<\/strong><\/a><strong>,<\/strong>\u00a0pero su gran oportunidad lleg\u00f3 en 2013, cuando se convirti\u00f3 en el<strong>\u00a0presentador de\u00a0&#8216;La Sexta Noche&#8217;<\/strong>, un programa de debate pol\u00edtico y actualidad. Durante su tiempo en este programa, destac\u00f3 por su\u00a0<strong>estilo directo y su habilidad para manejar debates\u00a0<\/strong>intensos y variados.<\/p>\n","protected":false},"excerpt":{"rendered":"Joseba Argui\u00f1ano\u00a0se estren\u00f3 el viernes al frente de &#8216;Cocina Abierta&#8217; con un invitado de excepci\u00f3n: I\u00f1aki L\u00f3pez. \u00abMe&hellip;\n","protected":false},"author":2,"featured_media":595552,"comment_status":"","ping_status":"","sticky":false,"template":"","format":"standard","meta":{"footnotes":""},"categories":[171],"tags":[146,147,25,24,12014,6616,7355,16824,23,603,214],"class_list":["post-595551","post","type-post","status-publish","format-standard","has-post-thumbnail","category-tv","tag-entertainment","tag-entretenimiento","tag-es","tag-espana","tag-favoritos","tag-inaki","tag-lopez","tag-platos","tag-spain","tag-tres","tag-tv"],"share_on_mastodon":{"url":"https:\/\/pubeurope.com\/@es\/116716375132955287","error":""},"_links":{"self":[{"href":"https:\/\/www.europesays.com\/es\/wp-json\/wp\/v2\/posts\/595551","targetHints":{"allow":["GET"]}}],"collection":[{"href":"https:\/\/www.europesays.com\/es\/wp-json\/wp\/v2\/posts"}],"about":[{"href":"https:\/\/www.europesays.com\/es\/wp-json\/wp\/v2\/types\/post"}],"author":[{"embeddable":true,"href":"https:\/\/www.europesays.com\/es\/wp-json\/wp\/v2\/users\/2"}],"replies":[{"embeddable":true,"href":"https:\/\/www.europesays.com\/es\/wp-json\/wp\/v2\/comments?post=595551"}],"version-history":[{"count":0,"href":"https:\/\/www.europesays.com\/es\/wp-json\/wp\/v2\/posts\/595551\/revisions"}],"wp:featuredmedia":[{"embeddable":true,"href":"https:\/\/www.europesays.com\/es\/wp-json\/wp\/v2\/media\/595552"}],"wp:attachment":[{"href":"https:\/\/www.europesays.com\/es\/wp-json\/wp\/v2\/media?parent=595551"}],"wp:term":[{"taxonomy":"category","embeddable":true,"href":"https:\/\/www.europesays.com\/es\/wp-json\/wp\/v2\/categories?post=595551"},{"taxonomy":"post_tag","embeddable":true,"href":"https:\/\/www.europesays.com\/es\/wp-json\/wp\/v2\/tags?post=595551"}],"curies":[{"name":"wp","href":"https:\/\/api.w.org\/{rel}","templated":true}]}}