{"id":59572,"date":"2025-08-20T06:28:15","date_gmt":"2025-08-20T06:28:15","guid":{"rendered":"https:\/\/www.europesays.com\/es\/59572\/"},"modified":"2025-08-20T06:28:15","modified_gmt":"2025-08-20T06:28:15","slug":"se-confirma-lo-de-jonathan-viera-y-jese","status":"publish","type":"post","link":"https:\/\/www.europesays.com\/es\/59572\/","title":{"rendered":"Se confirma lo de Jonathan Viera y Jes\u00e9"},"content":{"rendered":"<p class=\"parrafo\"><strong><a href=\"https:\/\/www.estadiodeportivo.com\/futbol\/las-palmas\/abre-puerta-jese-rodriguez-20250721-504829.html\" target=\"_blank\" class=\"intext-link\" rel=\"nofollow noopener\">Jonathan Viera <\/a><\/strong><a href=\"https:\/\/www.estadiodeportivo.com\/futbol\/las-palmas\/abre-puerta-jese-rodriguez-20250721-504829.html\" target=\"_blank\" class=\"intext-link\" rel=\"nofollow noopener\">y <strong>Jes\u00e9 <\/strong>se quedaron fuera de poder participar con <strong>Las Palmas <\/strong>el pasado fin de semana <\/a>en el estreno del cuadro de <strong>Luis Garc\u00eda <\/strong>ante el <strong>Andorra <\/strong>de <strong>Ibai G\u00f3mez<\/strong>. <strong>Las Palmas<\/strong>, sin <strong>Jonathan Viera <\/strong>ni <strong>Jes\u00e9<\/strong>, no pudo pasar del empate a 1 ante el reci\u00e9n ascendido <strong>Andorra <\/strong>y tras la primera decepci\u00f3n de la temporada, muchos aficionados invocaron a 2 de los fichajes m\u00e1s ilusionantes del cuadro canario.<\/p>\n<p><a class=\"elementos-rel-t2\" href=\"https:\/\/www.estadiodeportivo.com\/futbol\/las-palmas\/jese-rodriguez-tajante-las-palmas-20250726-505519.html\" title=\"Jes\u00e9 Rodr\u00edguez, tajante en Las Palmas\" rel=\"nofollow noopener\" target=\"_blank\">Jes\u00e9 Rodr\u00edguez, tajante en Las Palmas<img decoding=\"async\" src=\"https:\/\/www.europesays.com\/es\/wp-content\/uploads\/2025\/08\/c58b3bbc-7495-4274-a957-6d3f6584720f_320x180.png\" alt=\"Jes\u00e9 Rodr\u00edguez, tajante en Las Palmas\"\/><\/a><a class=\"elementos-rel-t2\" href=\"https:\/\/www.estadiodeportivo.com\/futbol\/las-palmas\/palo-para-jonathan-viera-20250802-506377.html\" title=\"Palo para Jonathan Viera\" rel=\"nofollow noopener\" target=\"_blank\">Palo para Jonathan Viera<img decoding=\"async\" src=\"https:\/\/www.europesays.com\/es\/wp-content\/uploads\/2025\/08\/56cbdf76-0c50-4bb5-8ead-4890d2944614_320x180.png\" alt=\"Palo para Jonathan Viera\"\/><\/a><a class=\"elementos-rel-t2\" href=\"https:\/\/www.estadiodeportivo.com\/futbol\/las-palmas\/polemica-con-fichaje-jonathan-viera-20250715-504069.html\" title=\"Pol\u00e9mica con el fichaje de Jonathan Viera\" rel=\"nofollow noopener\" target=\"_blank\">Pol\u00e9mica con el fichaje de Jonathan Viera<img decoding=\"async\" src=\"https:\/\/www.europesays.com\/es\/wp-content\/uploads\/2025\/08\/c8f02a0c-24e9-4381-943d-a1264758d18f_320x180.png\" alt=\"Pol\u00e9mica con el fichaje de Jonathan Viera\"\/><\/a>Jonathan Viera y Jes\u00e9, fuera<\/p>\n<p class=\"parrafo\"><strong>Jonathan Viera <\/strong>y <strong>Jes\u00e9 <\/strong>no estaban disponibles por no estar a\u00fan inscritos en <strong>LaLiga<\/strong>, un tr\u00e1mite que todos los equipos tienen que cumplir m\u00e1s all\u00e1 de cerrar fichajes. <strong>Jonathan Viera <\/strong>fue inscrito por <strong>Las Palmas <\/strong>el pasado lunes y <strong>Jes\u00e9 <\/strong>este mismo martes. Por tanto, tanto <strong>Jonathan Viera <\/strong>como <strong>Jes\u00e9 <\/strong>podr\u00e1n ser alineables por parte de <strong>Luis Garc\u00eda <\/strong>en el primer encuentro lejos de <strong>Gran Canaria <\/strong>de los pio-pio.<\/p>\n<p>Los problemas de Jonathan Viera y Jes\u00e9<\/p>\n<p class=\"parrafo\">Adem\u00e1s de no estar inscritos en <strong>LaLiga<\/strong>, <strong>Jonathan Viera <\/strong>y <strong>Jes\u00e9 <\/strong>arrastraban algunos problemas f\u00edsicos. En el caso del ex del Almer\u00eda, molestias en la espalda. En el caso del ex del <strong>Johor <\/strong>de <strong>Malasia<\/strong>, estaba a\u00fan trabajando para llegar a un tono f\u00edsico ideal ya que tras salir del cuadro malayo, se estuvo entrenando en solitario y ten\u00eda falta de ritmo de trabajo en grupo. Ahora <strong>Jonathan Viera<\/strong>, con el 21 a la espalda y <strong>Jes\u00e9 <\/strong>con el 10, est\u00e1n listos para debutar con <strong>Las Palmas <\/strong>en <strong>LaLiga Hypermotion <\/strong>en una campa\u00f1a en la que los canarios, a tenor de los refuerzos que han tenido, son claros candidatos al ascenso a <strong>Primera<\/strong>.<\/p>\n<p><img decoding=\"async\" src=\"https:\/\/www.europesays.com\/es\/wp-content\/uploads\/2025\/08\/ed90c0d2-989b-418e-918f-ceb2c88c40df_800x1000.jpeg\" loading=\"lazy\"\/>Los n\u00fameros de Jes\u00e9 y Jonathan Viera<\/p>\n<p class=\"parrafo\">La \u00faltima que <strong>Jes\u00e9 Rodr\u00edguez <\/strong>defendi\u00f3 los colores de <strong>Las Palmas <\/strong>en una temporada completa fue en la 2021\/22. En dicho curso, en <strong>Segunda divisi\u00f3n<\/strong>, <strong>Jes\u00e9 Rodr\u00edguez <\/strong>marc\u00f3 11 goles y reparti\u00f3 6 asistencias. <strong>Jes\u00e9 Rodr\u00edguez <\/strong>no quiso hablar de cifras el d\u00eda de su presentaci\u00f3n pero sabiendo de la ambici\u00f3n del canario, buscar\u00e1 llegar lo m\u00e1s lejos posible.<\/p>\n<p class=\"parrafo\">En el caso de <strong>Jonathan Viera<\/strong>, su abrupta salida en la 2023\/24 rumbo al <strong>Almer\u00eda <\/strong>lo dej\u00f3 con 2 goles y 1 asistencia. En <strong>Las Palmas <\/strong>a\u00fan recuerdan la 2021\/22 cuando marc\u00f3 14 dianas y reparti\u00f3 5 asistencias. Por tanto, una dupla como la de <strong>Jes\u00e9 <\/strong>y <strong>Jonathan Viera <\/strong>en la 2021\/22 le dar\u00edan muchas alegr\u00edas a la afici\u00f3n de <strong>Gran Canaria<\/strong>, ansiosa por ver a la pareja en acci\u00f3n.<\/p>\n","protected":false},"excerpt":{"rendered":"Jonathan Viera y Jes\u00e9 se quedaron fuera de poder participar con Las Palmas el pasado fin de semana&hellip;\n","protected":false},"author":2,"featured_media":59573,"comment_status":"","ping_status":"","sticky":false,"template":"","format":"standard","meta":{"footnotes":""},"categories":[268],"tags":[168,25,24,284,280,282,558,25091,11014,7640,281,23,167,4406],"class_list":{"0":"post-59572","1":"post","2":"type-post","3":"status-publish","4":"format-standard","5":"has-post-thumbnail","7":"category-futbol","8":"tag-deportes","9":"tag-es","10":"tag-espana","11":"tag-estadio-deportivo","12":"tag-football","13":"tag-futbol","14":"tag-jese","15":"tag-jese-rodriguez","16":"tag-jonathan-viera","17":"tag-segunda-division","18":"tag-soccer","19":"tag-spain","20":"tag-sports","21":"tag-ud-las-palmas"},"share_on_mastodon":{"url":"","error":""},"_links":{"self":[{"href":"https:\/\/www.europesays.com\/es\/wp-json\/wp\/v2\/posts\/59572","targetHints":{"allow":["GET"]}}],"collection":[{"href":"https:\/\/www.europesays.com\/es\/wp-json\/wp\/v2\/posts"}],"about":[{"href":"https:\/\/www.europesays.com\/es\/wp-json\/wp\/v2\/types\/post"}],"author":[{"embeddable":true,"href":"https:\/\/www.europesays.com\/es\/wp-json\/wp\/v2\/users\/2"}],"replies":[{"embeddable":true,"href":"https:\/\/www.europesays.com\/es\/wp-json\/wp\/v2\/comments?post=59572"}],"version-history":[{"count":0,"href":"https:\/\/www.europesays.com\/es\/wp-json\/wp\/v2\/posts\/59572\/revisions"}],"wp:featuredmedia":[{"embeddable":true,"href":"https:\/\/www.europesays.com\/es\/wp-json\/wp\/v2\/media\/59573"}],"wp:attachment":[{"href":"https:\/\/www.europesays.com\/es\/wp-json\/wp\/v2\/media?parent=59572"}],"wp:term":[{"taxonomy":"category","embeddable":true,"href":"https:\/\/www.europesays.com\/es\/wp-json\/wp\/v2\/categories?post=59572"},{"taxonomy":"post_tag","embeddable":true,"href":"https:\/\/www.europesays.com\/es\/wp-json\/wp\/v2\/tags?post=59572"}],"curies":[{"name":"wp","href":"https:\/\/api.w.org\/{rel}","templated":true}]}}