{"id":596004,"date":"2026-06-09T02:26:12","date_gmt":"2026-06-09T02:26:12","guid":{"rendered":"https:\/\/www.europesays.com\/es\/596004\/"},"modified":"2026-06-09T02:26:12","modified_gmt":"2026-06-09T02:26:12","slug":"la-vacuna-del-herpes-zoster-reduce-un-88-los-casos-en-la-poblacion-de-80-anos","status":"publish","type":"post","link":"https:\/\/www.europesays.com\/es\/596004\/","title":{"rendered":"La vacuna del herpes z\u00f3ster reduce un 88% los casos en la poblaci\u00f3n de 80 a\u00f1os"},"content":{"rendered":"<p style=\"\">La vacuna del herpes z\u00f3ster, que se administra a los 65 y a los 80 a\u00f1os, es muy eficaz a la hora de prevenir esta  &#8230; enfermedad. Al menos as\u00ed lo apuntan los primeros datos disponibles en Espa\u00f1a, que se han recogido en la Regi\u00f3n de Murcia. Los servicios de Epidemiolog\u00eda y de Prevenci\u00f3n y Promoci\u00f3n de la Salud han detectado que la incidencia de herpes z\u00f3ster entre los vacunados de 65 a\u00f1os es un 55% inferior a la tasa registrada entre quienes no acuden a protegerse. En la poblaci\u00f3n de 80, esa diferencia es a\u00fan mayor, del 88%. <\/p>\n<p class=\"v-d-p\" style=\"\">La vacunaci\u00f3n generalizada frente al herpes z\u00f3ster en edades avanzadas es reciente. En la Comunidad empez\u00f3 a administrarse a la poblaci\u00f3n de 65 a\u00f1os en 2023, y en 2024 comenz\u00f3 a inocularse tambi\u00e9n a quienes cumplen 80. Hasta ese momento esta protecci\u00f3n se reservaba a personas con problemas de inmunosupresi\u00f3n. Dado que todav\u00eda hay pocos datos disponibles, los resultados observados deben leerse con prudencia. Pero no por ello dejan de ser destacables. Jaime P\u00e9rez, jefe del servicio de Prevenci\u00f3n y Promoci\u00f3n de la Salud de la Consejer\u00eda, subraya que van en la l\u00ednea de lo que ya apuntaban los ensayos cl\u00ednicos. <\/p>\n<p class=\"v-d-p\" style=\"\">\u00abHay que tener en cuenta que el 50% de la poblaci\u00f3n va a padecer herpes z\u00f3ster si llega a los 80 a\u00f1os, y hablamos de una enfermedad que tiene un gran impacto en la calidad de vida. Puede producir un dolor cr\u00f3nico muy incapacitante\u00bb, advierte el experto. <\/p>\n<p class=\"v-d-p\" style=\"\">El herpes z\u00f3ster est\u00e1 causado por el mismo virus que provoca la varicela. En las personas que han padecido la enfermedad permanece latente, y cuando se reactiva se produce la caracter\u00edstica erupci\u00f3n cut\u00e1nea. El riesgo de que el virus reaparezca de esta forma tan agresiva aumenta con la edad. <\/p>\n<p class=\"v-d-p\" style=\"\">En los \u00faltimos a\u00f1os, la incidencia de herpes z\u00f3ster va en aumento. De ah\u00ed que el Ministerio y las comunidades decidieran financiar la vacuna Shingrix, de la compa\u00f1\u00eda farmac\u00e9utica GSK, tras haber mostrado buenos resultados en los ensayos cl\u00ednicos. <\/p>\n<p class=\"v-d-p\" style=\"\">Los primeros datos recogidos por la Consejer\u00eda en la Regi\u00f3n de Murcia avalan ahora esta decisi\u00f3n. El servicio de Epidemiolog\u00eda ha analizado la incidencia de herpes z\u00f3ster registrada en 2024 tanto en la poblaci\u00f3n de 65 a\u00f1os como en la de 80, y ha detectado una gran diferencia entre quienes se vacunaron y entre quienes optaron por no hacerlo. <\/p>\n<p class=\"v-d-p\" style=\"\">As\u00ed, entre los murcianos de 80 a\u00f1os vacunados se registraron 202 casos por cada 100.00 habitantes. La tasa fue muy superior, de 1.705 casos por 100.000, en la poblaci\u00f3n no protegida de esa misma edad, detalla el epidemi\u00f3logo Alejandro Mart\u00ednez Portillo. <\/p>\n<p class=\"v-d-p\" style=\"\">Los expertos de Salud han calculado que se evitaron 109 casos de herpes z\u00f3ster en 2024 en personas de 65 y 80 a\u00f1os gracias a la vacunaci\u00f3n. Es una cifra no desde\u00f1able, pero se habr\u00edan prevenido muchos m\u00e1s con coberturas vacunales m\u00e1s altas. Solo el 31% de los murcianos de 80 a\u00f1os, y el 36% de los que cumplieron 65, acudieron a su centro de salud a protegerse del herpes z\u00f3ster en la Regi\u00f3n. <\/p>\n<p class=\"v-d-p\" style=\"\">Con los primeros datos de eficacia en la mano, aumentar estas coberturas se ha convertido en una prioridad para Salud.<\/p>\n","protected":false},"excerpt":{"rendered":"La vacuna del herpes z\u00f3ster, que se administra a los 65 y a los 80 a\u00f1os, es muy&hellip;\n","protected":false},"author":2,"featured_media":596005,"comment_status":"","ping_status":"","sticky":false,"template":"","format":"standard","meta":{"footnotes":""},"categories":[92],"tags":[988,858,25,24,165,6298,696,3385,166,23,8177,8178],"class_list":["post-596004","post","type-post","status-publish","format-standard","has-post-thumbnail","category-salud","tag-anos","tag-casos","tag-es","tag-espana","tag-health","tag-herpes","tag-poblacion","tag-reduce","tag-salud","tag-spain","tag-vacuna","tag-zoster"],"share_on_mastodon":{"url":"https:\/\/pubeurope.com\/@es\/116717786682614595","error":""},"_links":{"self":[{"href":"https:\/\/www.europesays.com\/es\/wp-json\/wp\/v2\/posts\/596004","targetHints":{"allow":["GET"]}}],"collection":[{"href":"https:\/\/www.europesays.com\/es\/wp-json\/wp\/v2\/posts"}],"about":[{"href":"https:\/\/www.europesays.com\/es\/wp-json\/wp\/v2\/types\/post"}],"author":[{"embeddable":true,"href":"https:\/\/www.europesays.com\/es\/wp-json\/wp\/v2\/users\/2"}],"replies":[{"embeddable":true,"href":"https:\/\/www.europesays.com\/es\/wp-json\/wp\/v2\/comments?post=596004"}],"version-history":[{"count":0,"href":"https:\/\/www.europesays.com\/es\/wp-json\/wp\/v2\/posts\/596004\/revisions"}],"wp:featuredmedia":[{"embeddable":true,"href":"https:\/\/www.europesays.com\/es\/wp-json\/wp\/v2\/media\/596005"}],"wp:attachment":[{"href":"https:\/\/www.europesays.com\/es\/wp-json\/wp\/v2\/media?parent=596004"}],"wp:term":[{"taxonomy":"category","embeddable":true,"href":"https:\/\/www.europesays.com\/es\/wp-json\/wp\/v2\/categories?post=596004"},{"taxonomy":"post_tag","embeddable":true,"href":"https:\/\/www.europesays.com\/es\/wp-json\/wp\/v2\/tags?post=596004"}],"curies":[{"name":"wp","href":"https:\/\/api.w.org\/{rel}","templated":true}]}}