{"id":596011,"date":"2026-06-09T02:32:12","date_gmt":"2026-06-09T02:32:12","guid":{"rendered":"https:\/\/www.europesays.com\/es\/596011\/"},"modified":"2026-06-09T02:32:12","modified_gmt":"2026-06-09T02:32:12","slug":"la-uco-desvela-mails-de-david-sanchez-a-su-hermano-y-a-begona-informandoles-de-gestiones","status":"publish","type":"post","link":"https:\/\/www.europesays.com\/es\/596011\/","title":{"rendered":"La UCO desvela mails de David S\u00e1nchez a su hermano y a Bego\u00f1a inform\u00e1ndoles de gestiones"},"content":{"rendered":"<p style=\"\">Los informes finales del juicio por la contrataci\u00f3n de <a href=\"https:\/\/www.abc.es\/espana\/extremadura\/testigos-independientes-juicio-david-sanchez-vinculados-psoe-20260607014810-nt.html\" target=\"_self\" data-voc-vtm-id=\"in-text-traffic\" title=\"David S\u00e1nchez\" data-mrf-link=\"www.abc.es\" rel=\"nofollow noopener\">David S\u00e1nchez<\/a> en la Diputaci\u00f3n de Badajoz, han dejado este lunes un elemento hasta ahora pr\u00e1cticamente desconocido en el procedimiento. Iustitia Europa, como acusaci\u00f3n, revel\u00f3 la existencia de <strong>cinco correos electr\u00f3nicos enviados por el hermano <\/strong> &#8230; <strong>del presidente del Gobierno alguno de ellos a una cuenta personal identificada, aseguran, con el nombre de Pedro S\u00e1nchez<\/strong>, siendo uno de ellos determinante en la posterior transformaci\u00f3n del puesto de coordinador de las actividades de los conservatorios a jefe de la Oficina de Artes Esc\u00e9nicas.<\/p>\n<p class=\"v-d-p\" style=\"\">La referencia apareci\u00f3 durante la intervenci\u00f3n del abogado y presidente de la organizaci\u00f3n, Luis Pardo, que bas\u00f3 parte de su exposici\u00f3n en documentaci\u00f3n incorporada al atestado de la Unidad Central Operativa (UCO) de la Guardia Civil. Seg\u00fan su informe final, David S\u00e1nchez remiti\u00f3 varios mensajes a una direcci\u00f3n de correo electr\u00f3nico alguno de ellos a una cuenta asociada a su hermano entre 2018 y 2021. Entre estos mensajes, figura uno que, a juicio de la acusaci\u00f3n, desempe\u00f1a un papel central dentro de la secuencia de acontecimientos que acab\u00f3 desembocando en la creaci\u00f3n de la jefatura de la ya famosa oficina.<\/p>\n<p class=\"v-d-p\" style=\"\">Uno de esos correos conten\u00eda un mensaje remitido por Mar\u00eda Emilia Parejo, directora del \u00c1rea de Cultura, en el que <strong>se abordaba una cuesti\u00f3n importante dentro de la causa: la compatibilidad<\/strong> entre el puesto de alta direcci\u00f3n que ocupaba David S\u00e1nchez y otras actividades profesionales externas. <\/p>\n<ul class=\"v-cmp-rld__u\">\n<li class=\"v-cmp-rld__l\">\n<p><a class=\"v-a-lnk\" href=\"http:\/\/www.abc.es\/espana\/instituciones-penitenciarias-abre-parte-koldo-conflicto-preso-20260604024057-nt.html#vtm_modulosEngag=noticiasrelacionadas-cmp-uno:espana:noticia:1\" title=\"Instituciones Penitenciarias abre un parte a Koldo por un conflicto con otro preso\" data-voc-vtm-id=\"in-text-traffic\" rel=\"nofollow noopener\" target=\"_blank\"><br \/>\n<img decoding=\"async\" loading=\"lazy\" src=\"https:\/\/www.europesays.com\/es\/wp-content\/uploads\/2026\/06\/1511337034-U60424470362AEz-366x256@diario_abc.jpg\" class=\"v-a-img\" width=\"258\" height=\"180\" alt=\"Instituciones Penitenciarias abre un parte a Koldo por un conflicto con otro preso\"\/><br \/>\n<\/a><\/p>\n<\/li>\n<\/ul>\n<p class=\"v-d-p\" style=\"\">Durante su exposici\u00f3n, Pardo ley\u00f3 el contenido del correo. En \u00e9l, Parejo advert\u00eda de que no pod\u00eda reconocerse compatibilidad al personal directivo sometido a una relaci\u00f3n laboral especial de alta direcci\u00f3n, categor\u00eda en la que se encontraba encuadrado entonces el hermano del presidente del Gobierno. La propia funcionaria a\u00f1ad\u00eda que, a su juicio, la situaci\u00f3n planteada resultaba incompatible.<\/p>\n<p class=\"v-d-p\" style=\"\">Para Iustitia, <strong>este intercambio de correos, incluidos en el anexo F15, constituye una pieza relevante porque ayuda, entienden, a explicar uno de los episodios m\u00e1s controvertidos del procedimiento: la desaparici\u00f3n de la cl\u00e1usula de incompatibilidad<\/strong> cuando el puesto de coordinador de conservatorios cambia de nomenclatura. La tesis que ha defendido Pardo es que la modificaci\u00f3n administrativa del cargo no respondi\u00f3 \u00fanicamente a una reorganizaci\u00f3n interna de funciones, sino que permiti\u00f3 eliminar algunas de las limitaciones asociadas al puesto original.<\/p>\n<p><img decoding=\"async\" loading=\"lazy\" src=\"https:\/\/www.europesays.com\/es\/wp-content\/uploads\/2026\/06\/WhatsApp Image 2026-06-08 at 20.11.34b_20260608202827-U53246760583pkn-680x700@diario_abc.jpg\" class=\"v-a-img\" height=\"700\" alt=\"Los correos recogidos en el informe de la UCO.\" data-voc-vtm-id=\"in-text-traffic\" width=\"680\"\/><\/p>\n<p>Los correos recogidos en el informe de la UCO.<\/p>\n<p>(ABC)<\/p>\n<p class=\"v-d-p\" style=\"\">Adem\u00e1s de ese mensaje, el abogado mencion\u00f3 la existencia de otros cuatro correos electr\u00f3nicos enviados a la misma direcci\u00f3n. Mensajes que inclu\u00edan, seg\u00fan su exposici\u00f3n, documentaci\u00f3n relacionada con conflictos de intereses, contratos de arrendamiento de viviendas, certificados administrativos y titularidades de cuentas bancarias.<\/p>\n<p class=\"v-d-p\" style=\"\">Pardo, guardia civil en excedencia, <strong>llega a estos archivos a ra\u00edz de investigaci\u00f3n de las cloacas socialistas, donde se hace referencia a otros correos enviados por David S\u00e1nchez a Bego\u00f1a G\u00f3mez<\/strong>, esposa del presidente del Gobierno. Correos en los que, adem\u00e1s, estaba en copia el mail de presidencia de S\u00e1nchez. A partir de esa pista, llegan a estos \u00abotros\u00bb correos enviados a la supuesta cuenta de Pedro S\u00e1nchez. Es por ello que Iustitia se pregunta por qu\u00e9 no se profundiz\u00f3 en el an\u00e1lisis de esos env\u00edos y recuerda las \u00f3rdenes del exdirector general de la Guardia Civil a los agentes de \u00abponerse de perfil\u00bb y hacer una conclusi\u00f3n r\u00e1pida de los correos donde no hubiese \u00abnada\u00bb. <\/p>\n<p><img decoding=\"async\" loading=\"lazy\" src=\"https:\/\/www.europesays.com\/es\/wp-content\/uploads\/2026\/06\/EXT2-U54261642178lFd-680x700@diario_abc.jpg\" class=\"v-a-img\" height=\"700\" alt=\"Los correos recogidos en el informe de la UCO.\" data-voc-vtm-id=\"in-text-traffic\" width=\"680\"\/><\/p>\n<p>Los correos recogidos en el informe de la UCO.<\/p>\n<p>(ABC)<\/p>\n<p class=\"v-d-p\" style=\"\">M\u00e1s all\u00e1 de la existencia de los correos, el abogado, como el resto de las acusaciones, coincidieron en elevar el tono y dar por probados los delitos de prevaricaci\u00f3n y tr\u00e1fico de influencias. Aunque con distintos matices, insisten en que el puesto no naci\u00f3 de una necesidad real detectada por la Diputaci\u00f3n, sino de una decisi\u00f3n adoptada con car\u00e1cter previo y posteriormente revestida de justificaci\u00f3n administrativa. Seg\u00fan las acusaciones, el puesto de coordinador de actividades de los conservatorios fue creado \u00abad hoc\u00bb y el expediente se fue construyendo de manera progresiva para proporcionar apariencia de legalidad a una decisi\u00f3n ya tomada. <\/p>\n<p class=\"v-d-p\" style=\"\">La sesi\u00f3n tambi\u00e9n dej\u00f3 algunas de las expresiones m\u00e1s contundentes de todo el procedimiento. Hubo referencias a una supuesta \u00abpatra\u00f1a\u00bb, a un \u00abtraje a medida\u00bb o a una \u00abrepresentaci\u00f3n teatral\u00bb dividida en distintos actos administrativos. Vox fue incluso m\u00e1s all\u00e1 y asegur\u00f3 que el \u00abfantasma\u00bb que sobrevolaba toda la causa era Pedro S\u00e1nchez, al entender que su figura explica el contexto pol\u00edtico en el que se produjeron las decisiones investigadas. <\/p>\n<p class=\"v-d-p\" style=\"\">Por su parte, la Fiscal\u00eda se mantuvo en su posici\u00f3n, pidiendo a la sala la absoluci\u00f3n de los 11 acusados por entender que no hay forma objetiva de probar las acusaciones, misma postura defendida por las defensas que insistieron en que, durante la vista oral, no ha habido forma de acreditar los supuestos de las acusaciones.<\/p>\n","protected":false},"excerpt":{"rendered":"Los informes finales del juicio por la contrataci\u00f3n de David S\u00e1nchez en la Diputaci\u00f3n de Badajoz, han dejado&hellip;\n","protected":false},"author":2,"featured_media":596012,"comment_status":"","ping_status":"","sticky":false,"template":"","format":"standard","meta":{"footnotes":""},"categories":[8],"tags":[11931,17,18,6365,26971,2429,11071,25,24,13,14,11,19,20,9,10,15,16,1822,3576,199,23,12,8447,21,22],"class_list":["post-596011","post","type-post","status-publish","format-standard","has-post-thumbnail","category-espana","tag-acusaciones","tag-breaking-news","tag-breakingnews","tag-claves","tag-correos","tag-david","tag-desvelan","tag-es","tag-espana","tag-featured-news","tag-featurednews","tag-headlines","tag-latest-news","tag-latestnews","tag-news","tag-noticias","tag-noticias-destacadas","tag-noticiasdestacadas","tag-pedro","tag-puesto","tag-sanchez","tag-spain","tag-titulares","tag-transformacion","tag-ultimas-noticias","tag-ultimasnoticias"],"share_on_mastodon":{"url":"https:\/\/pubeurope.com\/@es\/116717810912335587","error":""},"_links":{"self":[{"href":"https:\/\/www.europesays.com\/es\/wp-json\/wp\/v2\/posts\/596011","targetHints":{"allow":["GET"]}}],"collection":[{"href":"https:\/\/www.europesays.com\/es\/wp-json\/wp\/v2\/posts"}],"about":[{"href":"https:\/\/www.europesays.com\/es\/wp-json\/wp\/v2\/types\/post"}],"author":[{"embeddable":true,"href":"https:\/\/www.europesays.com\/es\/wp-json\/wp\/v2\/users\/2"}],"replies":[{"embeddable":true,"href":"https:\/\/www.europesays.com\/es\/wp-json\/wp\/v2\/comments?post=596011"}],"version-history":[{"count":0,"href":"https:\/\/www.europesays.com\/es\/wp-json\/wp\/v2\/posts\/596011\/revisions"}],"wp:featuredmedia":[{"embeddable":true,"href":"https:\/\/www.europesays.com\/es\/wp-json\/wp\/v2\/media\/596012"}],"wp:attachment":[{"href":"https:\/\/www.europesays.com\/es\/wp-json\/wp\/v2\/media?parent=596011"}],"wp:term":[{"taxonomy":"category","embeddable":true,"href":"https:\/\/www.europesays.com\/es\/wp-json\/wp\/v2\/categories?post=596011"},{"taxonomy":"post_tag","embeddable":true,"href":"https:\/\/www.europesays.com\/es\/wp-json\/wp\/v2\/tags?post=596011"}],"curies":[{"name":"wp","href":"https:\/\/api.w.org\/{rel}","templated":true}]}}