{"id":596176,"date":"2026-06-09T05:11:39","date_gmt":"2026-06-09T05:11:39","guid":{"rendered":"https:\/\/www.europesays.com\/es\/596176\/"},"modified":"2026-06-09T05:11:39","modified_gmt":"2026-06-09T05:11:39","slug":"godspell-y-el-papa-no-hay-vigilia-sin-conflicto-musical","status":"publish","type":"post","link":"https:\/\/www.europesays.com\/es\/596176\/","title":{"rendered":"\u201cGodspell\u201d y el Papa: no hay vigilia sin conflicto (musical)"},"content":{"rendered":"<p>Estuve el s\u00e1bado en la <a href=\"https:\/\/www.aceprensa.com\/religion\/leon-xiv\/leon-xiv-a-los-jovenes-vosotros-podeis-cambiar-la-historia-hacedlo-con-el-amor\/\" target=\"_blank\" rel=\"noopener nofollow\">vigilia<\/a>, ayer en Movistar Arena y hace unos meses viendo Godspell (aqu\u00ed la <a href=\"https:\/\/www.aceprensa.com\/cultura\/godspell-como-llevar-a-dios-al-teatro-sin-perder-la-fe-por-el-camino\/\" target=\"_blank\" rel=\"noopener nofollow\">cr\u00edtica<\/a>), as\u00ed que puedo opinar de una de las escasas pol\u00e9micas de lo que llevamos de visita papal: si pegaba o no en la vigilia de los j\u00f3venes el n\u00famero musical de los chicos de Banderas.<\/p>\n<p>Como el espa\u00f1ol medio es muy de montar guerras civiles en cuanto le dejas un m\u00f3vil, el vapuleo ha sido c\u00f3smico, que dir\u00eda un gran amigo m\u00edo. Espect\u00e1culo mas\u00f3nico, protestantizaci\u00f3n de Espa\u00f1a, m\u00fasica del Anticristo\u2026 Todo con muchas exclamaciones y como si se estuviera hiperventilando.<\/p>\n<p>Vayamos por partes y bajando voltaje porque aqu\u00ed lo \u00fanico que ha pasado es que ha sobrado motivaci\u00f3n de alg\u00fan obispo y ha faltado un guionista y un encargado de atrezzo. Tan sencillo como esto.<\/p>\n<p>Empiezo por lo del obispo. Por lo visto, alguno fue a ver el musical de Antonio Banderas y le gust\u00f3. Ojo, que yo podr\u00eda haber sido ese obispo, que vi Godspell y tambi\u00e9n me gust\u00f3. El problema es que una cosa es que te guste el musical y otra que el musical pegue en una vigilia de j\u00f3venes con el Papa. O que pegue\u2026 pero con matices. Con algunos arreglos. Que esos ya no los va a hacer el obispo, digo yo.<\/p>\n<p>Y aqu\u00ed es donde entran los personajes que faltaron. En primer lugar y para empezar por lo m\u00e1s b\u00e1sico, falt\u00f3 un responsable de atrezzo con dos dedos de frente. He dicho que me gust\u00f3 el musical pero tambi\u00e9n escrib\u00ed que me espant\u00f3 el vestuario. Y si no hab\u00eda por donde cogerlo en el gran teatro Pav\u00f3n, en la plaza de Lima, delante de un altar y del Papa, aquello era un aquelarre. Tendr\u00edan que haber aprendido los organizadores de Karol G, que <a href=\"https:\/\/www.aceprensa.com\/cultura\/karol-g-bocelli-y-los-drones-protagonistas-de-un-concierto-historico-en-el-vaticano\/\" target=\"_blank\" rel=\"noopener nofollow\">cuando fue a cantar al Vaticano<\/a>, dej\u00f3 sus explosivos bikinis, para enfundarse en un discreto vestido negro. No es hipocres\u00eda. Se llama protocolo. En el teatro te vistes de clown y en una vigilia tiras de b\u00e1sicos en blanco y negro.<\/p>\n<p>Pero es que adem\u00e1s del atrezzo, falt\u00f3 un guionista. Falt\u00f3 en muchos momentos de la Vigilia, que fue algo deslavazada. Pero falt\u00f3, sobre todo, en el \u201cmomento Godspell\u201d.\u00a0<\/p>\n<p>Me explico. Godspell es un musical americano de los a\u00f1os 70. De cuando el Papa era joven. Un musical bastante hippie en el que un grupo de c\u00f3micos liderados por Jes\u00fas representan algunas escenas y par\u00e1bolas del evangelio de San Mateo. En Espa\u00f1a, de la adaptaci\u00f3n del libreto original americano se encargaron Jos\u00e9 Mar\u00eda Pem\u00e1n y Jos\u00e9 Luis Mart\u00edn Descalzo, ninguno de los dos sospechosos de heterodoxia. En la versi\u00f3n actual de Antonio Banderas y Emilio Arag\u00f3n, los c\u00f3micos huyen de una guerra, que podr\u00eda ser Ucrania, L\u00edbano o Sud\u00e1n. Total, que sobre el papel \u2013con un papa gringo y un mundo en guerra\u2013 ten\u00eda sentido que se representara alg\u00fan n\u00famero de este musical. El problema es que yo esto lo s\u00e9 porque me dedico al periodismo cultural. Pero la mayor\u00eda de la gente no lo sabe. Y nadie lo explic\u00f3. Los que estaban en la vigilia simplemente vieron subir al escenario a un grupo de j\u00f3venes disfrazados desga\u00f1it\u00e1ndose en un popurr\u00ed absolutamente ininteligible. Normal que no entendieran nada.<\/p>\n<p>Despu\u00e9s de escuchar ayer el magn\u00edfico discurso de Antonio Banderas, pronunciado por cierto, sobre la partitura musical de uno de los temas de Godspell, uno no puede dejar de pensar en qu\u00e9 diferente habr\u00eda sido el pol\u00e9mico numerito con una introducci\u00f3n del propio Banderas, una buena adaptaci\u00f3n de un par de canciones y un vestuario menos estridente.\u00a0<\/p>\n<p>Incluso qu\u00e9 diferente recepci\u00f3n hubiera tenido el mismo n\u00famero o parecido en el acto en el Movistar Arena, con una ac\u00fastica adecuada y en un entorno m\u00e1s ad hoc.<\/p>\n<p>Esto es lo que hacen los guionistas. En las pel\u00edculas, en los eventos y tambi\u00e9n en las vigilias. Quitar, poner, matizar, explicar, presentar, arreglar o cambiar.\u00a0<\/p>\n<p>En el Movistar Arena ayer, se not\u00f3 mucho el buen trabajo de guion (rematado con la profesionalidad de los presentadores). Fue un evento de alto nivel, perfectamente hilado y con momentos brillantes. En la Vigilia, simplemente, falt\u00f3 ese guion.<\/p>\n<p>Por otra parte, no es tan grave. Ni el espect\u00e1culo, ni la pol\u00e9mica. Para la pr\u00f3xima, contraten un guionista. Y no hiperventilen por tan poco. La vigilia, aun sin guion y con alg\u00fan patinazo, fue espectacular. El resto son ganas de montar\u2026 numeritos. Y de seguir alimentando los conflictos musicales alrededor de vigilias y JMJ. Un g\u00e9nero que amenaza con convertirse en cl\u00e1sico.<\/p>\n<p style=\"text-align: right;\"><strong>Ana S\u00e1nchez de la Nieta<\/strong><br \/><a href=\"https:\/\/x.com\/AnaSanchezNieta\" target=\"_blank\" rel=\"noopener nofollow\">@AnaSanchezNieta<\/a><\/p>\n","protected":false},"excerpt":{"rendered":"Estuve el s\u00e1bado en la vigilia, ayer en Movistar Arena y hace unos meses viendo Godspell (aqu\u00ed la&hellip;\n","protected":false},"author":2,"featured_media":596177,"comment_status":"","ping_status":"","sticky":false,"template":"","format":"standard","meta":{"footnotes":""},"categories":[91],"tags":[3083,146,147,25,24,26257,112453,105350,23,112454,105565],"class_list":["post-596176","post","type-post","status-publish","format-standard","has-post-thumbnail","category-entretenimiento","tag-antonio-banderas","tag-entertainment","tag-entretenimiento","tag-es","tag-espana","tag-espau00f1a","tag-godspell","tag-leu00f3n-xiv","tag-spain","tag-vigilia-ju00f3venes","tag-visita-pastoral"],"share_on_mastodon":{"url":"https:\/\/pubeurope.com\/@es\/116718435199273409","error":""},"_links":{"self":[{"href":"https:\/\/www.europesays.com\/es\/wp-json\/wp\/v2\/posts\/596176","targetHints":{"allow":["GET"]}}],"collection":[{"href":"https:\/\/www.europesays.com\/es\/wp-json\/wp\/v2\/posts"}],"about":[{"href":"https:\/\/www.europesays.com\/es\/wp-json\/wp\/v2\/types\/post"}],"author":[{"embeddable":true,"href":"https:\/\/www.europesays.com\/es\/wp-json\/wp\/v2\/users\/2"}],"replies":[{"embeddable":true,"href":"https:\/\/www.europesays.com\/es\/wp-json\/wp\/v2\/comments?post=596176"}],"version-history":[{"count":0,"href":"https:\/\/www.europesays.com\/es\/wp-json\/wp\/v2\/posts\/596176\/revisions"}],"wp:featuredmedia":[{"embeddable":true,"href":"https:\/\/www.europesays.com\/es\/wp-json\/wp\/v2\/media\/596177"}],"wp:attachment":[{"href":"https:\/\/www.europesays.com\/es\/wp-json\/wp\/v2\/media?parent=596176"}],"wp:term":[{"taxonomy":"category","embeddable":true,"href":"https:\/\/www.europesays.com\/es\/wp-json\/wp\/v2\/categories?post=596176"},{"taxonomy":"post_tag","embeddable":true,"href":"https:\/\/www.europesays.com\/es\/wp-json\/wp\/v2\/tags?post=596176"}],"curies":[{"name":"wp","href":"https:\/\/api.w.org\/{rel}","templated":true}]}}