{"id":596387,"date":"2026-06-09T08:27:12","date_gmt":"2026-06-09T08:27:12","guid":{"rendered":"https:\/\/www.europesays.com\/es\/596387\/"},"modified":"2026-06-09T08:27:12","modified_gmt":"2026-06-09T08:27:12","slug":"la-ruta-roma-que-convirtio-a-dorleta-en-simbolo-del-ciclismo","status":"publish","type":"post","link":"https:\/\/www.europesays.com\/es\/596387\/","title":{"rendered":"La ruta Roma que convirti\u00f3 a Dorleta en s\u00edmbolo del ciclismo"},"content":{"rendered":"<p>\n        En lo alto del puerto de <strong>Arlaban<\/strong>, donde la carretera enlaza<a href=\"https:\/\/www.noticiasdegipuzkoa.eus\/tags\/gipuzkoa\/\" title=\"Gipuzkoa\" target=\"_blank\" class=\"link copy\" rel=\"nofollow noopener\"> <strong>Gipuzkoa<\/strong><\/a><strong> y <\/strong><a href=\"https:\/\/www.noticiasdegipuzkoa.eus\/tags\/araba\/\" title=\"Araba\" target=\"_blank\" class=\"link copy\" rel=\"nofollow noopener\"><strong>Araba<\/strong><\/a><strong> <\/strong>entre curvas abiertas al viento, la <strong>Virgen de Dorleta<\/strong> sigue marcando el paso de quienes cruzan este paisaje <strong>a golpe de pedal.<\/strong> A 587 metros de altitud, su imagen se alza junto a la v\u00eda como referencia silenciosa para quienes recorren este entorno de esfuerzo y belleza.\n<\/p>\n<p class=\"article-body__text \">\n        Este pr\u00f3ximo s\u00e1bado, en <a href=\"https:\/\/www.noticiasdegipuzkoa.eus\/tags\/leintz-gatzaga\/\" title=\"Leintz Gatzaga\" target=\"_blank\" class=\"link copy\" rel=\"nofollow noopener\">Leintz Gatzaga<\/a>, tendr\u00e1 lugar un homenaje muy especial. <strong>Los hermanos Luis y \u00c1ngel Serrano, de Bilbao, y el gasteiztarra Jos\u00e9 Luis S\u00e1enz de Olazagoitia<\/strong> ser\u00e1n los protagonistas de un acto cargado de simbolismo, <strong>66 a\u00f1os despu\u00e9s<\/strong> de su haza\u00f1a. El recuerdo se remonta al verano de 1960, cuando emprendieron <strong>una traves\u00eda \u00e9pica<\/strong> de m\u00e1s de 1.600 kil\u00f3metros en bicicleta<strong> desde Gasteiz hasta <\/strong><a href=\"https:\/\/www.noticiasdegipuzkoa.eus\/tags\/roma\/\" title=\"Roma\" target=\"_blank\" class=\"link copy\" rel=\"nofollow noopener\">Roma<\/a>, que completaron en apenas 20 d\u00edas. <strong>Atravesaron <\/strong><a href=\"https:\/\/www.noticiasdegipuzkoa.eus\/tags\/irun\/\" title=\"Irun\" target=\"_blank\" class=\"link copy\" rel=\"nofollow noopener\"><strong>Irun<\/strong><\/a><strong>, la Costa Azul y G\u00e9nova<\/strong>, llevando consigo mucho m\u00e1s que alforjas: portaban las \u201cpreces\u201d (ruegos) que solicitaban <strong>la declaraci\u00f3n can\u00f3nica de la Virgen de Dorleta como patrona de los <\/strong><a href=\"https:\/\/www.noticiasdegipuzkoa.eus\/tags\/ciclistas\/\" title=\"ciclistas\" target=\"_blank\" class=\"link copy\" rel=\"nofollow noopener\"><strong>ciclistas<\/strong><\/a><strong>.<\/strong>\n<\/p>\n<p class=\"article-body__text \">\n        Su destino era el <strong>Vaticano<\/strong>. All\u00ed fueron recibidos en <strong>audiencia por el papa Juan XXIII<\/strong>, conocido como el \u201cpont\u00edfice bueno\u201d, aficionado confeso al ciclismo. La petici\u00f3n, respaldada por el obispo de Donostia y por las federaciones de ciclismo vascas y tambi\u00e9n espa\u00f1olas, encontr\u00f3 eco en la Santa Sede. Poco despu\u00e9s, la respuesta se convirti\u00f3 en historia.\n<\/p>\n<p>  Proclamaci\u00f3n el 28 de agosto<\/p>\n<p class=\"article-body__text \">\n        El <strong>28 de agosto de 1960, l<\/strong>a Virgen de Dorleta fue proclamada oficialmente patrona de los ciclistas. D\u00edas antes, el 8 de ese mismo mes, los tres j\u00f3venes txirrindularis hab\u00edan llegado a la capita italiana tras completar su gesta.\n<\/p>\n<p class=\"article-body__text \">\n        Pero el origen de todo aquello se remontaba a\u00fan m\u00e1s atr\u00e1s. <strong>En 1958, <\/strong>un comit\u00e9 de aficionados cicloturistas impuls\u00f3 la coronaci\u00f3n de la Virgen en la <strong>explanada junto al Santuario de Dorleta<\/strong>, en una solemne ceremonia celebrada el 28 de octubre y oficiada por el entonces <strong>arcipreste y p\u00e1rroco de <\/strong><a href=\"https:\/\/www.noticiasdegipuzkoa.eus\/tags\/arrasate\/\" title=\"Arrasate\" target=\"_blank\" class=\"link copy\" rel=\"nofollow noopener\"><strong>Arrasate<\/strong><\/a><strong>, Jos\u00e9 Luis I\u00f1arra<\/strong>. Aquel acto encendi\u00f3 la mecha de una devoci\u00f3n ligada al mundo de la bici que se extend\u00eda m\u00e1s all\u00e1 de Arlaban.\n<\/p>\n<p class=\"article-body__text \">\n        La entronizaci\u00f3n de la Virgen de Dorleta como patrona de los ciclistas sigui\u00f3 una tendencia presente en otros pa\u00edses: <strong>Italia <\/strong>hab\u00eda reconocido en 1948 a la <strong>Madonna del Ghisallo,<\/strong> y en 1959 se adopt\u00f3 una iniciativa semejante en <strong>Labastide-d\u2019Armagnac<\/strong>. En el caso de Dorleta, su elecci\u00f3n se explica por su emplazamiento y por la singular combinaci\u00f3n de religiosidad y afici\u00f3n txirrindulari vasca, donde la<strong> carretera, la fe y la cultura popular del pedale<\/strong>o se entrelazaban de forma natural en la vida de quienes recorr\u00edan estos puertos.\n<\/p>\n<p>  Un museo lleno de significado<\/p>\n<p class=\"article-body__text \">\n        En el interior del Santuario gatzagarra se conservan maillots, ofrendas y recuerdos de ciclistas de diferentes\u00a0\u00e9pocas. Es un sencillo pero significativo museo que custodia bidones, prendas de equipos profesionales y objetos personales que<strong> hablan de gratitud, esfuerzo y protecci\u00f3n<\/strong>. Mientras tanto, el entorno del alto de Arlaban, con sus seis kil\u00f3metros de ascensi\u00f3n sigue siendo escenario habitual de cicloturistas y entrenamientos. A su paso, un peque\u00f1o <strong>monumento<\/strong> junto a la carretera recuerda la presencia de Dorletako Ama, siempre<strong> acompa\u00f1ado de flores frescas, depositadas por quienes a\u00fan encuentran en este lugar un punto de referencia<\/strong>.\n<\/p>\n<p class=\"article-photo__footer\">\n            Monumento en honor a Dorletako Ama, en el Alto de Arlaban, repleto de ofrendas florales.            Anabel Dominguez.        <\/p>\n<p>  El s\u00e1bado: aurresku, visita y comida<\/p>\n<p class=\"article-body__text \">\n         El acto de <strong>este 13 de junio<\/strong>, impulsado por el club <strong>Dorletako Ama Txirrindulari Elkartea y el Ayuntamiento<\/strong>, comenzar\u00e1 a las 11.00 horas con un <strong>aurresku de honor.<\/strong> Despu\u00e9s, los homenajeados, ahora nonagenarios, visitar\u00e1n el Santuario y su museo, antes de ser agasajados con varios obsequios en recuerdo de aquel brillante episodio. La jornada se redondear\u00e1 en torno a la mesa <strong>con una comida<\/strong> en la sociedad Toki Eder.\u00a0\n<\/p>\n<p class=\"article-body__text \">\n        \u201cSeis d\u00e9cadas despu\u00e9s, reuniremos en el propio pueblo a quienes lograron que el Santuario de Dorleta se convirtiera en un s\u00edmbolo para los ciclistas, y creo que ser\u00e1 <strong>un momento muy emotivo<\/strong>\u201d, se\u00f1ala el integrante de Dorletako Ama Elkartea, Joxerra Agirreurreta. Aquella traves\u00eda a Roma volver\u00e1 a pedalearse este s\u00e1bado, aunque sea en la memoria.<\/p>\n","protected":false},"excerpt":{"rendered":"En lo alto del puerto de Arlaban, donde la carretera enlaza Gipuzkoa y Araba entre curvas abiertas al&hellip;\n","protected":false},"author":2,"featured_media":596388,"comment_status":"","ping_status":"","sticky":false,"template":"","format":"standard","meta":{"footnotes":""},"categories":[273],"tags":[313,900,312,168,112484,25,24,438,6943,23,167,12856],"class_list":["post-596387","post","type-post","status-publish","format-standard","has-post-thumbnail","category-ciclismo","tag-ciclismo","tag-convirtio","tag-cycling","tag-deportes","tag-dorleta","tag-es","tag-espana","tag-roma","tag-simbolo","tag-spain","tag-sports","tag-viaje"],"share_on_mastodon":{"url":"https:\/\/pubeurope.com\/@es\/116719206165822649","error":""},"_links":{"self":[{"href":"https:\/\/www.europesays.com\/es\/wp-json\/wp\/v2\/posts\/596387","targetHints":{"allow":["GET"]}}],"collection":[{"href":"https:\/\/www.europesays.com\/es\/wp-json\/wp\/v2\/posts"}],"about":[{"href":"https:\/\/www.europesays.com\/es\/wp-json\/wp\/v2\/types\/post"}],"author":[{"embeddable":true,"href":"https:\/\/www.europesays.com\/es\/wp-json\/wp\/v2\/users\/2"}],"replies":[{"embeddable":true,"href":"https:\/\/www.europesays.com\/es\/wp-json\/wp\/v2\/comments?post=596387"}],"version-history":[{"count":0,"href":"https:\/\/www.europesays.com\/es\/wp-json\/wp\/v2\/posts\/596387\/revisions"}],"wp:featuredmedia":[{"embeddable":true,"href":"https:\/\/www.europesays.com\/es\/wp-json\/wp\/v2\/media\/596388"}],"wp:attachment":[{"href":"https:\/\/www.europesays.com\/es\/wp-json\/wp\/v2\/media?parent=596387"}],"wp:term":[{"taxonomy":"category","embeddable":true,"href":"https:\/\/www.europesays.com\/es\/wp-json\/wp\/v2\/categories?post=596387"},{"taxonomy":"post_tag","embeddable":true,"href":"https:\/\/www.europesays.com\/es\/wp-json\/wp\/v2\/tags?post=596387"}],"curies":[{"name":"wp","href":"https:\/\/api.w.org\/{rel}","templated":true}]}}