{"id":596415,"date":"2026-06-09T08:44:23","date_gmt":"2026-06-09T08:44:23","guid":{"rendered":"https:\/\/www.europesays.com\/es\/596415\/"},"modified":"2026-06-09T08:44:23","modified_gmt":"2026-06-09T08:44:23","slug":"interinos-pes-y-otros-cuerpos-curso-2025-2026-aisi-semana-del-8-al-12-de-junio-de-2026-profesorado","status":"publish","type":"post","link":"https:\/\/www.europesays.com\/es\/596415\/","title":{"rendered":"Interinos PES y otros cuerpos: Curso 2025-2026. AISI semana del 8 al 12 de junio de 2026 &#8211; Profesorado"},"content":{"rendered":"<p class=\"cmParagraph cmAlignright\"><strong>Publicado el 9 de junio <\/strong><strong>de 2026 a las 10:00 horas<\/strong><\/p>\n<p class=\"cmParagraph cmAlignjustify\">De conformidad con lo dispuesto en el apartado sexto de la resoluci\u00f3n de 12 de junio de 2025 por la que se convoca el procedimiento de adjudicaci\u00f3n informatizada de puestos de trabajo docentes en r\u00e9gimen de interinidad, vacantes (AIVI), sustituciones de inicio de curso (AISI) y sustituciones a lo largo del curso escolar, en los centros p\u00fablicos no universitarios y servicios de apoyo a los mismos dependientes de la Consejer\u00eda de Educaci\u00f3n, para el curso escolar 2025\/2026, se hace publica la relaci\u00f3n de sustituciones:<\/p>\n<p class=\"cmParagraph\">Manual de AISI &#8211; Sustituciones: \u00a0<a href=\"https:\/\/www.educa.jcyl.es\/profesorado\/es\/interinos\/interinos-cuerpo-profesores-ensenanza-secundaria-cuerpos\/interinos-curso-2025-2026-aivi-aisi-aisi-semanal\/interinos-pes-cuerpos-curso-2025-2026-aisi-semana-8-12-juni.ficheros\/1897642-Manual_Instrucciones_AISIS_Semanales.pdf\" rel=\"nofollow noopener\" target=\"_blank\"><img loading=\"lazy\" decoding=\"async\" src=\"https:\/\/www.europesays.com\/es\/wp-content\/uploads\/2026\/06\/images.gif\" width=\"16\" height=\"16\" alt=\"Documento PDF\" \/>\u00a0Manual de la aplicaci\u00f3n de peticiones (976.4 KB) (11 p\u00e1ginas)<\/a>\u00a0 <\/p>\n<p class=\"cmParagraph\">Acceso a la aplicaci\u00f3n AISI &#8211; Sustituciones a trav\u00e9s de identificaci\u00f3n mediante sistema Cl@ve:<\/p>\n<p class=\"cmParagraph cmAligncenter\"><a href=\"https:\/\/aplicaciones.educa.jcyl.es\/AISI\/\" title=\"\" class=\"cmContentImageLink\" target=\"_blank\" rel=\"nofollow noopener\"><img loading=\"lazy\" decoding=\"async\" src=\"https:\/\/www.europesays.com\/es\/wp-content\/uploads\/2026\/06\/1897643-icon_AISI.jpg\" width=\"248\" height=\"63\" alt=\"icon_AISI. Este enlace se abrir\u00e1 en una ventana nueva\" \/><\/a><\/p>\n<p class=\"cmParagraph\"><strong>Plazo para descargar el PDF acreditativo con las peticiones efectuadas<\/strong>: desde la finalizaci\u00f3n del plazo de peticiones hasta el lunes 15 de junio.<\/p>\n","protected":false},"excerpt":{"rendered":"Publicado el 9 de junio de 2026 a las 10:00 horas De conformidad con lo dispuesto en el&hellip;\n","protected":false},"author":2,"featured_media":596416,"comment_status":"","ping_status":"","sticky":false,"template":"","format":"standard","meta":{"footnotes":""},"categories":[5],"tags":[17,18,2025,2027,209,2026,25,24,13,14,2031,11,2028,2024,19,20,2030,9,10,15,16,2032,2029,23,12,21,22],"class_list":["post-596415","post","type-post","status-publish","format-standard","has-post-thumbnail","category-titulares","tag-breaking-news","tag-breakingnews","tag-castilla-y-len","tag-colegios","tag-cultura","tag-educacion","tag-es","tag-espana","tag-featured-news","tag-featurednews","tag-formacin","tag-headlines","tag-institutos","tag-junta","tag-latest-news","tag-latestnews","tag-maestros","tag-news","tag-noticias","tag-noticias-destacadas","tag-noticiasdestacadas","tag-profesional","tag-profesores","tag-spain","tag-titulares","tag-ultimas-noticias","tag-ultimasnoticias"],"share_on_mastodon":{"url":"https:\/\/pubeurope.com\/@es\/116719273672854147","error":""},"_links":{"self":[{"href":"https:\/\/www.europesays.com\/es\/wp-json\/wp\/v2\/posts\/596415","targetHints":{"allow":["GET"]}}],"collection":[{"href":"https:\/\/www.europesays.com\/es\/wp-json\/wp\/v2\/posts"}],"about":[{"href":"https:\/\/www.europesays.com\/es\/wp-json\/wp\/v2\/types\/post"}],"author":[{"embeddable":true,"href":"https:\/\/www.europesays.com\/es\/wp-json\/wp\/v2\/users\/2"}],"replies":[{"embeddable":true,"href":"https:\/\/www.europesays.com\/es\/wp-json\/wp\/v2\/comments?post=596415"}],"version-history":[{"count":0,"href":"https:\/\/www.europesays.com\/es\/wp-json\/wp\/v2\/posts\/596415\/revisions"}],"wp:featuredmedia":[{"embeddable":true,"href":"https:\/\/www.europesays.com\/es\/wp-json\/wp\/v2\/media\/596416"}],"wp:attachment":[{"href":"https:\/\/www.europesays.com\/es\/wp-json\/wp\/v2\/media?parent=596415"}],"wp:term":[{"taxonomy":"category","embeddable":true,"href":"https:\/\/www.europesays.com\/es\/wp-json\/wp\/v2\/categories?post=596415"},{"taxonomy":"post_tag","embeddable":true,"href":"https:\/\/www.europesays.com\/es\/wp-json\/wp\/v2\/tags?post=596415"}],"curies":[{"name":"wp","href":"https:\/\/api.w.org\/{rel}","templated":true}]}}