{"id":596591,"date":"2026-06-09T11:02:12","date_gmt":"2026-06-09T11:02:12","guid":{"rendered":"https:\/\/www.europesays.com\/es\/596591\/"},"modified":"2026-06-09T11:02:12","modified_gmt":"2026-06-09T11:02:12","slug":"la-corte-penal-internacional-suspende-a-su-fiscal-jefe-por-conducta-sexual-inapropiada","status":"publish","type":"post","link":"https:\/\/www.europesays.com\/es\/596591\/","title":{"rendered":"La Corte Penal Internacional suspende a su fiscal jefe por conducta sexual inapropiada"},"content":{"rendered":"<p class=\"article-text\">\n        El \u00f3rgano ejecutivo de la Corte Penal Internacional (CPI) ha decidido suspender con efecto inmediato al fiscal jefe, Karim Khan, y trasladar a los pa\u00edses miembros la decisi\u00f3n sobre su futuro, en un paso sin precedentes en la instituci\u00f3n y <a href=\"https:\/\/www.eldiario.es\/internacional\/theguardian\/fiscal-corte-penal-internacional-acusado-silenciar-denuncia-conducta-sexual-inapropiada-empleada_1_11770063.html\" target=\"_blank\" data-mrf-recirculation=\"links-noticia\" class=\"link\" rel=\"nofollow noopener\">tras casi dos a\u00f1os de pol\u00e9mica<\/a> por acusaciones de conducta sexual inapropiada.\n    <\/p>\n<p>    <a href=\"https:\/\/www.eldiario.es\/internacional\/theguardian\/karim-khan-fiscal-acusado-netanyahu-crimenes-guerra-lesa-humanidad_1_11383097.html\" data-mrf-recirculation=\"saber-mas\" data-dl-event=\"saber-mas\" rel=\"nofollow noopener\" target=\"_blank\"><\/p>\n<p class=\"know-more__title\">Qui\u00e9n es Karim Khan, el fiscal que ha acusado a Netanyahu de \u00abcr\u00edmenes de guerra y de lesa humanidad\u00bb<\/p>\n<p>            <img decoding=\"async\" class=\"lazy\" loading=\"lazy\" data-src=\"https:\/\/static.eldiario.es\/clip\/06d41266-31c9-4704-be20-adb772e20f20_16-9-aspect-ratio_default_0.jpg\" src=\"data:image\/svg+xml,%3Csvg xmlns=\" http:=\"\" viewbox=\"0 0 880 495\" alt=\"Qui\u00e9n es Karim Khan, el fiscal que ha acusado a Netanyahu de &quot;cr\u00edmenes de guerra y de lesa humanidad&quot;\"\/><\/p>\n<p>                        <\/a><\/p>\n<p class=\"article-text\">\n        En un comunicado difundido al t\u00e9rmino de una reuni\u00f3n celebrada en La Haya, la Mesa de la Asamblea de los Estados Partes de la CPI, \u00f3rgano ejecutivo y de coordinaci\u00f3n, explic\u00f3 que, por mayor\u00eda cualificada, acord\u00f3 remitir el procedimiento disciplinario por acusaciones de relaciones sexuales no consentidas contra Khan al pleno de los 125 pa\u00edses miembros.\n    <\/p>\n<p class=\"article-text\">\n        No obstante, la suspensi\u00f3n del fiscal jefe, hasta que se adopte una decisi\u00f3n final, \u201cno es una indicaci\u00f3n del resultado final\u201d del procedimiento, asegur\u00f3 la Mesa sobre una medida que supone un duro rev\u00e9s para el fiscal brit\u00e1nico, que hasta ahora hab\u00eda defendido que las conclusiones de un panel independiente de expertos judiciales equival\u00edan a una exoneraci\u00f3n de las acusaciones.\n    <\/p>\n<p class=\"article-text\">\n        La evaluaci\u00f3n de la Mesa, compuesta por 21 miembros, se bas\u00f3 en un informe elaborado por la Oficina de Servicios de Supervisi\u00f3n Interna de Naciones Unidas (OIOS), las pruebas recopiladas durante la investigaci\u00f3n, el dictamen de un panel de expertos judiciales y las alegaciones presentadas por escrito por las partes afectadas. Tanto la decisi\u00f3n como la documentaci\u00f3n examinada permanecer\u00e1n confidenciales.\n    <\/p>\n<p>    Dos a\u00f1os de crisis institucional<\/p>\n<p class=\"article-text\">\n        La decisi\u00f3n abre un nuevo cap\u00edtulo en una crisis institucional que comenz\u00f3 en abril de 2024, cuando una abogada que trabajaba directamente bajo la supervisi\u00f3n de Khan denunci\u00f3 haber sido v\u00edctima de conductas sexuales no consentidas.\n    <\/p>\n<p class=\"article-text\">\n        Dos compa\u00f1eros de la denunciante trasladaron inicialmente las acusaciones a la direcci\u00f3n de la Corte, lo que llev\u00f3 al mecanismo interno de supervisi\u00f3n a abrir una investigaci\u00f3n que fue cerrada pocos d\u00edas despu\u00e9s.\n    <\/p>\n<p class=\"article-text\">\n        Meses m\u00e1s tarde, la OIOS asumi\u00f3 la investigaci\u00f3n y elabor\u00f3 un informe que sigue siendo confidencial, aunque, seg\u00fan filtraciones de los \u00faltimos meses, la ONU habr\u00eda encontrado indicios de que respaldaban las acusaciones, pero el panel independiente consider\u00f3 que las pruebas disponibles no permiten acreditar una conducta indebida con el est\u00e1ndar legal exigido.\n    <\/p>\n<p class=\"article-text\">\n        La coexistencia de ambas conclusiones enfrent\u00f3 durante meses a los pa\u00edses miembros de la Corte: algunos defend\u00edan que el caso deb\u00eda cerrarse, y otros sosten\u00edan que los hallazgos de la ONU eran demasiado graves para archivar el asunto sin una respuesta institucional.\n    <\/p>\n<p class=\"article-text\">\n        La pol\u00e9mica tuvo lugar en un contexto especialmente sensible para la CPI, puesto que las acusaciones contra Khan salieron a la luz poco despu\u00e9s de que el fiscal solicitara las <a href=\"https:\/\/www.eldiario.es\/internacional\/fiscal-corte-penal-internacional-aparta-concluya-investigacion-conducta-sexual-inapropiada_1_12305932.html\" target=\"_blank\" data-mrf-recirculation=\"links-noticia\" class=\"link\" rel=\"nofollow noopener\">\u00f3rdenes de arresto contra el primer ministro israel\u00ed, Benjam\u00edn Netanyahu<\/a>, y su exministro de Defensa Yoav Gallant, por cr\u00edmenes de guerra en Gaza.\n    <\/p>\n<p>    Karim Khan denuncia una campa\u00f1a en su contra<\/p>\n<p class=\"article-text\">\n        Khan, que se apart\u00f3 de sus funciones en mayo del a\u00f1o pasado a la espera de las conclusiones de la investigaci\u00f3n, ha denunciado en repetidas ocasiones una campa\u00f1a destinada a apartarlo del cargo debido a sus decisiones judiciales.\n    <\/p>\n<p>    <a href=\"https:\/\/www.eldiario.es\/internacional\/fiscal-corte-penal-internacional-aparta-concluya-investigacion-conducta-sexual-inapropiada_1_12305932.html\" data-mrf-recirculation=\"saber-mas-abajo\" data-dl-event=\"saber-mas-abajo\" rel=\"nofollow noopener\" target=\"_blank\"><\/p>\n<p class=\"know-more__title\">El fiscal de la Corte Penal Internacional que persigue a Israel se aparta mientras lo investigan por conducta sexual inapropiada\n<\/p>\n<p>            <img decoding=\"async\" class=\"lazy\" loading=\"lazy\" data-src=\"https:\/\/static.eldiario.es\/clip\/09cbc875-3ab3-4e99-b418-bab50262b5f5_16-9-aspect-ratio_default_0.jpg\" src=\"data:image\/svg+xml,%3Csvg xmlns=\" http:=\"\" viewbox=\"0 0 880 495\" alt=\"El fiscal de la Corte Penal Internacional que persigue a Israel se aparta mientras lo investigan por conducta sexual inapropiada\"\/><\/p>\n<p>                        <\/a><\/p>\n<p class=\"article-text\">\n        Con la decisi\u00f3n de hoy, el expediente entra en una nueva fase, puesto que se convocar\u00e1 una sesi\u00f3n extraordinaria de la Asamblea de los Estados Partes \u201clo antes posible\u201d, en la que 125 pa\u00edses deber\u00e1n decidir el futuro de Khan y determinar si las acusaciones suponen una conducta grave incompatible con su cargo.\n    <\/p>\n","protected":false},"excerpt":{"rendered":"El \u00f3rgano ejecutivo de la Corte Penal Internacional (CPI) ha decidido suspender con efecto inmediato al fiscal jefe,&hellip;\n","protected":false},"author":2,"featured_media":596592,"comment_status":"","ping_status":"","sticky":false,"template":"","format":"standard","meta":{"footnotes":""},"categories":[42],"tags":[17,18,84381,12726,13,14,6987,11,86188,61,62,63,64,23392,19,20,9,10,15,16,7545,9129,9986,12,21,22,65,66,67],"class_list":["post-596591","post","type-post","status-publish","format-standard","has-post-thumbnail","category-internacional","tag-breaking-news","tag-breakingnews","tag-conducta","tag-corte","tag-featured-news","tag-featurednews","tag-fiscal","tag-headlines","tag-inapropiada","tag-internacional","tag-international","tag-international-news","tag-internationalnews","tag-jefe","tag-latest-news","tag-latestnews","tag-news","tag-noticias","tag-noticias-destacadas","tag-noticiasdestacadas","tag-penal","tag-sexual","tag-suspende","tag-titulares","tag-ultimas-noticias","tag-ultimasnoticias","tag-world","tag-world-news","tag-worldnews"],"share_on_mastodon":{"url":"https:\/\/pubeurope.com\/@es\/116719815852557672","error":""},"_links":{"self":[{"href":"https:\/\/www.europesays.com\/es\/wp-json\/wp\/v2\/posts\/596591","targetHints":{"allow":["GET"]}}],"collection":[{"href":"https:\/\/www.europesays.com\/es\/wp-json\/wp\/v2\/posts"}],"about":[{"href":"https:\/\/www.europesays.com\/es\/wp-json\/wp\/v2\/types\/post"}],"author":[{"embeddable":true,"href":"https:\/\/www.europesays.com\/es\/wp-json\/wp\/v2\/users\/2"}],"replies":[{"embeddable":true,"href":"https:\/\/www.europesays.com\/es\/wp-json\/wp\/v2\/comments?post=596591"}],"version-history":[{"count":0,"href":"https:\/\/www.europesays.com\/es\/wp-json\/wp\/v2\/posts\/596591\/revisions"}],"wp:featuredmedia":[{"embeddable":true,"href":"https:\/\/www.europesays.com\/es\/wp-json\/wp\/v2\/media\/596592"}],"wp:attachment":[{"href":"https:\/\/www.europesays.com\/es\/wp-json\/wp\/v2\/media?parent=596591"}],"wp:term":[{"taxonomy":"category","embeddable":true,"href":"https:\/\/www.europesays.com\/es\/wp-json\/wp\/v2\/categories?post=596591"},{"taxonomy":"post_tag","embeddable":true,"href":"https:\/\/www.europesays.com\/es\/wp-json\/wp\/v2\/tags?post=596591"}],"curies":[{"name":"wp","href":"https:\/\/api.w.org\/{rel}","templated":true}]}}