{"id":596615,"date":"2026-06-09T11:25:12","date_gmt":"2026-06-09T11:25:12","guid":{"rendered":"https:\/\/www.europesays.com\/es\/596615\/"},"modified":"2026-06-09T11:25:12","modified_gmt":"2026-06-09T11:25:12","slug":"descubren-un-potencial-biomarcador-de-respuesta-a-izorlisib-en-multiples-tipos-de-cancer","status":"publish","type":"post","link":"https:\/\/www.europesays.com\/es\/596615\/","title":{"rendered":"Descubren un potencial biomarcador de respuesta a izorlisib en m\u00faltiples tipos de c\u00e1ncer"},"content":{"rendered":"<p class=\"mostrar_fragmento\">Cient\u00edficos de la Universidad M\u00e9dica de Tianjin han establecido que la elevada expresi\u00f3n de la prote\u00edna SLC39A6 se asocia a una reducci\u00f3n tanto de la supervivencia global como del intervalo libre de progresi\u00f3n en pacientes con carcinoma hepatocelular y carcinoma de c\u00e9lulas escamosas de cuello uterino. El peor pron\u00f3stico vinculado &#8230;            &#13;\n        <\/p>\n<p> &#13;<\/p>\n<p>Cient\u00edficos de la Universidad M\u00e9dica de Tianjin han establecido que la elevada expresi\u00f3n de la <strong>prote\u00edna SLC39A6<\/strong> se asocia a una reducci\u00f3n tanto de la supervivencia global como del intervalo libre de progresi\u00f3n en pacientes con <strong>carcinoma hepatocelular<\/strong> y <strong>carcinoma de c\u00e9lulas escamosas de cuello uterino<\/strong>. El peor pron\u00f3stico vinculado a este biomarcador tambi\u00e9n se constat\u00f3 en el an\u00e1lisis de datos de pacientes con <strong>mesotelioma<\/strong>, en los que SLC39A6 emergi\u00f3 como factor de riesgo, con independencia de la fase de la enfermedad.<\/p>\n<p>En contraste, en el <strong>c\u00e1ncer de mama HR-positivo<\/strong>, la expresi\u00f3n elevada se asoci\u00f3 a un pron\u00f3stico favorable, especialmente en el subtipo luminal A y en <strong>pacientes sin afectaci\u00f3n ganglionar<\/strong>. El potencial de SLC39A6 como biomarcador de selecci\u00f3n de terapia pudo demostrarse en ratones portadores de tumores de pulm\u00f3n humano que sobreexpresan esta mol\u00e9cula. En este modelo, la administraci\u00f3n oral diaria de <strong>izorlisib<\/strong> redujo tanto el volumen tumoral como la proliferaci\u00f3n de las c\u00e9lulas cancerosas.<\/p>\n<p><strong>Chen Peng<\/strong>, codirector del <a href=\"https:\/\/pubmed.ncbi.nlm.nih.gov\/42151900\/\" rel=\"nofollow noopener\" target=\"_blank\">estudio<\/a>, afirma que los hallazgos son consistentes con los de estudios previos, seg\u00fan los cuales el silenciamiento de SLC39A6 en c\u00e9lulas tumorales humanas injertadas en ratones restaura la citotoxicidad de los linfocitos T, <strong>reduce hasta casi la mitad la expresi\u00f3n de la mol\u00e9cula inmunosupresora PD-L1<\/strong> y potencia la efectividad de la inmunoterapia con agentes anti-PD-1.<\/p>\n<p>Los investigadores tambi\u00e9n hallaron que los tumores con elevada expresi\u00f3n de SLC39A6 exhiben una menor carga mutacional, una correlaci\u00f3n inversa con la expresi\u00f3n de puntos de control inmunitario y una correlaci\u00f3n positiva con los genes de reparaci\u00f3n de bases del ADN mal apareadas, lo que indica <strong>estabilidad de microsat\u00e9lites<\/strong> y <strong>posible quimiorresistencia a agentes genot\u00f3xicos<\/strong>. La integraci\u00f3n de este biomarcador como factor de estratificaci\u00f3n en pacientes podr\u00eda guiar el tratamiento y contribuir al dise\u00f1o de nuevos reg\u00edmenes terap\u00e9uticos, concluye Peng.<\/p>\n<p>&#13;<br \/>\n            SEGUIR LEYENDO&#13;\n        <\/p>\n","protected":false},"excerpt":{"rendered":"Cient\u00edficos de la Universidad M\u00e9dica de Tianjin han establecido que la elevada expresi\u00f3n de la prote\u00edna SLC39A6 se&hellip;\n","protected":false},"author":2,"featured_media":596616,"comment_status":"","ping_status":"","sticky":false,"template":"","format":"standard","meta":{"footnotes":""},"categories":[92],"tags":[3685,7299,1066,5213,21133,25,24,3380,165,112527,3383,8395,1817,4258,14500,8013,166,20493,112529,23,8768,26620,85479,112528],"class_list":["post-596615","post","type-post","status-publish","format-standard","has-post-thumbnail","category-salud","tag-animales","tag-biomarcador","tag-cancer","tag-descubren","tag-determina","tag-es","tag-espana","tag-farmaco","tag-health","tag-izorlisib","tag-modelos","tag-multiples","tag-pacientes","tag-potencial","tag-predice","tag-respuesta","tag-salud","tag-sensibilidad","tag-slc","tag-spain","tag-supervivencia","tag-tipos","tag-transportador","tag-zinc"],"share_on_mastodon":{"url":"https:\/\/pubeurope.com\/@es\/116719906383900511","error":""},"_links":{"self":[{"href":"https:\/\/www.europesays.com\/es\/wp-json\/wp\/v2\/posts\/596615","targetHints":{"allow":["GET"]}}],"collection":[{"href":"https:\/\/www.europesays.com\/es\/wp-json\/wp\/v2\/posts"}],"about":[{"href":"https:\/\/www.europesays.com\/es\/wp-json\/wp\/v2\/types\/post"}],"author":[{"embeddable":true,"href":"https:\/\/www.europesays.com\/es\/wp-json\/wp\/v2\/users\/2"}],"replies":[{"embeddable":true,"href":"https:\/\/www.europesays.com\/es\/wp-json\/wp\/v2\/comments?post=596615"}],"version-history":[{"count":0,"href":"https:\/\/www.europesays.com\/es\/wp-json\/wp\/v2\/posts\/596615\/revisions"}],"wp:featuredmedia":[{"embeddable":true,"href":"https:\/\/www.europesays.com\/es\/wp-json\/wp\/v2\/media\/596616"}],"wp:attachment":[{"href":"https:\/\/www.europesays.com\/es\/wp-json\/wp\/v2\/media?parent=596615"}],"wp:term":[{"taxonomy":"category","embeddable":true,"href":"https:\/\/www.europesays.com\/es\/wp-json\/wp\/v2\/categories?post=596615"},{"taxonomy":"post_tag","embeddable":true,"href":"https:\/\/www.europesays.com\/es\/wp-json\/wp\/v2\/tags?post=596615"}],"curies":[{"name":"wp","href":"https:\/\/api.w.org\/{rel}","templated":true}]}}