{"id":596637,"date":"2026-06-09T11:41:14","date_gmt":"2026-06-09T11:41:14","guid":{"rendered":"https:\/\/www.europesays.com\/es\/596637\/"},"modified":"2026-06-09T11:41:14","modified_gmt":"2026-06-09T11:41:14","slug":"la-comida-pata-negra-de-omar-montes-en-en-un-asador-de-granada-le-gusto-tanto-que-vino-dos-dias-seguidos","status":"publish","type":"post","link":"https:\/\/www.europesays.com\/es\/596637\/","title":{"rendered":"La comida &#8216;pata negra&#8217; de Omar Montes en en un asador de Granada: \u00abLe gust\u00f3 tanto que vino dos d\u00edas seguidos\u00bb"},"content":{"rendered":"<p><img decoding=\"async\" class=\"v-ath__i\" loading=\"lazy\" src=\"https:\/\/www.europesays.com\/es\/wp-content\/uploads\/2026\/05\/autor-6839-foto-1.jpeg\" alt=\"Alberto Flores\"\/><\/p>\n<p>09\/06\/2026 a las 11:03h.<\/p>\n<p class=\"v-d-p\" style=\"\">El que para muchos ya es conocido como el asador de los famosos de Granada, el Asador de la Reina de La Zubia, ha vuelto a recibir una visita de renombre en sus salones. Tras dar de comer en multitud de ocasiones a Lola \u00cdndigo y tambi\u00e9n a otros grandes nombres propios como Ra\u00fal Gonz\u00e1lez, Zinedine Zidane, Juan Echanove, Manolo Lama y Miguel \u00c1ngel Silvestre, hace unos d\u00edas tuvieron a otro invitado ilustre: Omar Montes.<\/p>\n<p class=\"v-d-p\" style=\"\">\u00abLa buena gastronom\u00eda siempre es mejor cuando se comparte. Encantados de recibir a Omar Montes en Asador de la Reina y de formar parte de uno de esos momentos que se disfrutan entre amigos, buena comida y mejor compa\u00f1\u00eda. \u00a1Gracias por tu visita! Esperamos volver a tenerte por aqu\u00ed muy pronto\u00bb, publicaba hace unas horas en Instagram el restaurante junto a una imagen de su equipo junto al cantante. <\/p>\n<p class=\"v-d-p\" style=\"\">\u00abYa nos conoc\u00eda porque hab\u00eda estado con Lola \u00cdndigo aqu\u00ed alguna vez\u00bb, cuenta a IDEAL Sergio Lara &#8216;Cangrejo&#8217;, propietario del Asador de la Reina, que reconoce que recibir a Omar Montes es \u00abun orgullo\u00bb porque \u00ab\u00e9l tiene amigos con restaurantes en Granada pero ten\u00eda claro que si ven\u00eda aqu\u00ed ten\u00eda que hacer una visita al asador a comer\u00bb, lo que supone \u00abuna gran alegr\u00eda\u00bb para ellos.<\/p>\n<p class=\"v-a-t\">\n\u00ab\u00c9l tiene amigos con restaurantes en Granada pero ten\u00eda claro que si ven\u00eda aqu\u00ed ten\u00eda que hacer una visita al asador\u00bb\n<\/p>\n<p class=\"v-pst__p\">Sergio Lara<\/p>\n<p class=\"v-pst__j\">Propietario del Asador de la Reina<\/p>\n<p class=\"v-d-p\" style=\"\">Montes acudi\u00f3 junto a un grupo de unos 12 amigos a cenar al restaurante el jueves por la noche. \u00abTomaron un poco de todo: ensaladilla rusa, cecina de wagyu, jam\u00f3n de pata negra y unos chuletones de vaca pr\u00e9mium\u00bb.<\/p>\n<p class=\"v-d-p\" style=\"\">Lo que sorprendi\u00f3 al Cangrejo no fue la visita del madrile\u00f1o esa noche, sino el hecho de que al d\u00eda siguiente volviera al asador para comer: \u00abVino el jueves por la noche para cenar y repiti\u00f3 el viernes para comer, as\u00ed que se ve que le gust\u00f3 mucho la experiencia, que venga dos d\u00edas seguidos lo dice todo\u00bb. \u00abPara nosotros recibirle ha sido una gran alegr\u00eda, estamos muy contentos y \u00e9l sabe que esta es su casa para cuando quiera volver\u00bb, finaliza.<\/p>\n","protected":false},"excerpt":{"rendered":"09\/06\/2026 a las 11:03h. El que para muchos ya es conocido como el asador de los famosos de&hellip;\n","protected":false},"author":2,"featured_media":596638,"comment_status":"","ping_status":"","sticky":false,"template":"","format":"standard","meta":{"footnotes":""},"categories":[174],"tags":[4390,255,8971,960,1563,146,147,25,24,256,494,18599,15476,15181,80259,23,6028],"class_list":["post-596637","post","type-post","status-publish","format-standard","has-post-thumbnail","category-famosos","tag-asador","tag-celebrities","tag-comida","tag-dias","tag-dos","tag-entertainment","tag-entretenimiento","tag-es","tag-espana","tag-famosos","tag-granada","tag-gusto","tag-montes","tag-omar","tag-seguidos","tag-spain","tag-vino"],"share_on_mastodon":{"url":"https:\/\/pubeurope.com\/@es\/116719969196728768","error":""},"_links":{"self":[{"href":"https:\/\/www.europesays.com\/es\/wp-json\/wp\/v2\/posts\/596637","targetHints":{"allow":["GET"]}}],"collection":[{"href":"https:\/\/www.europesays.com\/es\/wp-json\/wp\/v2\/posts"}],"about":[{"href":"https:\/\/www.europesays.com\/es\/wp-json\/wp\/v2\/types\/post"}],"author":[{"embeddable":true,"href":"https:\/\/www.europesays.com\/es\/wp-json\/wp\/v2\/users\/2"}],"replies":[{"embeddable":true,"href":"https:\/\/www.europesays.com\/es\/wp-json\/wp\/v2\/comments?post=596637"}],"version-history":[{"count":0,"href":"https:\/\/www.europesays.com\/es\/wp-json\/wp\/v2\/posts\/596637\/revisions"}],"wp:featuredmedia":[{"embeddable":true,"href":"https:\/\/www.europesays.com\/es\/wp-json\/wp\/v2\/media\/596638"}],"wp:attachment":[{"href":"https:\/\/www.europesays.com\/es\/wp-json\/wp\/v2\/media?parent=596637"}],"wp:term":[{"taxonomy":"category","embeddable":true,"href":"https:\/\/www.europesays.com\/es\/wp-json\/wp\/v2\/categories?post=596637"},{"taxonomy":"post_tag","embeddable":true,"href":"https:\/\/www.europesays.com\/es\/wp-json\/wp\/v2\/tags?post=596637"}],"curies":[{"name":"wp","href":"https:\/\/api.w.org\/{rel}","templated":true}]}}