{"id":596700,"date":"2026-06-09T12:30:18","date_gmt":"2026-06-09T12:30:18","guid":{"rendered":"https:\/\/www.europesays.com\/es\/596700\/"},"modified":"2026-06-09T12:30:18","modified_gmt":"2026-06-09T12:30:18","slug":"la-emotiva-imagen-de-isabelle-junot-con-su-hija-de-2-meses-que-reune-a-cuatro-generaciones-de-su-familia-en-copenhague","status":"publish","type":"post","link":"https:\/\/www.europesays.com\/es\/596700\/","title":{"rendered":"La emotiva imagen de Isabelle Junot con su hija de 2 meses que re\u00fane a cuatro generaciones de su familia en Copenhague"},"content":{"rendered":"<p id=\"eOfJk8l4rx\" data-wc=\"60\">Hace apenas unos d\u00edas, Isabelle Junot compart\u00eda una misteriosa fotograf\u00eda desde un avi\u00f3n en la que aparec\u00eda junto a su hija mayor, Philippa, y cuatro pasaportes. La imagen despert\u00f3 la curiosidad de sus seguidores y confirm\u00f3 que la marquesa de Cubas <a class=\"hm-link ho-link\" href=\"https:\/\/www.hola.com\/actualidad\/20260602904961\/isabelle-junot-primer-viaje-siendo-una-familia-de-cuatro\/\" data-mrf-recirculation=\"article-body-link\" rel=\"nofollow noopener\" target=\"_blank\">estaba disfrutando de su primera escapada<\/a> siendo <strong>una familia de cuatro junto a \u00c1lvaro Falc\u00f3 y sus dos hijas.<\/strong><\/p>\n<p> <img src=\"https:\/\/www.europesays.com\/es\/wp-content\/uploads\/2026\/06\/65bd77893db4-720647485185915545990197973660057705293442085n.jpg\"   width=\"856\" height=\"1024\" loading=\"lazy\" decoding=\"async\" alt=\"Media Image\" fetchpriority=\"auto\" class=\"image ho-image\"\/>\u00a9 isabellejunot<br \/>\n\u201c4 generaciones en Copenhague\u201d<\/p>\n<p id=\"evVujX11p9r\" data-wc=\"54\">Ahora, la empresaria por fin ha revelado el destino de este viaje tan especial y tambi\u00e9n uno de los momentos m\u00e1s emotivos que est\u00e1 viviendo durante su estancia en Dinamarca. Desde Copenhague, Isabelle ha publicado una entra\u00f1able fotograf\u00eda acompa\u00f1ada de una frase que resume perfectamente el significado de esta escapada: \u201c4 generaciones en Copenhague\u201d.<\/p>\n<p id=\"e6qEqrBdFH\" data-wc=\"64\">La instant\u00e1nea muestra un encuentro cargado de simbolismo. En ella aparecen la madre de Isabelle, Nina Wendelboe-Larsen; la propia empresaria; su hija mayor, Philippa; y la peque\u00f1a Simona, nacida el pasado mes de abril. Una imagen que inmortaliza el primer encuentro de la reci\u00e9n nacida con su bisabuela y que refleja la emoci\u00f3n de reunir a cuatro generaciones de mujeres de una misma familia.<\/p>\n<p> <img src=\"https:\/\/www.europesays.com\/es\/wp-content\/uploads\/2026\/06\/c7478a92f443-710482028185897841070197975433469083164648279n.jpg\"   width=\"576\" height=\"1024\" loading=\"lazy\" decoding=\"async\" alt=\"Media Image\" fetchpriority=\"auto\" class=\"image ho-image\"\/>\u00a9 isabellejunot<\/p>\n<p id=\"eH_hXyJ74z\" data-wc=\"66\">M\u00e1s all\u00e1 de una simple fotograf\u00eda de viaje, se trata de un recuerdo familiar de enorme valor sentimental. Para Simona, que apenas cuenta con unas semanas de vida, supone conocer a una figura fundamental en la historia de su familia. Para Isabelle, es la oportunidad de ver reunidas a las mujeres que representan distintas etapas de su vida: su abuela, su madre y sus dos hijas.<\/p>\n<p>Las mujeres de su vida, juntas<\/p>\n<p id=\"eWtkJZmgMN\" data-wc=\"82\">La elecci\u00f3n de Copenhague para esta primera aventura internacional con la peque\u00f1a Simona tampoco parece casual. La capital danesa est\u00e1 estrechamente vinculada a las ra\u00edces maternas de Isabelle, cuya madre es danesa. El viaje supone, por tanto, una forma de acercar a sus hijas a parte de su herencia familiar y cultural desde una edad muy temprana. Desde que se convirti\u00f3 en madre por segunda vez, Isabelle ha compartido con sus seguidores algunos de los momentos m\u00e1s especiales de esta nueva etapa.\u00a0<\/p>\n<p> <img src=\"https:\/\/www.europesays.com\/es\/wp-content\/uploads\/2026\/06\/40b256cadcd3-71874464918591554623019797937359563072617862n.jpg\"   width=\"768\" height=\"1024\" loading=\"lazy\" decoding=\"async\" alt=\"Media Image\" fetchpriority=\"auto\" class=\"image ho-image\"\/>\u00a9 isabellejunot<\/p>\n<p id=\"eDkenQunbdN\" data-wc=\"48\">La llegada de Simona ha llenado de felicidad a la familia formada junto a \u00c1lvaro Falc\u00f3, que ya disfrutaba plenamente de la experiencia de la paternidad con la peque\u00f1a Philippa. Las im\u00e1genes que ha publicado durante estas semanas muestran una vida familiar tranquila y volcada en las ni\u00f1as.<\/p>\n<p id=\"ebzQDRDaDh\" data-wc=\"3\">La bisabuela, feliz<\/p>\n<p> <img src=\"https:\/\/www.europesays.com\/es\/wp-content\/uploads\/2026\/06\/a3555b3f7435-719302040185915547280197972866318763396211939n.jpg\"   width=\"855\" height=\"1024\" loading=\"lazy\" decoding=\"async\" alt=\"Media Image\" fetchpriority=\"auto\" class=\"image ho-image\"\/>\u00a9 isabellejunot<\/p>\n<p id=\"ePj1-cHyV7\" data-wc=\"98\">La fotograf\u00eda de las cuatro generaciones llega adem\u00e1s en un momento especialmente significativo para la empresaria. Tras meses marcados por importantes cambios personales y familiares, la imagen transmite la importancia de los v\u00ednculos que unen a distintas generaciones y el <a class=\"hm-link ho-link\" href=\"https:\/\/www.hola.com\/actualidad\/20260602904961\/isabelle-junot-primer-viaje-siendo-una-familia-de-cuatro\/\" data-mrf-recirculation=\"article-body-link\" rel=\"nofollow noopener\" target=\"_blank\">valor de compartir tiempo con los seres queridos<\/a>. No es extra\u00f1o que la publicaci\u00f3n haya despertado numerosos comentarios entre sus seguidores. La naturalidad de la escena y la ternura que desprende el encuentro entre la peque\u00f1a Simona y su bisabuela han convertido esta instant\u00e1nea en una de las m\u00e1s especiales que Isabelle ha compartido en los \u00faltimos meses.<\/p>\n<p> <img src=\"https:\/\/www.europesays.com\/es\/wp-content\/uploads\/2026\/06\/8b08e190abe0-719223414185915546440197971416099028095359266n.jpg\"   width=\"768\" height=\"1024\" loading=\"lazy\" decoding=\"async\" alt=\"Media Image\" fetchpriority=\"auto\" class=\"image ho-image\"\/>\u00a9 isabellejunot<\/p>\n<p id=\"eoPXRijVxp\" data-wc=\"63\">Si la fotograf\u00eda de los cuatro pasaportes sirvi\u00f3 para anunciar una nueva aventura familiar, esta imagen desde Copenhague representa algo todav\u00eda m\u00e1s importante: el encuentro entre pasado y futuro. Un instante \u00fanico en el que una reci\u00e9n nacida conoce a su bisabuela mientras cuatro generaciones comparten un mismo recuerdo que, sin duda, quedar\u00e1 para siempre en el \u00e1lbum familiar de los Falc\u00f3 Junot.<\/p>\n","protected":false},"excerpt":{"rendered":"Hace apenas unos d\u00edas, Isabelle Junot compart\u00eda una misteriosa fotograf\u00eda desde un avi\u00f3n en la que aparec\u00eda junto&hellip;\n","protected":false},"author":2,"featured_media":596701,"comment_status":"","ping_status":"","sticky":false,"template":"","format":"standard","meta":{"footnotes":""},"categories":[174],"tags":[517,50107,255,146,147,25,24,256,39747,23],"class_list":["post-596700","post","type-post","status-publish","format-standard","has-post-thumbnail","category-famosos","tag-actualidad","tag-alvaro-falco","tag-celebrities","tag-entertainment","tag-entretenimiento","tag-es","tag-espana","tag-famosos","tag-isabelle-junot","tag-spain"],"share_on_mastodon":{"url":"https:\/\/pubeurope.com\/@es\/116720162598797289","error":""},"_links":{"self":[{"href":"https:\/\/www.europesays.com\/es\/wp-json\/wp\/v2\/posts\/596700","targetHints":{"allow":["GET"]}}],"collection":[{"href":"https:\/\/www.europesays.com\/es\/wp-json\/wp\/v2\/posts"}],"about":[{"href":"https:\/\/www.europesays.com\/es\/wp-json\/wp\/v2\/types\/post"}],"author":[{"embeddable":true,"href":"https:\/\/www.europesays.com\/es\/wp-json\/wp\/v2\/users\/2"}],"replies":[{"embeddable":true,"href":"https:\/\/www.europesays.com\/es\/wp-json\/wp\/v2\/comments?post=596700"}],"version-history":[{"count":0,"href":"https:\/\/www.europesays.com\/es\/wp-json\/wp\/v2\/posts\/596700\/revisions"}],"wp:featuredmedia":[{"embeddable":true,"href":"https:\/\/www.europesays.com\/es\/wp-json\/wp\/v2\/media\/596701"}],"wp:attachment":[{"href":"https:\/\/www.europesays.com\/es\/wp-json\/wp\/v2\/media?parent=596700"}],"wp:term":[{"taxonomy":"category","embeddable":true,"href":"https:\/\/www.europesays.com\/es\/wp-json\/wp\/v2\/categories?post=596700"},{"taxonomy":"post_tag","embeddable":true,"href":"https:\/\/www.europesays.com\/es\/wp-json\/wp\/v2\/tags?post=596700"}],"curies":[{"name":"wp","href":"https:\/\/api.w.org\/{rel}","templated":true}]}}