{"id":596712,"date":"2026-06-09T12:38:11","date_gmt":"2026-06-09T12:38:11","guid":{"rendered":"https:\/\/www.europesays.com\/es\/596712\/"},"modified":"2026-06-09T12:38:11","modified_gmt":"2026-06-09T12:38:11","slug":"el-ciclo-circo-de-calle-de-mostoles-llena-de-magia-y-acrobacias-los-sabados-de-junio","status":"publish","type":"post","link":"https:\/\/www.europesays.com\/es\/596712\/","title":{"rendered":"El Ciclo Circo de Calle de M\u00f3stoles llena de magia y acrobacias los s\u00e1bados de junio"},"content":{"rendered":"<ul>\n<li class=\" cmAlignjustify\"><strong>El ciclo ofrecer\u00e1 espect\u00e1culos que combinan acrobacias, humor, danza y un alt\u00edsimo nivel t\u00e9cnico, pensados para disfrutar en familia y con acceso totalmente gratuito.<\/strong><\/li>\n<\/ul>\n<ul>\n<li class=\" cmAlignjustify\"><strong>Esta propuesta cultural reunir\u00e1 a algunas de las mejores compa\u00f1\u00edas de circo contempor\u00e1neo del pa\u00eds.<\/strong><\/li>\n<\/ul>\n<p class=\"cmParagraph cmAlignjustify\"><img loading=\"lazy\" decoding=\"async\" src=\"https:\/\/www.europesays.com\/es\/wp-content\/uploads\/2026\/06\/1466080-destacada agenda semana junio 26.jpg\" width=\"400\" height=\"225\" alt=\"destacada agenda semana junio 26\"\/>El Ciclo Circo de Calle, organizado por el Ayuntamiento de M\u00f3stoles, a trav\u00e9s de la Concejal\u00eda de Educaci\u00f3n y Cultura, llenar\u00e1 la ciudad este mes de junio de magia y acrobacias, de la mano de algunas de las mejores compa\u00f1\u00edas de circo contempor\u00e1neo del pa\u00eds. <\/p>\n<p class=\"cmParagraph cmAlignjustify\">La programaci\u00f3n, que combina acrobacias, humor, danza y un alt\u00edsimo nivel t\u00e9cnico, estar\u00e1 compuesta por tres grandes espect\u00e1culos gratuitos y para todos los p\u00fablicos, que se celebrar\u00e1n cada s\u00e1bado, a las 21:30 h, en la Plaza de los P\u00e1jaros. <\/p>\n<p class=\"cmParagraph cmAlignjustify\">El ciclo da comienzo el s\u00e1bado 13 con la compa\u00f1\u00eda Nueveuno y su espect\u00e1culo <strong>\u00abSinergia Street\u00bb<\/strong>. Inspirado en el genio de Leonardo Da Vinci, este show de circo contempor\u00e1neo es la adaptaci\u00f3n callejera de la aclamada obra \u00abSinergia 3.0\u00bb. Cuatro int\u00e9rpretes fusionan malabares, verticales y danza en una coreograf\u00eda geom\u00e9trica constante que reflexiona sobre la evoluci\u00f3n humana y la interacci\u00f3n emocional del grupo. <\/p>\n<p class=\"cmParagraph cmAlignjustify\">Una semana despu\u00e9s, el s\u00e1bado 20, la compa\u00f1\u00eda Capic\u00faa ofrece el espect\u00e1culo <strong>\u00abN\u00fcshu\u00bb<\/strong>. Ambientado en una antigua f\u00e1brica de tejanos, cinco mujeres acr\u00f3batas transforman objetos cotidianos \u2014una m\u00e1quina de coser, una escalera y un m\u00e1stil\u2014 en un lenguaje corporal lleno de sensibilidad, humor y energ\u00eda. Un homenaje a los hilos emocionales que unen a madres, abuelas e hijas a trav\u00e9s del circo-teatro y las t\u00e9cnicas a\u00e9reas. <\/p>\n<p class=\"cmParagraph cmAlignjustify\">El programa finaliza el s\u00e1bado 27 con la prestigiosa compa\u00f1\u00eda murciana de proyecci\u00f3n internacional UpArte. <strong>\u00abDESproVISTO\u00bb<\/strong> es una pieza de circo contempor\u00e1neo que destaca por un alto nivel t\u00e9cnico acrob\u00e1tico. Una apuesta por la plasticidad y lo flexible que invita al espectador a librarse de las apariencias y los prejuicios, mostrando el valor de la vulnerabilidad y el encuentro con el otro en los momentos de duda. <\/p>\n<p class=\"cmParagraph cmAlignjustify\">El ciclo destaca por su car\u00e1cter accesible y su apuesta por dinamizar los espacios p\u00fablicos de la ciudad, transformando la c\u00e9ntrica Plaza de los P\u00e1jaros en un improvisado teatro al aire libre donde vecinos y visitantes podr\u00e1n disfrutar de la cultura de forma segura y cercana.<\/p>\n","protected":false},"excerpt":{"rendered":"El ciclo ofrecer\u00e1 espect\u00e1culos que combinan acrobacias, humor, danza y un alt\u00edsimo nivel t\u00e9cnico, pensados para disfrutar en&hellip;\n","protected":false},"author":2,"featured_media":596713,"comment_status":"","ping_status":"","sticky":false,"template":"","format":"standard","meta":{"footnotes":""},"categories":[91],"tags":[1201,6853,1250,6854,777,2800,5509,146,147,25,24,6852,1928,6850,6849,10,4111,6851,23,6855],"class_list":["post-596712","post","type-post","status-publish","format-standard","has-post-thumbnail","category-entretenimiento","tag-alcalde","tag-atencioacuten-ciudadana","tag-ayuntamiento","tag-callejero","tag-ciudad","tag-distritos","tag-empleo","tag-entertainment","tag-entretenimiento","tag-es","tag-espana","tag-inversioacuten","tag-joven","tag-juventud","tag-moacutestoles","tag-noticias","tag-presupuestos","tag-sede-electroacutenica","tag-spain","tag-webs-municipales"],"share_on_mastodon":{"url":"https:\/\/pubeurope.com\/@es\/116720193957769789","error":""},"_links":{"self":[{"href":"https:\/\/www.europesays.com\/es\/wp-json\/wp\/v2\/posts\/596712","targetHints":{"allow":["GET"]}}],"collection":[{"href":"https:\/\/www.europesays.com\/es\/wp-json\/wp\/v2\/posts"}],"about":[{"href":"https:\/\/www.europesays.com\/es\/wp-json\/wp\/v2\/types\/post"}],"author":[{"embeddable":true,"href":"https:\/\/www.europesays.com\/es\/wp-json\/wp\/v2\/users\/2"}],"replies":[{"embeddable":true,"href":"https:\/\/www.europesays.com\/es\/wp-json\/wp\/v2\/comments?post=596712"}],"version-history":[{"count":0,"href":"https:\/\/www.europesays.com\/es\/wp-json\/wp\/v2\/posts\/596712\/revisions"}],"wp:featuredmedia":[{"embeddable":true,"href":"https:\/\/www.europesays.com\/es\/wp-json\/wp\/v2\/media\/596713"}],"wp:attachment":[{"href":"https:\/\/www.europesays.com\/es\/wp-json\/wp\/v2\/media?parent=596712"}],"wp:term":[{"taxonomy":"category","embeddable":true,"href":"https:\/\/www.europesays.com\/es\/wp-json\/wp\/v2\/categories?post=596712"},{"taxonomy":"post_tag","embeddable":true,"href":"https:\/\/www.europesays.com\/es\/wp-json\/wp\/v2\/tags?post=596712"}],"curies":[{"name":"wp","href":"https:\/\/api.w.org\/{rel}","templated":true}]}}