{"id":596720,"date":"2026-06-09T12:45:59","date_gmt":"2026-06-09T12:45:59","guid":{"rendered":"https:\/\/www.europesays.com\/es\/596720\/"},"modified":"2026-06-09T12:45:59","modified_gmt":"2026-06-09T12:45:59","slug":"el-papa-en-barcelona-ser-testigos-y-profetas-de-unidad-acogida-concordia-y-paz","status":"publish","type":"post","link":"https:\/\/www.europesays.com\/es\/596720\/","title":{"rendered":"El Papa en Barcelona: Ser testigos y profetas de unidad, acogida, concordia y paz"},"content":{"rendered":"<p>El primer encuentro del Le\u00f3n XIV en Barcelona ha tenido lugar en la catedral de la Santa Cruz y de Santa Eulalia para la oraci\u00f3n de la Hora Media. En su homil\u00eda, el Pont\u00edfice record\u00f3 que, en la riqueza de los dones recibidos, somos fuertes porque estamos unidos, y estamos unidos porque estamos animados por el mismo Esp\u00edritu. Asimismo, exhort\u00f3 a no permitir que nada destruya la unidad en la que Dios nos ha constituido y hacia cuya plenitud nos conduce d\u00eda tras d\u00eda.<\/p>\n<p>Rocio Lancho Garc\u00eda &#8211; Ciudad del Vaticano<\/p>\n<p>El Papa Le\u00f3n XIV ha llegado a Barcelona procedente de Madrid este martes 9 de junio, iniciando as\u00ed la segunda etapa de su viaje a Espa\u00f1a. A su llegada al aeropuerto de El Prat, el Santo Padre fue recibido por algunos representantes de la Generalitat de Catalunya. Desde all\u00ed se ha trasladado en coche hasta la catedral de Barcelona, para la oraci\u00f3n de la Hora Media.<\/p>\n<p>Al llegar a la catedral de la Santa Cruz y Santa Eulalia, el Papa fue recibido por el arzobispo metropolitano de Barcelona, el cardenal Juan Jos\u00e9 Omella Omella. Posteriormente entr\u00f3 en una de las capillas para un momento de oraci\u00f3n delante de Sant\u00edsimo Sacramento y, sucesivamente, recorri\u00f3 la nave central. Tras unas palabras de bienvenida del cardenal Omella, el Santo Padre pronunci\u00f3 \u00a0su homil\u00eda, en la que ley\u00f3 algunos fragmentos en catal\u00e1n.\u00a0 \u00a0<\/p>\n<p><b>Hogar amplio y abierto a la fraternidad cristiana<\/b> <\/p>\n<p>Haciendo referencia a la lectura proclamada, Le\u00f3n XIV reflexion\u00f3 sobre dos im\u00e1genes: la Esposa y el Cuerpo. La primera, explic\u00f3 el Papa, nos recuerda que la Iglesia, y en particular esta asamblea, rica de dones y carismas y de la variedad de las historias de cada uno, es ante todo una Esposa amada.<\/p>\n<p>\u201cDios os ha querido aqu\u00ed, porque ama en vosotros y en vuestro estar juntos una belleza y una bondad \u00fanicas y sagradas\u201d, asegur\u00f3 a los presentes. Asimismo, subray\u00f3 que la Iglesia \u201ces fruto de un acto de amor que la precede y que viene de Dios\u201d y, ante todo, \u201ccrece dej\u00e1ndose amar por \u00c9l, unida, con coraz\u00f3n humilde y agradecido, porque s\u00f3lo quien se deja amar por Dios puede construir, con los dem\u00e1s, las obras del amor\u201d.<\/p>\n<p>Haciendo referencia a unas palabras que el Papa Francisco dedic\u00f3 a esta comunidad diocesana, Le\u00f3n XIV explic\u00f3 que el \u201cclima que estamos llamados a difundir en nuestros ambientes\u201d debe ser \u201cun clima de familia, en el que se vive juntos, conscientes de la filiaci\u00f3n y de la llamada com\u00fan, solidarios, abiertos, capaces de misericordia, de sacrificio, de atenci\u00f3n rec\u00edproca, de perd\u00f3n\u201d. Tambi\u00e9n evoc\u00f3 unas palabras de su predecesor Juan Pablo II durante su visita a esta ciudad en 1982, cuando anim\u00f3 a \u201cproclamar ante la Iglesia que esta ciudad y esta regi\u00f3n son un hogar amplio y abierto a la fraternidad cristiana\u201d. En sus palabras \u2013 prosigui\u00f3 el Papa &#8211; encuentran un lugar los rostros de tantos hermanos y hermanas que entre vosotros se han entregado y se entregan para construir armon\u00eda y comuni\u00f3n, m\u00e1s all\u00e1 de toda polarizaci\u00f3n. Seg\u00fan afirm\u00f3 Le\u00f3n XIV, estas personas hoy se ven confirmadas en la vitalidad de las numerosas obras de anuncio, de formaci\u00f3n y de caridad de las que todos vosotros sois animadores y protagonistas.<\/p>\n<p><b>En la riqueza de los dones recibidos somos fuertes<\/b> <\/p>\n<p>En segundo lugar, el Papa profundiz\u00f3 sobre el Cuerpo: \u201cSi Cristo es el Esposo que nos am\u00f3 primero, \u00c9l es tambi\u00e9n la Cabeza a la que estamos unidos como miembros de un \u00fanico organismo, unos al servicio de otros\u201d, \u201ctodos animados por la acci\u00f3n del mismo Esp\u00edritu, todos llamados a la misma santidad\u201d. El Papa destac\u00f3 la importancia de este aspecto porque \u201cnos recuerda que para nosotros trabajar juntos no es una elecci\u00f3n de \u2018estilo\u2019, sino una necesidad fisiol\u00f3gica\u201d, y a la que \u201ccorrespondemos poniendo en juego los carismas recibidos en el respeto de los ministerios confiados\u201d. Es el Esp\u00edritu quien, \u201cnos impulsa no s\u00f3lo a entregarnos sin reservas all\u00ed donde la Providencia nos llama, sino a hacerlo seg\u00fan los designios de Dios, en la obediencia y en la confianza\u201d, indic\u00f3 el Pont\u00edfice.<\/p>\n<p>En esta misma l\u00ednea reflexion\u00f3 sobre la \u201cvariedad y la importancia de los roles y de las misiones que encontramos entre nosotros\u201d, asegurando que el mensaje es siempre el mismo: \u201cen la riqueza de los dones recibidos, somos fuertes porque estamos unidos, y estamos unidos porque estamos animados por el mismo Esp\u00edritu\u201d. Por ello, Le\u00f3n XIV advirti\u00f3 de la importancia de \u201cno permitir que nada destruya la unidad en la que Dios nos ha constituido y hacia cuya plenitud nos conduce d\u00eda tras d\u00eda\u201d.<\/p>\n<p><b>Testigos y profetas de unidad<\/b> <\/p>\n<p>En un mundo desgarrado por guerras y divisiones, y en una sociedad cada vez m\u00e1s fragmentada e individualista, el Papa invit\u00f3 a ser \u201cm\u00e1rtires\u201d, es decir, \u201ctestigos y profetas de unidad, de acogida, de concordia y de paz, incluso a costa de sacrificios y renuncias\u201d. Queremos responder nuestros \u2018s\u00ed\u2019, &#8211; afirm\u00f3 el Pont\u00edfice &#8211; dispuestos, en lo que sea necesario, a morir a nosotros mismos, a perdernos para reencontrarnos, a renunciar a lo superfluo para construir sobre lo que es esencial y dura para siempre.<\/p>\n<p>Para concluir su intervenci\u00f3n, el Obispo de Roma record\u00f3 las palabras de Jes\u00fas en la \u00daltima Cena: \u201cYo en ellos, y t\u00fa en m\u00ed, para que sean completamente uno, de modo que el mundo sepa que t\u00fa me has enviado y que los has amado a ellos como me has amado a m\u00ed\u201d.<\/p>\n<p>Al finalizar, el Papa fue a la cripta para un momento de oraci\u00f3n delante de la tumba de santa Eulalia. Despu\u00e9s sali\u00f3 a la calle e improvis\u00f3 un saludo a la multitud que le esperaba. Sucesivamente, acude a la Casa Arzobispal donde comer\u00e1 y se reunir\u00e1 de forma privada con el presidente de la Generalitat de Catalunya, Salvador Illa i Roca, y a los miembros de la Orden Agustina.<\/p>\n","protected":false},"excerpt":{"rendered":"El primer encuentro del Le\u00f3n XIV en Barcelona ha tenido lugar en la catedral de la Santa Cruz&hellip;\n","protected":false},"author":2,"featured_media":596721,"comment_status":"","ping_status":"","sticky":false,"template":"","format":"standard","meta":{"footnotes":""},"categories":[5],"tags":[17,18,25,24,13,14,11,401,19,20,9,10,15,16,12359,400,23,12,21,22,55874],"class_list":["post-596720","post","type-post","status-publish","format-standard","has-post-thumbnail","category-titulares","tag-breaking-news","tag-breakingnews","tag-es","tag-espana","tag-featured-news","tag-featurednews","tag-headlines","tag-iglesia-catolica","tag-latest-news","tag-latestnews","tag-news","tag-noticias","tag-noticias-destacadas","tag-noticiasdestacadas","tag-oracion","tag-papa-leon-xiv","tag-spain","tag-titulares","tag-ultimas-noticias","tag-ultimasnoticias","tag-viaje-apostolico"],"share_on_mastodon":{"url":"https:\/\/pubeurope.com\/@es\/116720224860693714","error":""},"_links":{"self":[{"href":"https:\/\/www.europesays.com\/es\/wp-json\/wp\/v2\/posts\/596720","targetHints":{"allow":["GET"]}}],"collection":[{"href":"https:\/\/www.europesays.com\/es\/wp-json\/wp\/v2\/posts"}],"about":[{"href":"https:\/\/www.europesays.com\/es\/wp-json\/wp\/v2\/types\/post"}],"author":[{"embeddable":true,"href":"https:\/\/www.europesays.com\/es\/wp-json\/wp\/v2\/users\/2"}],"replies":[{"embeddable":true,"href":"https:\/\/www.europesays.com\/es\/wp-json\/wp\/v2\/comments?post=596720"}],"version-history":[{"count":0,"href":"https:\/\/www.europesays.com\/es\/wp-json\/wp\/v2\/posts\/596720\/revisions"}],"wp:featuredmedia":[{"embeddable":true,"href":"https:\/\/www.europesays.com\/es\/wp-json\/wp\/v2\/media\/596721"}],"wp:attachment":[{"href":"https:\/\/www.europesays.com\/es\/wp-json\/wp\/v2\/media?parent=596720"}],"wp:term":[{"taxonomy":"category","embeddable":true,"href":"https:\/\/www.europesays.com\/es\/wp-json\/wp\/v2\/categories?post=596720"},{"taxonomy":"post_tag","embeddable":true,"href":"https:\/\/www.europesays.com\/es\/wp-json\/wp\/v2\/tags?post=596720"}],"curies":[{"name":"wp","href":"https:\/\/api.w.org\/{rel}","templated":true}]}}