{"id":596746,"date":"2026-06-09T13:07:14","date_gmt":"2026-06-09T13:07:14","guid":{"rendered":"https:\/\/www.europesays.com\/es\/596746\/"},"modified":"2026-06-09T13:07:14","modified_gmt":"2026-06-09T13:07:14","slug":"suspenden-al-fiscal-jefe-del-tribunal-penal-internacional-por-acusaciones-de-acoso-sexual","status":"publish","type":"post","link":"https:\/\/www.europesays.com\/es\/596746\/","title":{"rendered":"Suspenden al fiscal jefe del Tribunal Penal Internacional por acusaciones de acoso sexual"},"content":{"rendered":"<p style=\"\">Un \u00f3rgano rector del Tribunal Penal Internacional ha suspendido este lunes al fiscal jefe Karim Khan tras las acusaciones de acoso sexual por parte de un miembro de su oficina. <\/p>\n<p style=\"\">La Mesa de la Asamblea de los Estados Partes (AEP), compuesta por 21 miembros, decidi\u00f3  &#8230; por mayor\u00eda cualificada suspender al fiscal de sus funciones con efecto inmediato, a la espera de la decisi\u00f3n final de la Asamblea de los Estados Partes, como \u00f3rgano competente, seg\u00fan un comunicado.<\/p>\n<p class=\"v-d-p\" style=\"\">La Mesa subraya que esta suspensi\u00f3n no indica el resultado final. La decisi\u00f3n tendr\u00e1 escaso impacto pr\u00e1ctico en el funcionamiento del Tribunal, ya que Khan, de 56 a\u00f1os, se apart\u00f3 del cargo en mayo de 2025, solicitando una licencia para defenderse de las acusaciones, las cuales niega.<\/p>\n<ul class=\"v-cmp-rld__u\">\n<li class=\"v-cmp-rld__l\">\n<p><a class=\"v-a-lnk\" href=\"https:\/\/www.abc.es\/internacional\/fiscal-jefe-tpi-karim-khan-acusado-segunda-20250829124912-nt.html#vtm_modulosEngag=noticiasrelacionadas-cmp-uno:internacional:noticia:1\" title=\"El fiscal jefe del TPI, Karim Khan, es acusado por una segunda mujer de acoso sexual\" data-voc-vtm-id=\"in-text-traffic\" rel=\"nofollow noopener\" target=\"_blank\"><br \/>\n<img decoding=\"async\" loading=\"lazy\" src=\"https:\/\/www.europesays.com\/es\/wp-content\/uploads\/2026\/06\/1481443690-kiiD--366x256@diario_abc.jpg\" class=\"v-a-img\" width=\"258\" height=\"180\" alt=\"El fiscal jefe del TPI, Karim Khan, es acusado por una segunda mujer de acoso sexual\"\/><br \/>\n<\/a><\/p>\n<\/li>\n<\/ul>\n<p class=\"v-d-p\" style=\"\">Ya ha sido excluido de <a href=\"https:\/\/www.abc.es\/internacional\/rodrigo-duterte-presidente-licencia-matar-20250626101321-nt.html\" title=\"www.abc.es\" data-voc-vtm-id=\"in-text-traffic\" data-mrf-link=\"www.abc.es\" rel=\"nofollow noopener\" target=\"_blank\">la defensa en el caso m\u00e1s importante de la CPI contra el expresidente filipino Rodrigo Duterte<\/a>. Seg\u00fan el comunicado, se convocar\u00e1 una sesi\u00f3n especial de la Asamblea Popular Estatal lo antes posible para debatir el caso Khan.<\/p>\n<p class=\"v-d-p\" style=\"\">El brit\u00e1nico de 56 a\u00f1os salt\u00f3 a los titulares cuando solicit\u00f3 con <a href=\"https:\/\/www.abc.es\/internacional\/corte-penal-internacional-emite-orden-arresto-netanyahu-20241121132700-nt.html\" title=\"www.abc.es\" data-voc-vtm-id=\"in-text-traffic\" data-mrf-link=\"www.abc.es\" rel=\"nofollow noopener\" target=\"_blank\">\u00e9xito \u00f3rdenes de arresto contra el primer ministro israel\u00ed,<\/a> Benjamin Netanyahu, y el exministro de Defensa, Yoav Gallant, por la guerra de Gaza.<\/p>\n<p class=\"v-d-p\" style=\"\">Fue uno de los primeros en ser sancionado por Estados Unidos, aliado de Israel, que expres\u00f3 su indignaci\u00f3n por las \u00f3rdenes de arresto.<\/p>\n<p>\nOrden de arresto contra Netanyahu\n<\/p>\n<p class=\"v-d-p\" style=\"\">Por otro lado, Israel ha reclamado este martes que se anule el proceso abierto en el TPI contra el primer ministro, Benjamin Netanyahu, tras la suspensi\u00f3n de Khan.<\/p>\n<p class=\"v-d-p\" style=\"\">\u00abLa suspensi\u00f3n tras una investigaci\u00f3n de la ONU demuestra que esta instituci\u00f3n est\u00e1 podrida hasta la m\u00e9dula\u00bb, ha afirmado el embajador israel\u00ed ante Naciones Unidas, Danny Danon, en un mensaje en redes sociales.<\/p>\n<p class=\"v-d-p\" style=\"\">En este sentido, Danon ha reclamado \u00abanular las escandalosas \u00f3rdenes de detenci\u00f3n\u00bb contra el primer ministro de Israel, aprovechando este esc\u00e1ndalo.<\/p>\n<p class=\"v-d-p\" style=\"\">En noviembre de 2024 el TPI emiti\u00f3 sendas \u00f3rdenes de arresto contra el primer ministro de Israel, Benjamin Netanyahu, y el anterior responsable de Defensa, Yoav Gallant, por los presuntos cr\u00edmenes de guerra y contra la humanidad en el marco de la ofensiva militar contra Gaza.<\/p>\n<p class=\"v-d-p\" style=\"\">Desde entonces las autoridades israel\u00edes han cargado duramente contra el TPI, al que acusa de emitir sentencias \u00absesgadas\u00bb y \u00abhabitualmente posicionadas en contra del Estado de Israel\u00bb.<\/p>\n","protected":false},"excerpt":{"rendered":"Un \u00f3rgano rector del Tribunal Penal Internacional ha suspendido este lunes al fiscal jefe Karim Khan tras las&hellip;\n","protected":false},"author":2,"featured_media":596747,"comment_status":"","ping_status":"","sticky":false,"template":"","format":"standard","meta":{"footnotes":""},"categories":[42],"tags":[19530,11931,17,18,12726,13,14,6987,38934,11,61,62,63,64,71558,43534,19,20,9,10,15,16,7545,9129,40394,12,21,22,65,66,67],"class_list":["post-596746","post","type-post","status-publish","format-standard","has-post-thumbnail","category-internacional","tag-acoso","tag-acusaciones","tag-breaking-news","tag-breakingnews","tag-corte","tag-featured-news","tag-featurednews","tag-fiscal","tag-funciones","tag-headlines","tag-internacional","tag-international","tag-international-news","tag-internationalnews","tag-karim","tag-khan","tag-latest-news","tag-latestnews","tag-news","tag-noticias","tag-noticias-destacadas","tag-noticiasdestacadas","tag-penal","tag-sexual","tag-suspendido","tag-titulares","tag-ultimas-noticias","tag-ultimasnoticias","tag-world","tag-world-news","tag-worldnews"],"share_on_mastodon":{"url":"https:\/\/pubeurope.com\/@es\/116720307727826522","error":""},"_links":{"self":[{"href":"https:\/\/www.europesays.com\/es\/wp-json\/wp\/v2\/posts\/596746","targetHints":{"allow":["GET"]}}],"collection":[{"href":"https:\/\/www.europesays.com\/es\/wp-json\/wp\/v2\/posts"}],"about":[{"href":"https:\/\/www.europesays.com\/es\/wp-json\/wp\/v2\/types\/post"}],"author":[{"embeddable":true,"href":"https:\/\/www.europesays.com\/es\/wp-json\/wp\/v2\/users\/2"}],"replies":[{"embeddable":true,"href":"https:\/\/www.europesays.com\/es\/wp-json\/wp\/v2\/comments?post=596746"}],"version-history":[{"count":0,"href":"https:\/\/www.europesays.com\/es\/wp-json\/wp\/v2\/posts\/596746\/revisions"}],"wp:featuredmedia":[{"embeddable":true,"href":"https:\/\/www.europesays.com\/es\/wp-json\/wp\/v2\/media\/596747"}],"wp:attachment":[{"href":"https:\/\/www.europesays.com\/es\/wp-json\/wp\/v2\/media?parent=596746"}],"wp:term":[{"taxonomy":"category","embeddable":true,"href":"https:\/\/www.europesays.com\/es\/wp-json\/wp\/v2\/categories?post=596746"},{"taxonomy":"post_tag","embeddable":true,"href":"https:\/\/www.europesays.com\/es\/wp-json\/wp\/v2\/tags?post=596746"}],"curies":[{"name":"wp","href":"https:\/\/api.w.org\/{rel}","templated":true}]}}