{"id":596922,"date":"2026-06-09T15:32:24","date_gmt":"2026-06-09T15:32:24","guid":{"rendered":"https:\/\/www.europesays.com\/es\/596922\/"},"modified":"2026-06-09T15:32:24","modified_gmt":"2026-06-09T15:32:24","slug":"muere-a-los-61-anos-cristina-blanco-madre-de-miguel-angel-munoz","status":"publish","type":"post","link":"https:\/\/www.europesays.com\/es\/596922\/","title":{"rendered":"Muere a los 61 a\u00f1os Cristina Blanco, madre de Miguel \u00c1ngel Mu\u00f1oz"},"content":{"rendered":"<p class=\"c-paragraph\">La futur\u00f3loga Cristina Blanco, madre del actor <a href=\"https:\/\/www.20minutos.es\/tags\/personas\/miguel-angel-munoz.html\" title=\"Miguel \u00c1ngel Mu\u00f1oz\" rel=\"nofollow noopener\" target=\"_blank\">Miguel \u00c1ngel Mu\u00f1oz<\/a>, ha fallecido a los\u00a061 a\u00f1os a causa de un infarto, tal como adelantaba Semana.\u00a0<\/p>\n<p class=\"c-paragraph\">La mujer llevaba tres a\u00f1os en una residencia a las afueras de Madrid, donde la asist\u00edan, <b>pues hab\u00eda sufrido graves problemas de salud <\/b>desde 2023.\u00a0\u00a0<\/p>\n<p class=\"c-paragraph\">Cristina Blanco fue una habitual en la televisi\u00f3n de nuestro pa\u00eds durante la d\u00e9cada de los 90. Conocida como \u00abla vidente de los famosos\u00bb, alcanz\u00f3 una enorme notoriedad gracias a <b>sus apariciones en programas de entretenimiento y prensa del coraz\u00f3n<\/b>, donde ofrec\u00eda predicciones y consultas astrol\u00f3gicas.<\/p>\n<p class=\"c-paragraph\">Su presencia medi\u00e1tica fue especialmente intensa en el entorno televisivo asociado a <a href=\"https:\/\/www.20minutos.es\/tags\/personas\/maria-teresa-campos.html\" title=\"Mar\u00eda Teresa Campos\" rel=\"nofollow noopener\" target=\"_blank\">Mar\u00eda Teresa Campos<\/a> y <a href=\"https:\/\/www.20minutos.es\/tags\/personas\/terelu-campos.html\" title=\"Terelu Campos\" rel=\"nofollow noopener\" target=\"_blank\">Terelu Campos<\/a>, <b>convirti\u00e9ndose en un rostro habitual para millones de espectadores.<\/b><\/p>\n<p class=\"c-paragraph\">Su trayectoria sufri\u00f3 un vuelco cuando en 2007 fue condenada por el robo de tarjetas de cr\u00e9dito a clientes de un hotel de Marbella, <b>un caso que da\u00f1\u00f3 seriamente su imagen p\u00fablica<\/b>, aunque la ausencia de antecedentes penales hizo que no llegara a ingresar en prisi\u00f3n.\u00a0<\/p>\n<p class=\"c-paragraph\">Tras aquellos acontecimientos, que<b> la alejaron de la televisi\u00f3n y la fama, atraves\u00f3 una profunda depresi\u00f3n<\/b> y fue ingresada en la Cl\u00ednica L\u00f3pez Ibor, donde habr\u00eda sido diagnosticada de trastorno bipolar, seg\u00fan public\u00f3 la prensa de la \u00e9poca.\u00a0<\/p>\n<p class=\"c-paragraph\">En 2023 su nombre volvi\u00f3 a aparecer en los medios cuando <b>tuvo que ser ingresada durante varias semanas en un hospital madrile\u00f1o<\/b> por una afecci\u00f3n que llev\u00f3 a los m\u00e9dicos a tener que amputarle una pierna.<\/p>\n","protected":false},"excerpt":{"rendered":"La futur\u00f3loga Cristina Blanco, madre del actor Miguel \u00c1ngel Mu\u00f1oz, ha fallecido a los\u00a061 a\u00f1os a causa de&hellip;\n","protected":false},"author":2,"featured_media":596923,"comment_status":"","ping_status":"","sticky":false,"template":"","format":"standard","meta":{"footnotes":""},"categories":[174],"tags":[23837,988,255,7538,146,147,25,24,256,4417,8938,23],"class_list":["post-596922","post","type-post","status-publish","format-standard","has-post-thumbnail","category-famosos","tag-23837","tag-anos","tag-celebrities","tag-cristina","tag-entertainment","tag-entretenimiento","tag-es","tag-espana","tag-famosos","tag-los","tag-muere","tag-spain"],"share_on_mastodon":{"url":"https:\/\/pubeurope.com\/@es\/116720877505507778","error":""},"_links":{"self":[{"href":"https:\/\/www.europesays.com\/es\/wp-json\/wp\/v2\/posts\/596922","targetHints":{"allow":["GET"]}}],"collection":[{"href":"https:\/\/www.europesays.com\/es\/wp-json\/wp\/v2\/posts"}],"about":[{"href":"https:\/\/www.europesays.com\/es\/wp-json\/wp\/v2\/types\/post"}],"author":[{"embeddable":true,"href":"https:\/\/www.europesays.com\/es\/wp-json\/wp\/v2\/users\/2"}],"replies":[{"embeddable":true,"href":"https:\/\/www.europesays.com\/es\/wp-json\/wp\/v2\/comments?post=596922"}],"version-history":[{"count":0,"href":"https:\/\/www.europesays.com\/es\/wp-json\/wp\/v2\/posts\/596922\/revisions"}],"wp:featuredmedia":[{"embeddable":true,"href":"https:\/\/www.europesays.com\/es\/wp-json\/wp\/v2\/media\/596923"}],"wp:attachment":[{"href":"https:\/\/www.europesays.com\/es\/wp-json\/wp\/v2\/media?parent=596922"}],"wp:term":[{"taxonomy":"category","embeddable":true,"href":"https:\/\/www.europesays.com\/es\/wp-json\/wp\/v2\/categories?post=596922"},{"taxonomy":"post_tag","embeddable":true,"href":"https:\/\/www.europesays.com\/es\/wp-json\/wp\/v2\/tags?post=596922"}],"curies":[{"name":"wp","href":"https:\/\/api.w.org\/{rel}","templated":true}]}}