{"id":59712,"date":"2025-08-20T08:01:07","date_gmt":"2025-08-20T08:01:07","guid":{"rendered":"https:\/\/www.europesays.com\/es\/59712\/"},"modified":"2025-08-20T08:01:07","modified_gmt":"2025-08-20T08:01:07","slug":"mbappe-osasuna-tenia-unplan-claro","status":"publish","type":"post","link":"https:\/\/www.europesays.com\/es\/59712\/","title":{"rendered":"Mbapp\u00e9: \u00abOsasuna ten\u00eda unplan claro\u00bb"},"content":{"rendered":"<p>\n        <strong> Kylian Mbapp\u00e9<\/strong>, delantero franc\u00e9s del <strong>Real Madrid,<\/strong> realiz\u00f3 un balance positivo del estreno liguero de su equipo ante <strong>Osasuna <\/strong>en Real Madrid Tv.\n<\/p>\n<p class=\"article-body__text \">\n        \u201cEra el primer partido de temporada y era importante empezar con una victoria en casa. Sab\u00edamos antes que iba a ser dif\u00edcil, porque <strong>Osasuna ten\u00eda un plan claro de esperarnos para hacer contraataques y buscar a Budimir<\/strong>. Lo trabajamos, pero en el primer tiempo no ten\u00edamos mucho espacio, intentamos jugar de un lado a otro y despu\u00e9s tuvimos m\u00e1s oportunidades en el segundo tiempo\u201d, analiz\u00f3.\n<\/p>\n<p class=\"article-body__text \">\n        Mbapp\u00e9 explic\u00f3 lo que les pidi\u00f3 Xabi Alonso en el primer partido en el Santiago Bernab\u00e9u: \u201c<strong>Tener mucho control con el bal\u00f3n, jugar en campo contrario y desgastar a Osasuna<\/strong>\u201d, para que acusase el cansancio.\n<\/p>\n<p>  Xabi Alonso<\/p>\n<p class=\"article-body__text \">\n        Por su parte, Xabi Alonso dijo: \u201cHa habido cosas buenas y otras a mejorar, todav\u00eda el camino es largo, pero hemos tenido orden. Nos ha faltado frescura contra un bloque bajo, nos ha costado generar ocasiones. Con las cosas buenas y malas iremos mejorando y cogiendo ritmo. Estamos en esa fase de puesta a punto. La victoria nos da tranquilidad\u201d.\n<\/p>\n<p class=\"article-body__text \">\n        Alonso reconoci\u00f3 que no ha tenido \u201cmucho tiempo para preparar\u201d a su equipo para este tipo de partido. \u201cEsper\u00e1bamos un poco m\u00e1s alto a Osasuna, no hemos entrenado demasiado el bloque bajo. Podemos tener perfiles para estas situaciones. Tenemos que prepararlas m\u00e1s\u201d, dijo.\n<\/p>\n<p class=\"article-body__text \">\n        <strong>\u201cOsasuna ha hecho su planteamiento. <\/strong>Costaba encontrar espacios, no hemos conseguido enlazar ese \u00faltimo pase, pero al menos no nos han transitado. Nos ha faltado arriesgar m\u00e1s. Lo tenemos que seguir mejorando\u201d, agreg\u00f3.<\/p>\n","protected":false},"excerpt":{"rendered":"Kylian Mbapp\u00e9, delantero franc\u00e9s del Real Madrid, realiz\u00f3 un balance positivo del estreno liguero de su equipo ante&hellip;\n","protected":false},"author":2,"featured_media":59713,"comment_status":"","ping_status":"","sticky":false,"template":"","format":"standard","meta":{"footnotes":""},"categories":[268],"tags":[7807,168,25,24,280,282,24904,621,2568,281,23,167,8736],"class_list":{"0":"post-59712","1":"post","2":"type-post","3":"status-publish","4":"format-standard","5":"has-post-thumbnail","7":"category-futbol","8":"tag-claro","9":"tag-deportes","10":"tag-es","11":"tag-espana","12":"tag-football","13":"tag-futbol","14":"tag-mbappe","15":"tag-osasuna","16":"tag-plan","17":"tag-soccer","18":"tag-spain","19":"tag-sports","20":"tag-tenia"},"share_on_mastodon":{"url":"","error":""},"_links":{"self":[{"href":"https:\/\/www.europesays.com\/es\/wp-json\/wp\/v2\/posts\/59712","targetHints":{"allow":["GET"]}}],"collection":[{"href":"https:\/\/www.europesays.com\/es\/wp-json\/wp\/v2\/posts"}],"about":[{"href":"https:\/\/www.europesays.com\/es\/wp-json\/wp\/v2\/types\/post"}],"author":[{"embeddable":true,"href":"https:\/\/www.europesays.com\/es\/wp-json\/wp\/v2\/users\/2"}],"replies":[{"embeddable":true,"href":"https:\/\/www.europesays.com\/es\/wp-json\/wp\/v2\/comments?post=59712"}],"version-history":[{"count":0,"href":"https:\/\/www.europesays.com\/es\/wp-json\/wp\/v2\/posts\/59712\/revisions"}],"wp:featuredmedia":[{"embeddable":true,"href":"https:\/\/www.europesays.com\/es\/wp-json\/wp\/v2\/media\/59713"}],"wp:attachment":[{"href":"https:\/\/www.europesays.com\/es\/wp-json\/wp\/v2\/media?parent=59712"}],"wp:term":[{"taxonomy":"category","embeddable":true,"href":"https:\/\/www.europesays.com\/es\/wp-json\/wp\/v2\/categories?post=59712"},{"taxonomy":"post_tag","embeddable":true,"href":"https:\/\/www.europesays.com\/es\/wp-json\/wp\/v2\/tags?post=59712"}],"curies":[{"name":"wp","href":"https:\/\/api.w.org\/{rel}","templated":true}]}}