{"id":597126,"date":"2026-06-09T18:05:13","date_gmt":"2026-06-09T18:05:13","guid":{"rendered":"https:\/\/www.europesays.com\/es\/597126\/"},"modified":"2026-06-09T18:05:13","modified_gmt":"2026-06-09T18:05:13","slug":"suspenden-al-fiscal-jefe-de-la-cpi-a-la-espera-de-una-decision-tras-acusaciones-de-conducta-sexual-indebida","status":"publish","type":"post","link":"https:\/\/www.europesays.com\/es\/597126\/","title":{"rendered":"Suspenden al fiscal jefe de la CPI a la espera de una decisi\u00f3n tras acusaciones de conducta sexual indebida"},"content":{"rendered":"<p>      AP\u00a0\u2014\u00a0\n    <\/p>\n<p class=\"paragraph inline-placeholder vossi-paragraph\" data-uri=\"es.cms.cnn.com\/_components\/paragraph\/instances\/cmq6k7c7a000r29p49vcud0va@published\" data-editable=\"text\" data-component-name=\"paragraph\" data-article-gutter=\"true\">\n            En una medida sin precedentes, el fiscal jefe de la Corte Penal Internacional (CPI), el abogado brit\u00e1nico Karim Khan, fue suspendido de sus funciones a \u00faltima hora del lunes, despu\u00e9s de que un \u00f3rgano de supervisi\u00f3n del tribunal remitiera su caso a un procedimiento discilplinario.\n    <\/p>\n<p class=\"paragraph inline-placeholder vossi-paragraph\" data-uri=\"es.cms.cnn.com\/_components\/paragraph\/instances\/cmq6kl8z70001356rg67hl76l@published\" data-editable=\"text\" data-component-name=\"paragraph\" data-article-gutter=\"true\">\n            Khan, de 56 a\u00f1os, enfrenta acusaciones de conducta sexual inapropiada con una colaboradora, en un esc\u00e1ndalo que se ha prolongado durante m\u00e1s de dos a\u00f1os. \u00c9l ha negado rotundamente haber cometido irregularidades.\n    <\/p>\n<p class=\"paragraph inline-placeholder vossi-paragraph\" data-uri=\"es.cms.cnn.com\/_components\/paragraph\/instances\/cmq6kl8z80002356r7tfa872n@published\" data-editable=\"text\" data-component-name=\"paragraph\" data-article-gutter=\"true\">\n            La decisi\u00f3n final sobre el futuro de Khan recae ahora en la Asamblea de los Estados Parte \u2014el \u00f3rgano que supervisa la CPI\u2014, que celebrar\u00e1 una sesi\u00f3n especial para determinar si Khan puede permanecer en su cargo en el tribunal internacional.\n    <\/p>\n<p class=\"paragraph inline-placeholder vossi-paragraph\" data-uri=\"es.cms.cnn.com\/_components\/paragraph\/instances\/cmq6kl8z90003356rm657e954@published\" data-editable=\"text\" data-component-name=\"paragraph\" data-article-gutter=\"true\">\n            La Mesa de la Asamblea de los Estados Parte, el comit\u00e9 ejecutivo del \u00f3rgano de supervisi\u00f3n del tribunal, declar\u00f3 que bas\u00f3 su decisi\u00f3n \u201cen el informe de una investigaci\u00f3n realizada por la Oficina de Servicios de Supervisi\u00f3n Interna (OSSI) de las Naciones Unidas, las pruebas subyacentes, el asesoramiento de un panel ad hoc de expertos judiciales y las alegaciones por escrito\u201d.\n    <\/p>\n<p class=\"paragraph inline-placeholder vossi-paragraph\" data-uri=\"es.cms.cnn.com\/_components\/paragraph\/instances\/cmq6kl8z90004356r1mepd4av@published\" data-editable=\"text\" data-component-name=\"paragraph\" data-article-gutter=\"true\">\n            Asimismo, a\u00f1adi\u00f3 que la suspensi\u00f3n de Khan, a la espera de la reuni\u00f3n de la Asamblea, \u201cno prejuzga el resultado final\u201d.\n    <\/p>\n<p class=\"paragraph inline-placeholder vossi-paragraph\" data-uri=\"es.cms.cnn.com\/_components\/paragraph\/instances\/cmq6kl8za0005356rsrxvlqgt@published\" data-editable=\"text\" data-component-name=\"paragraph\" data-article-gutter=\"true\">\n            La investigaci\u00f3n de la ONU hall\u00f3 pruebas de que Khan mantuvo \u201ccontacto sexual no consentido con [la colaboradora] en su despacho, en su residencia privada y durante misiones oficiales\u201d, seg\u00fan una copia del informe consultada por The Associated Press. Sin embargo, un panel de tres jueces seleccionado por el comit\u00e9 ejecutivo para evaluar jur\u00eddicamente los hallazgos determin\u00f3 que la investigaci\u00f3n no era lo suficientemente concluyente.\n    <\/p>\n<p class=\"paragraph inline-placeholder vossi-paragraph\" data-uri=\"es.cms.cnn.com\/_components\/paragraph\/instances\/cmq6kl8za0006356rseoi83gz@published\" data-editable=\"text\" data-component-name=\"paragraph\" data-article-gutter=\"true\">\n            Al ser consultado al respecto, el equipo legal de Khan inform\u00f3 que se emitir\u00eda un comunicado este martes.\n    <\/p>\n<p class=\"paragraph inline-placeholder vossi-paragraph\" data-uri=\"es.cms.cnn.com\/_components\/paragraph\/instances\/cmq6kl8zb0007356rkteddj9a@published\" data-editable=\"text\" data-component-name=\"paragraph\" data-article-gutter=\"true\">\n            Khan ya se hab\u00eda apartado temporalmente del cargo en mayo de 2025, a la espera del resultado de la investigaci\u00f3n. Este proceso no tiene precedentes para la CPI, y la Asamblea de los Estados Parte ha tenido que establecer repetidamente nuevas normas para abordar la situaci\u00f3n.\n    <\/p>\n<p class=\"paragraph inline-placeholder vossi-paragraph\" data-uri=\"es.cms.cnn.com\/_components\/paragraph\/instances\/cmq6kl8zb0008356rx1wi6nkc@published\" data-editable=\"text\" data-component-name=\"paragraph\" data-article-gutter=\"true\">\n            Las acusaciones contra Khan se comunicaron por primera vez al \u00f3rgano de control independiente del tribunal hace m\u00e1s de dos a\u00f1os. Una investigaci\u00f3n de AP revel\u00f3 que Khan supuestamente se fij\u00f3 en la mujer, quien trabajaba en otro departamento de la CPI, y la traslad\u00f3 a su propio despacho. Posteriormente, ella pas\u00f3 a acompa\u00f1arlo habitualmente en viajes oficiales, seg\u00fan documentos de denunciantes.\n    <\/p>\n<p class=\"paragraph inline-placeholder vossi-paragraph\" data-uri=\"es.cms.cnn.com\/_components\/paragraph\/instances\/cmq6kl8zb0009356r5dp36nwv@published\" data-editable=\"text\" data-component-name=\"paragraph\" data-article-gutter=\"true\">\n            En uno de los viajes al extranjero, Khan presuntamente le pidi\u00f3 que descansara con \u00e9l en la cama de un hotel y luego \u201cla toc\u00f3 sexualmente\u201d, seg\u00fan indicaban los documentos. Otros presuntos comportamientos no consentidos citados en los documentos inclu\u00edan cerrar con llave la puerta de su despacho e introducir la mano en el bolsillo de ella. Asimismo, presuntamente le pidi\u00f3 en varias ocasiones que lo acompa\u00f1ara de vacaciones.\n    <\/p>\n<p class=\"paragraph inline-placeholder vossi-paragraph\" data-uri=\"es.cms.cnn.com\/_components\/paragraph\/instances\/cmq6kl8zc000a356riulxf9vk@published\" data-editable=\"text\" data-component-name=\"paragraph\" data-article-gutter=\"true\">\n            Solo la Asamblea de los Estados Parte tiene la autoridad para destituir a Khan de su cargo, una medida que requerir\u00eda una mayor\u00eda en una votaci\u00f3n secreta de sus 125 Estados miembros. Sesenta y tres pa\u00edses tendr\u00edan que apoyar la medida de destituci\u00f3n.\n    <\/p>\n<p class=\"paragraph inline-placeholder vossi-paragraph\" data-uri=\"es.cms.cnn.com\/_components\/paragraph\/instances\/cmq6kl8zd000b356rl9gsvj6z@published\" data-editable=\"text\" data-component-name=\"paragraph\" data-article-gutter=\"true\">\n            No se fij\u00f3 una fecha inmediata para la sesi\u00f3n, pero la Asamblea indic\u00f3 que se convocar\u00eda lo antes posible.\n    <\/p>\n","protected":false},"excerpt":{"rendered":"AP\u00a0\u2014\u00a0 En una medida sin precedentes, el fiscal jefe de la Corte Penal Internacional (CPI), el abogado brit\u00e1nico&hellip;\n","protected":false},"author":2,"featured_media":597127,"comment_status":"","ping_status":"","sticky":false,"template":"","format":"standard","meta":{"footnotes":""},"categories":[42],"tags":[11931,17,18,26496,13,14,11,61,62,63,64,112596,19,20,9,10,15,16,12,21,22,65,66,67],"class_list":["post-597126","post","type-post","status-publish","format-standard","has-post-thumbnail","category-internacional","tag-acusaciones","tag-breaking-news","tag-breakingnews","tag-corte-penal-internacional","tag-featured-news","tag-featurednews","tag-headlines","tag-internacional","tag-international","tag-international-news","tag-internationalnews","tag-karim-khan","tag-latest-news","tag-latestnews","tag-news","tag-noticias","tag-noticias-destacadas","tag-noticiasdestacadas","tag-titulares","tag-ultimas-noticias","tag-ultimasnoticias","tag-world","tag-world-news","tag-worldnews"],"share_on_mastodon":{"url":"https:\/\/pubeurope.com\/@es\/116721479001111828","error":""},"_links":{"self":[{"href":"https:\/\/www.europesays.com\/es\/wp-json\/wp\/v2\/posts\/597126","targetHints":{"allow":["GET"]}}],"collection":[{"href":"https:\/\/www.europesays.com\/es\/wp-json\/wp\/v2\/posts"}],"about":[{"href":"https:\/\/www.europesays.com\/es\/wp-json\/wp\/v2\/types\/post"}],"author":[{"embeddable":true,"href":"https:\/\/www.europesays.com\/es\/wp-json\/wp\/v2\/users\/2"}],"replies":[{"embeddable":true,"href":"https:\/\/www.europesays.com\/es\/wp-json\/wp\/v2\/comments?post=597126"}],"version-history":[{"count":0,"href":"https:\/\/www.europesays.com\/es\/wp-json\/wp\/v2\/posts\/597126\/revisions"}],"wp:featuredmedia":[{"embeddable":true,"href":"https:\/\/www.europesays.com\/es\/wp-json\/wp\/v2\/media\/597127"}],"wp:attachment":[{"href":"https:\/\/www.europesays.com\/es\/wp-json\/wp\/v2\/media?parent=597126"}],"wp:term":[{"taxonomy":"category","embeddable":true,"href":"https:\/\/www.europesays.com\/es\/wp-json\/wp\/v2\/categories?post=597126"},{"taxonomy":"post_tag","embeddable":true,"href":"https:\/\/www.europesays.com\/es\/wp-json\/wp\/v2\/tags?post=597126"}],"curies":[{"name":"wp","href":"https:\/\/api.w.org\/{rel}","templated":true}]}}