{"id":597134,"date":"2026-06-09T18:16:09","date_gmt":"2026-06-09T18:16:09","guid":{"rendered":"https:\/\/www.europesays.com\/es\/597134\/"},"modified":"2026-06-09T18:16:09","modified_gmt":"2026-06-09T18:16:09","slug":"listado-oficial-de-ciclistas-inscritos-en-el-circuito-franco-belga-2026-esciclismo","status":"publish","type":"post","link":"https:\/\/www.europesays.com\/es\/597134\/","title":{"rendered":"Listado oficial de ciclistas inscritos en el Circuito Franco-Belga 2026 &#8211; Esciclismo"},"content":{"rendered":"<ol>\n<li><a href=\"https:\/\/news.google.com\/rss\/articles\/CBMiakFVX3lxTE9hdVFBNzhZVkJrZGNIZDBQNW5BYUx6QW9IcUtPVTRqUUp3TDJzVElCWURXdHhQWHRsdVZWcHF6Mi15R1d4TTlkaVFtOHFXdmFrUlU4TXlJQXVCMVZaX0F3V1VjdnhXQkJJR3c?oc=5\" target=\"_blank\" rel=\"nofollow noopener\">Listado oficial de ciclistas inscritos en el Circuito Franco-Belga 2026<\/a>&nbsp;&nbsp;Esciclismo<\/li>\n<li><a href=\"https:\/\/news.google.com\/rss\/articles\/CBMiakFVX3lxTFBqZllDUGh6ZVlzVWlnTV84VWc5TXhwUmdKSHhfUnZfZUxqdmR2QllyTFpaSjNhV1A4WWI5RU1GczVKNlpuRlZHQm55NmdDVG1lX0lVQlF4UUFzb01jeGMwcmRDQUYzRkIzSEE?oc=5\" target=\"_blank\" rel=\"nofollow noopener\">Circuito Franco-Belga: Recorrido y perfil 2026<\/a>&nbsp;&nbsp;Ciclo21<\/li>\n<li><a href=\"https:\/\/news.google.com\/rss\/articles\/CBMiakFVX3lxTFBETVBhdWRlT24xUy1HWDI3aEFZRkRiUzR0UzhjT2ozRTRPRFBCMWpsRW85M3c1WG9RRFhKamdmaFlSTEN0R3lRc0lvMG1VTDF4dmY2M3k1STlwQklocGFkYlg1WlFUWl81Smc?oc=5\" target=\"_blank\" rel=\"nofollow noopener\">Kern Pharma afronta el Circuito Franco-Belga con ambici\u00f3n en su \u00faltima cl\u00e1sica primaveral<\/a>&nbsp;&nbsp;Esciclismo<\/li>\n<li><a href=\"https:\/\/news.google.com\/rss\/articles\/CBMiakFVX3lxTFByejJBamFFVTVIOXRFY3JsWm5kVnMyQWJfNFJjTF94VWd2WGI2TGN2T3NnYTdfZTJiSjZXWmlra0Z4T2dRdWFteFR6THdSbXgtQlNRdFU4WkNnaVo5VzJ0SmZqVjU4ekhxbFE?oc=5\" target=\"_blank\" rel=\"nofollow noopener\">Paul Magnier reaparece en el Circuito Franco-Belga tras ganar la regularidad del Giro de Italia<\/a>&nbsp;&nbsp;Esciclismo<\/li>\n<li><a href=\"https:\/\/news.google.com\/rss\/articles\/CBMiakFVX3lxTFBPMy1ERkZFeXRyZEhVZnNLNjV2aEwzT05mRmVHTlZVVTJVRXRuSTJOOWZPZVpvNDZ4QUc3TVJoSWRqMHhOdmgzSmNIRjZHbFo3ZHVoUm9WdmZ4cmJWcWZudWZiR3RlOWFYa1E?oc=5\" target=\"_blank\" rel=\"nofollow noopener\">El Polti-VisitMalta afronta el Circuito Franco-Belga para cerrar su bloque de cl\u00e1sicas del Norte<\/a>&nbsp;&nbsp;Esciclismo<\/li>\n<\/ol>\n","protected":false},"excerpt":{"rendered":"Listado oficial de ciclistas inscritos en el Circuito Franco-Belga 2026&nbsp;&nbsp;Esciclismo Circuito Franco-Belga: Recorrido y perfil 2026&nbsp;&nbsp;Ciclo21 Kern Pharma&hellip;\n","protected":false},"author":2,"featured_media":597135,"comment_status":"","ping_status":"","sticky":false,"template":"","format":"standard","meta":{"footnotes":""},"categories":[273],"tags":[11953,3171,6783,313,2838,3201,312,1433,168,978,1376,11109,2197,112599,6440,25,24,7179,4999,5578,9201,5215,23832,11108,5808,295,30203,95299,289,14217,2761,1965,57,23,167,1627,112495,12165,11214],"class_list":["post-597134","post","type-post","status-publish","format-standard","has-post-thumbnail","category-ciclismo","tag-belga","tag-belgica","tag-calendario","tag-ciclismo","tag-ciclistas","tag-circuito","tag-cycling","tag-definitivo","tag-deportes","tag-dia","tag-disputa","tag-dorsales","tag-edicion","tag-enclus","tag-equipos","tag-es","tag-espana","tag-este","tag-franco","tag-inscritos","tag-junio","tag-kilometros","tag-l","tag-listado","tag-llegada","tag-miercoles","tag-mont","tag-nacionali","tag-oficial","tag-proseries","tag-prueba","tag-salida","tag-sobre","tag-spain","tag-sports","tag-total","tag-tournai","tag-trazado","tag-uci"],"share_on_mastodon":{"url":"https:\/\/pubeurope.com\/@es\/116721522011297679","error":""},"_links":{"self":[{"href":"https:\/\/www.europesays.com\/es\/wp-json\/wp\/v2\/posts\/597134","targetHints":{"allow":["GET"]}}],"collection":[{"href":"https:\/\/www.europesays.com\/es\/wp-json\/wp\/v2\/posts"}],"about":[{"href":"https:\/\/www.europesays.com\/es\/wp-json\/wp\/v2\/types\/post"}],"author":[{"embeddable":true,"href":"https:\/\/www.europesays.com\/es\/wp-json\/wp\/v2\/users\/2"}],"replies":[{"embeddable":true,"href":"https:\/\/www.europesays.com\/es\/wp-json\/wp\/v2\/comments?post=597134"}],"version-history":[{"count":0,"href":"https:\/\/www.europesays.com\/es\/wp-json\/wp\/v2\/posts\/597134\/revisions"}],"wp:featuredmedia":[{"embeddable":true,"href":"https:\/\/www.europesays.com\/es\/wp-json\/wp\/v2\/media\/597135"}],"wp:attachment":[{"href":"https:\/\/www.europesays.com\/es\/wp-json\/wp\/v2\/media?parent=597134"}],"wp:term":[{"taxonomy":"category","embeddable":true,"href":"https:\/\/www.europesays.com\/es\/wp-json\/wp\/v2\/categories?post=597134"},{"taxonomy":"post_tag","embeddable":true,"href":"https:\/\/www.europesays.com\/es\/wp-json\/wp\/v2\/tags?post=597134"}],"curies":[{"name":"wp","href":"https:\/\/api.w.org\/{rel}","templated":true}]}}