{"id":597152,"date":"2026-06-09T18:27:15","date_gmt":"2026-06-09T18:27:15","guid":{"rendered":"https:\/\/www.europesays.com\/es\/597152\/"},"modified":"2026-06-09T18:27:15","modified_gmt":"2026-06-09T18:27:15","slug":"idisba-son-espases-lidera-un-avance-internacional-en-resistencia-antibiotica","status":"publish","type":"post","link":"https:\/\/www.europesays.com\/es\/597152\/","title":{"rendered":"Idisba\u2013Son Espases lidera un avance internacional en resistencia antibi\u00f3tica"},"content":{"rendered":"<p>Un grupo de cient\u00edficos del <a href=\"https:\/\/www.ultimahora.es\/etiqueta\/IdISBa.html?utm_source=Inline-tag&amp;utm_medium=internal\" rel=\"nofollow noopener\" target=\"_blank\">IdISBa<\/a> y <a href=\"https:\/\/www.ultimahora.es\/etiqueta\/Son+Espases.html?utm_source=Inline-tag&amp;utm_medium=internal\" rel=\"nofollow noopener\" target=\"_blank\">Son Espases<\/a> ha liderado una investigaci\u00f3n que supone un <strong>avance internacional<\/strong> en cuanto a lo que conocemos sobre la resistencia de ciertas <a href=\"https:\/\/www.ultimahora.es\/etiqueta\/bacterias.html?utm_source=Inline-tag&amp;utm_medium=internal\" rel=\"nofollow noopener\" target=\"_blank\">bacterias<\/a> a los medicamentos. Y es que el equipo cient\u00edfico, liderado por los doctores<strong> Antonio Oliver y Carla L\u00f3pez<\/strong>, del Servicio de Microbiolog\u00eda del Hospital Universitario Son Espases y del grupo Resistencia antibi\u00f3tica y patogenia de las infecciones bacterianas del IdISBa, ha descubierto c\u00f3mo identificar las <strong>vulnerabilidades y resistencias<\/strong> de las bacterias mediante t\u00e9cnicas de secuenciaci\u00f3n gen\u00f3mica, lo cual se traduce a tratamientos m\u00e1s r\u00e1pidos y efectivos en enfermedades de origen bacteriano.<\/p>\n<p>\u00abEl informe destaca el<strong> importante progreso en el conocimiento de las bases gen\u00e9ticas<\/strong> de la resistencia antibi\u00f3tica y en el desarrollo de herramientas bioinform\u00e1ticas, bases de datos y sistemas de an\u00e1lisis, incluyendo el creciente papel de la inteligencia artificial en la interpretaci\u00f3nde datos gen\u00f3micos\u00bb destacan desde el IdISBa, que adem\u00e1s remarcan que \u00abestos avances permiten <strong>mejorar la capacidad de predicci\u00f3n y acercan la posibilidad de incorporar esta tecnolog\u00eda a la pr\u00e1ctica cl\u00ednica habitual<\/strong>\u00bb.<\/p>\n<p>El enfoque gen\u00f3mico supone un <strong>cambio de paradigma<\/strong>. En lugar de esperar a los resultados de los cultivos, los especialistas pueden interpretar directamente la informaci\u00f3n gen\u00e9tica de la bacteria y predecir con mayor rapidez si responder\u00e1 o no a determinados <a href=\"https:\/\/www.ultimahora.es\/etiqueta\/antibi%C3%B3ticos.html?utm_source=Inline-tag&amp;utm_medium=internal\" rel=\"nofollow noopener\" target=\"_blank\">antibi\u00f3ticos<\/a>. Esta capacidad podr\u00eda facilitar <strong>decisiones terap\u00e9uticas m\u00e1s tempranas, mejorar la atenci\u00f3n a los pacientes y contribuir a un uso m\u00e1s racional de los antimicrobianos.<\/strong><\/p>\n<p>ADN de bacterias<\/p>\n<p>El informe coordinado por los investigadores destaca los importantes avances registrados durante la \u00faltima d\u00e9cada en el conocimiento de los mecanismos gen\u00e9ticos<strong> responsables de la resistencia bacteriana<\/strong>. Tambi\u00e9n pone de relieve el desarrollo de nuevas herramientas bioinform\u00e1ticas, bases de datos especializadas y sistemas de <strong>an\u00e1lisis cada vez m\u00e1s sofisticados<\/strong> capaces de interpretar grandes vol\u00famenes de informaci\u00f3n gen\u00e9tica que se puede usar durante el diagn\u00f3stico.<\/p>\n<p>Entre las tendencias m\u00e1s prometedoras figura la incorporaci\u00f3n de t\u00e9cnicas de inteligencia artificial para <strong>mejorar la capacidad predictiva de estos sistemas<\/strong>. Gracias a estas herramientas, los investigadores esperan aumentar la precisi\u00f3n con la que se identifican los mecanismos de resistencia y acelerar la llegada de esta tecnolog\u00eda a los laboratorios de microbiolog\u00eda cl\u00ednica.<\/p>\n<p>No obstante, el documento tambi\u00e9n advierte de que todav\u00eda existen <strong>desaf\u00edos importantes<\/strong> antes de que la secuenciaci\u00f3n gen\u00f3mica pueda implantarse de forma generalizada en los hospitales. Entre ellos se encuentran la necesidad de <strong>estandarizar los procedimientos<\/strong>, garantizar sistemas de control de calidad homog\u00e9neos, desarrollar bases de datos globales armonizadas y reducir tanto los costes como los tiempos de respuesta.<\/p>\n<p>Pese a estos retos, los expertos consideran que la secuenciaci\u00f3n gen\u00f3mica representa una de las <strong>herramientas m\u00e1s prometedoras para combatir la creciente amenaza de las bacterias resistentes<\/strong>. <br \/>La Organizaci\u00f3n Mundial de la Salud ha se\u00f1alado repetidamente la resistencia a los antimicrobianos como uno de los principales riesgos para la salud p\u00fablica mundial.<\/p>\n<p>Todos estos avances han sido plasmados en un documento que han certificado y consensuado un total de 27 expertos de todo el mundo. Entre ellos forman parte el microbi\u00f3logo <strong>Rafael Cant\u00f3n<\/strong>, quien es a d\u00eda de hoy coordinador cl\u00ednico del <strong>European Committee of Antimicrobial Susceptibility Testing<\/strong> (EUCAST), del que tanto Oliver como L\u00f3pez tambi\u00e9n forman parte como presidente y secretario cient\u00edfico, respectivamente, del subcomit\u00e9 sobre predicci\u00f3n de la sensibilidad antibi\u00f3tica a partir de la secuenciaci\u00f3n gen\u00f3mica de EUCAST.<\/p>\n<p>\u00abLa aplicaci\u00f3n de la secuenciaci\u00f3n gen\u00f3mica en microbiolog\u00eda cl\u00ednica representa una herramienta clave para avanzar hacia un modelo de <strong>medicina de precisi\u00f3n<\/strong>, en el que los tratamientos se adapten a las caracter\u00edsticas espec\u00edficas del pat\u00f3geno y del paciente\u00bb, han se\u00f1alado.<\/p>\n","protected":false},"excerpt":{"rendered":"Un grupo de cient\u00edficos del IdISBa y Son Espases ha liderado una investigaci\u00f3n que supone un avance internacional&hellip;\n","protected":false},"author":2,"featured_media":597153,"comment_status":"","ping_status":"","sticky":false,"template":"","format":"standard","meta":{"footnotes":""},"categories":[92],"tags":[2215,21854,25,24,165,112600,2552,2553,2554,166,27509,23,1529,21],"class_list":["post-597152","post","type-post","status-publish","format-standard","has-post-thumbnail","category-salud","tag-antibioticos","tag-bacterias","tag-es","tag-espana","tag-health","tag-idisba","tag-local","tag-palma","tag-palma-de-mallorca","tag-salud","tag-son-espases","tag-spain","tag-ultima-hora","tag-ultimas-noticias"],"share_on_mastodon":{"url":"https:\/\/pubeurope.com\/@es\/116721565560093740","error":""},"_links":{"self":[{"href":"https:\/\/www.europesays.com\/es\/wp-json\/wp\/v2\/posts\/597152","targetHints":{"allow":["GET"]}}],"collection":[{"href":"https:\/\/www.europesays.com\/es\/wp-json\/wp\/v2\/posts"}],"about":[{"href":"https:\/\/www.europesays.com\/es\/wp-json\/wp\/v2\/types\/post"}],"author":[{"embeddable":true,"href":"https:\/\/www.europesays.com\/es\/wp-json\/wp\/v2\/users\/2"}],"replies":[{"embeddable":true,"href":"https:\/\/www.europesays.com\/es\/wp-json\/wp\/v2\/comments?post=597152"}],"version-history":[{"count":0,"href":"https:\/\/www.europesays.com\/es\/wp-json\/wp\/v2\/posts\/597152\/revisions"}],"wp:featuredmedia":[{"embeddable":true,"href":"https:\/\/www.europesays.com\/es\/wp-json\/wp\/v2\/media\/597153"}],"wp:attachment":[{"href":"https:\/\/www.europesays.com\/es\/wp-json\/wp\/v2\/media?parent=597152"}],"wp:term":[{"taxonomy":"category","embeddable":true,"href":"https:\/\/www.europesays.com\/es\/wp-json\/wp\/v2\/categories?post=597152"},{"taxonomy":"post_tag","embeddable":true,"href":"https:\/\/www.europesays.com\/es\/wp-json\/wp\/v2\/tags?post=597152"}],"curies":[{"name":"wp","href":"https:\/\/api.w.org\/{rel}","templated":true}]}}