{"id":597190,"date":"2026-06-09T18:53:13","date_gmt":"2026-06-09T18:53:13","guid":{"rendered":"https:\/\/www.europesays.com\/es\/597190\/"},"modified":"2026-06-09T18:53:13","modified_gmt":"2026-06-09T18:53:13","slug":"un-italiano-y-un-estadounidense-de-raices-salvadorenas-astronautas-de-artemis-iii","status":"publish","type":"post","link":"https:\/\/www.europesays.com\/es\/597190\/","title":{"rendered":"Un italiano y un estadounidense de ra\u00edces salvadore\u00f1as, astronautas de Artemis III"},"content":{"rendered":"<p>    <img src=\"https:\/\/www.europesays.com\/es\/wp-content\/uploads\/2026\/06\/2026-06-09T173A073A37Z-91556668.jpg\" width=\"1024\" height=\"682\" alt=\"\" loading=\"eager\" decoding=\"sync\" fetchpriority=\"high\"\/><\/p>\n<p>            afp_tickers        <\/p>\n<p>        Este contenido fue publicado en    <\/p>\n<p>        09 junio 2026 &#8211; 19:24\n<\/p>\n<p>El astronauta italiano Luca Parmitano y el estadounidense de padres salvadore\u00f1os Frank Rubio forman parte de la tripulaci\u00f3n de la misi\u00f3n Artemis III que busca volver a llevar humanos a la Luna, anunci\u00f3 la NASA este martes.<\/p>\n<p>La misi\u00f3n pondr\u00e1 a prueba dos m\u00f3dulos lunares cerca de la Tierra en 2027 como preparaci\u00f3n para el regreso de los estadounidenses a la Luna al a\u00f1o siguiente. Completan el grupo el piloto Andre Douglas y el comandante Randy Bresnik, ambos estadounidenses.<\/p>\n<p>El astronauta Frank Rubio es la persona que m\u00e1s tiempo ha pasado en el espacio -371 d\u00edas- en una sola misi\u00f3n para Estados Unidos, entre septiembre de 2022 y el mismo mes de 2023, luego de que la nave en que deb\u00eda volver desde la Estaci\u00f3n Espacial Internacional sufriera un desperfecto.<\/p>\n<p>Volvi\u00f3 a la Tierra a bordo de la nave rusa de rescate Soyuz MS-23, que aterriz\u00f3 de forma segura en las estepas de Kazajist\u00e1n.<\/p>\n<p>\u00abQu\u00e9 incre\u00edble bendici\u00f3n y honor es estar aqu\u00ed represent\u00e1ndolos a todos ustedes\u00bb, dijo Rubio despu\u00e9s de ser presentado.<\/p>\n<p>\u00abMe disculpo por anticipado si me pongo emotivo\u00bb, coment\u00f3 por su parte Parmitano, el primer europeo en integrar este tipo de misiones. \u00abMe siento honrado por el papel que se me ha asignado y por la tarea que tenemos por delante\u00bb.\u00a0<\/p>\n<p>\u00abAgradezco a la NASA por permitirme formar parte de este incre\u00edble grupo de personas, de esta tripulaci\u00f3n, y por dejarme volar\u00bb, agreg\u00f3, y agradeci\u00f3 a su familia con voz entrecortada.<\/p>\n<p>Se refiri\u00f3 a Italia como su \u00abplataforma de lanzamiento\u00bb hacia el espacio y a la Agencia Espacial Europea \u00a0como un puente, calificando a la NASA como \u00abel cohete, tanto en sentido figurado como literal\u00bb.<\/p>\n<p>La misi\u00f3n Artemis II, realizada en abril, incluy\u00f3 un sobrevuelo lunar tripulado, pero la tercera fase se mantendr\u00e1 m\u00e1s cerca de la Tierra.\u00a0<\/p>\n<p>Los objetivos principales del viaje incluyen probar las capacidades de la nave espacial Orion de la NASA, as\u00ed como un encuentro con los m\u00f3dulos de aterrizaje lunares desarrollados por las compa\u00f1\u00edas espaciales privadas SpaceX y Blue Origin.<\/p>\n<p>El cronograma de la misi\u00f3n se ha visto comprometido tras la explosi\u00f3n del cohete New Glenn de Blue Origin, la compa\u00f1\u00eda de Jeff Bezos, durante una prueba en tierra a finales del mes pasado.<\/p>\n<p>Durante el evento del martes en el Centro Espacial Johnson de Houston, John Couluris, de Blue Origin, reconoci\u00f3 la \u00abanomal\u00eda significativa\u00bb, pero insisti\u00f3 en que el m\u00f3dulo de aterrizaje de la compa\u00f1\u00eda estar\u00e1 listo para Artemis III a tiempo. \u00abHemos redoblado nuestros esfuerzos y seguimos adelante\u00bb, afirm\u00f3.<\/p>\n<p>bur-mav\/mar<\/p>\n","protected":false},"excerpt":{"rendered":"afp_tickers Este contenido fue publicado en 09 junio 2026 &#8211; 19:24 El astronauta italiano Luca Parmitano y el&hellip;\n","protected":false},"author":2,"featured_media":597191,"comment_status":"","ping_status":"","sticky":false,"template":"","format":"standard","meta":{"footnotes":""},"categories":[81],"tags":[119,123,124,25,24,26431,20122,117,121,122,26432,26433,23,118,120,90],"class_list":["post-597190","post","type-post","status-publish","format-standard","has-post-thumbnail","category-ciencia-y-tecnologia","tag-ciencia","tag-ciencia-y-tecnologia","tag-cienciaytecnologia","tag-es","tag-espana","tag-research","tag-sci-tech","tag-science","tag-science-and-technology","tag-scienceandtechnology","tag-scientific-exploration","tag-space-programme","tag-spain","tag-technology","tag-tecnologia","tag-ticker"],"share_on_mastodon":{"url":"https:\/\/pubeurope.com\/@es\/116721668388049733","error":""},"_links":{"self":[{"href":"https:\/\/www.europesays.com\/es\/wp-json\/wp\/v2\/posts\/597190","targetHints":{"allow":["GET"]}}],"collection":[{"href":"https:\/\/www.europesays.com\/es\/wp-json\/wp\/v2\/posts"}],"about":[{"href":"https:\/\/www.europesays.com\/es\/wp-json\/wp\/v2\/types\/post"}],"author":[{"embeddable":true,"href":"https:\/\/www.europesays.com\/es\/wp-json\/wp\/v2\/users\/2"}],"replies":[{"embeddable":true,"href":"https:\/\/www.europesays.com\/es\/wp-json\/wp\/v2\/comments?post=597190"}],"version-history":[{"count":0,"href":"https:\/\/www.europesays.com\/es\/wp-json\/wp\/v2\/posts\/597190\/revisions"}],"wp:featuredmedia":[{"embeddable":true,"href":"https:\/\/www.europesays.com\/es\/wp-json\/wp\/v2\/media\/597191"}],"wp:attachment":[{"href":"https:\/\/www.europesays.com\/es\/wp-json\/wp\/v2\/media?parent=597190"}],"wp:term":[{"taxonomy":"category","embeddable":true,"href":"https:\/\/www.europesays.com\/es\/wp-json\/wp\/v2\/categories?post=597190"},{"taxonomy":"post_tag","embeddable":true,"href":"https:\/\/www.europesays.com\/es\/wp-json\/wp\/v2\/tags?post=597190"}],"curies":[{"name":"wp","href":"https:\/\/api.w.org\/{rel}","templated":true}]}}