{"id":59731,"date":"2025-08-20T08:13:10","date_gmt":"2025-08-20T08:13:10","guid":{"rendered":"https:\/\/www.europesays.com\/es\/59731\/"},"modified":"2025-08-20T08:13:10","modified_gmt":"2025-08-20T08:13:10","slug":"israel-moviliza-a-60-000-reservistas-para-tomar-ciudad-de-gaza","status":"publish","type":"post","link":"https:\/\/www.europesays.com\/es\/59731\/","title":{"rendered":"Israel moviliza a 60.000 reservistas para tomar Ciudad de Gaza"},"content":{"rendered":"<p>    <img src=\"https:\/\/www.europesays.com\/es\/wp-content\/uploads\/2025\/08\/69yp4cq-item01-ipad-89863580.jpg\" width=\"1024\" height=\"683\" alt=\"\" loading=\"eager\" decoding=\"sync\" fetchpriority=\"high\"\/><\/p>\n<p>            afp_tickers        <\/p>\n<p>        Este contenido fue publicado en    <\/p>\n<p>        20 agosto 2025 &#8211; 09:56\n<\/p>\n<p>El ministro israel\u00ed de Defensa, Israel Katz, aprob\u00f3 el plan para conquistar Ciudad de Gaza y orden\u00f3 movilizar a 60.000 reservistas, mientras los mediadores siguen esperando este mi\u00e9rcoles la respuesta del gobierno hebreo a una nueva propuesta de tregua en el devastado territorio palestino.<\/p>\n<p>El gabinete de seguridad presidido por el primer ministro, Benjamin Netanyahu, hab\u00eda autorizado a inicios de mes un plan para tomar militarmente esta ciudad y los campos de refugiados adyacentes, as\u00ed como hacerse con el control de toda la Franja, liberar a los rehenes y desarmar al movimiento islamista palestino Ham\u00e1s.<\/p>\n<p>Los rehenes fueron capturados en el ataque sorpresa de Ham\u00e1s el 7 de octubre de 2023. Desde entonces, la ofensiva israel\u00ed de represalia caus\u00f3 decenas de miles de muertos y un desastre humanitario denunciado por la comunidad internacional.<\/p>\n<p>El ministro Katz \u00abha aprobado el plan de ataque del ej\u00e9rcito israel\u00ed en Ciudad de Gaza\u00bb, la mayor localidad de este territorio costero palestino, indic\u00f3 a AFP su departamento.<\/p>\n<p>Igualmente, autoriz\u00f3 \u00abla emisi\u00f3n de \u00f3rdenes de movilizaci\u00f3n de los reservistas necesarios para llevar a cabo la misi\u00f3n\u00bb, que suman unos 60.000 hombres.<\/p>\n<p>En estos 22 meses de guerra, el ej\u00e9rcito israel\u00ed tom\u00f3 alrededor del 75% de la Franja de Gaza.<\/p>\n<p>En los \u00faltimos d\u00edas intensific\u00f3 sus ataques a\u00e9reos y sus operaciones en tierra en Ciudad de Gaza y los campos de refugiados aleda\u00f1os, considerados como los \u00faltimos bastiones de Ham\u00e1s.<\/p>\n<p>El sitio web israel\u00ed Walla indic\u00f3 en ese sentido que \u00abla divisi\u00f3n 99 est\u00e1 a punto de completar la conquista del barrio de Zeit\u00fan\u00bb, en Ciudad de Gaza. El \u00abpr\u00f3ximo objetivo\u00bb es el barrio vecino de Al Sabra.<\/p>\n<p>\u2013 Tanques, artiller\u00eda y drones \u2013<\/p>\n<p>\u00abLas explosiones no cesan en Al Sabra. Los tanques y la artiller\u00eda nos disparan, pero tambi\u00e9n los drones\u00bb, cont\u00f3 el martes a AFP un vecino de la zona, Husein al Dairi.<\/p>\n<p>El ej\u00e9rcito israel\u00ed afirm\u00f3 que sus fuerzas estaban operando en la zona para desmantelar las capacidades militares de Ham\u00e1s.<\/p>\n<p>El lunes, el movimiento islamista indic\u00f3 haber aceptado una nueva propuesta de tregua de los mediadores (Egipto, Catar y Estados Unidos).<\/p>\n<p>Israel sigue sin reaccionar formalmente a la propuesta de tregua.<\/p>\n<p>Una fuente gubernamental indic\u00f3 que el gabinete de Netanyahu \u00abno ha cambiado\u00bb de pol\u00edtica y que sigue \u00abexigiendo la liberaci\u00f3n\u00bb de todos los rehenes en una sola vez, \u00abde conformidad con los principios fijados\u00bb para poner fin a la guerra.<\/p>\n<p>\u00abEstamos en la fase decisiva final contra Ham\u00e1s, y no dejaremos atr\u00e1s a un solo reh\u00e9n\u00bb, a\u00f1adi\u00f3 esa fuente gubernamental israel\u00ed.<\/p>\n<p>Catar elogi\u00f3 la respuesta de Ham\u00e1s, \u00abmuy positiva\u00bb, y destac\u00f3 el martes que la propuesta actual retoma \u00abcasi integralmente\u00bb un plan norteamericano aprobado con anterioridad por Israel.<\/p>\n<p>La propuesta se basa en un plan anterior del enviado estadounidense Steve Witkoff: la liberaci\u00f3n de diez rehenes vivos y los restos mortales de 18 fallecidos a cambio de un alto el fuego de 60 d\u00edas y negociaciones para poner fin a la guerra, inform\u00f3 la radio p\u00fablica israel\u00ed Kan.<\/p>\n<p>\u2013 Dos treguas previas \u2013<\/p>\n<p>Las dos treguas anteriores, en noviembre de 2023 y a inicios de este 2025, permitieron el regreso de rehenes vivos y la liberaci\u00f3n de cientos de presos palestinos.<\/p>\n<p>Desde el inicio de la guerra, Israel asedia Gaza y a sus m\u00e1s de dos millones de palestinos, amenazados por una \u00abhambruna generalizada\u00bb, seg\u00fan Naciones Unidas. Israel rechaza estas acusaciones, y dice haber autorizado la entrada de m\u00e1s ayuda en las \u00faltimas semanas.<\/p>\n<p>El conflicto fue desencadenado por el ataque de Ham\u00e1s en Israel el 7 de octubre de 2023, durante el cual milicianos islamistas mataron a 1.219 personas, en su mayor\u00eda civiles, seg\u00fan un recuento de AFP basado en datos oficiales.<\/p>\n<p>Tambi\u00e9n secuestraron a 251 rehenes, de los cuales 49 siguen cautivos en Gaza, entre ellos 27 muertos, seg\u00fan el ej\u00e9rcito israel\u00ed.<\/p>\n<p>En Gaza, las represalias israel\u00edes han matado a 62.064 personas, en su mayor\u00eda civiles, seg\u00fan datos del Ministerio de Salud del territorio palestino -gobernado por Ham\u00e1s-, considerados fiables por la ONU.<\/p>\n<p>bur-hba\/tp\/avl\/es<\/p>\n","protected":false},"excerpt":{"rendered":"afp_tickers Este contenido fue publicado en 20 agosto 2025 &#8211; 09:56 El ministro israel\u00ed de Defensa, Israel Katz,&hellip;\n","protected":false},"author":2,"featured_media":59732,"comment_status":"","ping_status":"","sticky":false,"template":"","format":"standard","meta":{"footnotes":""},"categories":[42],"tags":[635,17,18,636,13,14,11,61,62,63,64,19,20,9,10,15,16,90,12,21,22,65,66,67],"class_list":{"0":"post-59731","1":"post","2":"type-post","3":"status-publish","4":"format-standard","5":"has-post-thumbnail","7":"category-internacional","8":"tag-armed-conflict","9":"tag-breaking-news","10":"tag-breakingnews","11":"tag-conflict","12":"tag-featured-news","13":"tag-featurednews","14":"tag-headlines","15":"tag-internacional","16":"tag-international","17":"tag-international-news","18":"tag-internationalnews","19":"tag-latest-news","20":"tag-latestnews","21":"tag-news","22":"tag-noticias","23":"tag-noticias-destacadas","24":"tag-noticiasdestacadas","25":"tag-ticker","26":"tag-titulares","27":"tag-ultimas-noticias","28":"tag-ultimasnoticias","29":"tag-world","30":"tag-world-news","31":"tag-worldnews"},"share_on_mastodon":{"url":"","error":""},"_links":{"self":[{"href":"https:\/\/www.europesays.com\/es\/wp-json\/wp\/v2\/posts\/59731","targetHints":{"allow":["GET"]}}],"collection":[{"href":"https:\/\/www.europesays.com\/es\/wp-json\/wp\/v2\/posts"}],"about":[{"href":"https:\/\/www.europesays.com\/es\/wp-json\/wp\/v2\/types\/post"}],"author":[{"embeddable":true,"href":"https:\/\/www.europesays.com\/es\/wp-json\/wp\/v2\/users\/2"}],"replies":[{"embeddable":true,"href":"https:\/\/www.europesays.com\/es\/wp-json\/wp\/v2\/comments?post=59731"}],"version-history":[{"count":0,"href":"https:\/\/www.europesays.com\/es\/wp-json\/wp\/v2\/posts\/59731\/revisions"}],"wp:featuredmedia":[{"embeddable":true,"href":"https:\/\/www.europesays.com\/es\/wp-json\/wp\/v2\/media\/59732"}],"wp:attachment":[{"href":"https:\/\/www.europesays.com\/es\/wp-json\/wp\/v2\/media?parent=59731"}],"wp:term":[{"taxonomy":"category","embeddable":true,"href":"https:\/\/www.europesays.com\/es\/wp-json\/wp\/v2\/categories?post=59731"},{"taxonomy":"post_tag","embeddable":true,"href":"https:\/\/www.europesays.com\/es\/wp-json\/wp\/v2\/tags?post=59731"}],"curies":[{"name":"wp","href":"https:\/\/api.w.org\/{rel}","templated":true}]}}