{"id":597346,"date":"2026-06-09T20:37:11","date_gmt":"2026-06-09T20:37:11","guid":{"rendered":"https:\/\/www.europesays.com\/es\/597346\/"},"modified":"2026-06-09T20:37:11","modified_gmt":"2026-06-09T20:37:11","slug":"que-las-jugadoras-se-vayan-del-athletic-es-un-fracaso","status":"publish","type":"post","link":"https:\/\/www.europesays.com\/es\/597346\/","title":{"rendered":"Que las jugadoras se vayan del Athletic es un fracaso"},"content":{"rendered":"<p>\n        Esta temporada, el <a href=\"https:\/\/www.deia.eus\/athletic\/athletic-femenino\/\" title=\"Athletic\" class=\"link copy\" rel=\"nofollow noopener\" target=\"_blank\">Athletic <\/a>logr\u00f3 las renovaciones de Naia Landaluce y Ane Azkona hasta 2028, de Irene Oguiza hasta 2029 y de Clara Pinedo hasta 2030. Sin embargo, a cambio,<strong> sufri\u00f3 la salida de dos de sus jugadores m\u00e1s importantes: Nerea Nevado y Maite Zubieta.<\/strong> El club rojiblanco anunci\u00f3 que ambas futbolistas desestimaron su oferta y que, por tanto, su futuro se encuentra lejos de Lezama.\n<\/p>\n<p class=\"article-body__text \">\n        Algo que para Jon Uriarte supone \u201cpersonalmente un fracaso\u201d: \u201cSon dos jugadoras que no siguen y <strong>es un golpe muy duro para nosotros porque invertimos mucho dinero en nuestra cantera<\/strong>, hacemos un esfuerzo muy grande en captar talento y desarrollarlo. Debemos intentar que ese talento se mantenga en nuestro equipo\u201d.\n<\/p>\n<p class=\"article-body__text \">\n        De hecho, el presidente ech\u00f3 la vista atr\u00e1s,<strong> hasta la marcha de Irene Paredes al PSG,<\/strong> de Damaris Egurrola al Everton o de Luc\u00eda Garc\u00eda al Manchester United, por poner algunos ejemplos; para hablar de una fuga de talento a la que hay que poner freno ya: \u201c<a href=\"https:\/\/www.deia.eus\/athletic-femenino\/2026\/06\/01\/triple-baja-athletic-femenino-11143383.html\" title=\"Necesitamos que las jugadoras se queden para que el primer equipo sea competitivo\" class=\"link copy\" rel=\"nofollow noopener\" target=\"_blank\">Necesitamos que las jugadoras se queden para que el primer equipo sea competitivo<\/a> porque desde el club se est\u00e1 haciendo un esfuerzo muy grande en invertir en nuestra cantera, en captar el talento y desarrollarlo\u201d.\n<\/p>\n<p>  \u00bfSeguir\u00e1 Javi Lerga?<\/p>\n<p class=\"article-body__text \">\n        Asimismo, <strong>Uriarte tild\u00f3 de \u201cdesilusionante\u201d la campa\u00f1a del femenino<\/strong>, que termin\u00f3 la temporada en la s\u00e9ptima plaza a pesar de tener \u00abuno de los presupuesto m\u00e1s altos\u00bb de la competici\u00f3n. Y es que el <a href=\"https:\/\/www.athletic-club.eus\/\" title=\"Athletic \" rel=\"nofollow noopener\" class=\"link copy\" target=\"_blank\">Athletic <\/a>ven\u00eda de varias temporadas buenas en las que roz\u00f3 los puestos europeos, mientras que ahora se qued\u00f3 a 22 puntos de la \u00faltima posici\u00f3n con premio continental. \u00abPart\u00edamos con una plantilla con m\u00e1s nivel del que hemos demostrado y, por tanto, tenemos que ser autocr\u00edticos\u00bb.\n<\/p>\n<p class=\"article-body__text \">\n        Por ello, el presidente rojiblanco explic\u00f3 que el siguiente paso ser\u00e1 \u00abanalizar las causas de por qu\u00e9 ha sucedido esto y trabajar para que la temporada que viene recuperemos la senda de las dos anteriores y volver a estar en ese furg\u00f3n de cabeza\u00bb. De igual forma, Uriarte expres\u00f3 que el femenino vivi\u00f3 este curso una \u00ab<strong>ligera involuci\u00f3n y un peque\u00f1o estancamiento\u00bb,<\/strong> a la vez que dej\u00f3 en el aire la presencia de Javi Lerga en el banquillo del Athletic la pr\u00f3xima campa\u00f1a.<\/p>\n","protected":false},"excerpt":{"rendered":"Esta temporada, el Athletic logr\u00f3 las renovaciones de Naia Landaluce y Ane Azkona hasta 2028, de Irene Oguiza&hellip;\n","protected":false},"author":2,"featured_media":597347,"comment_status":"","ping_status":"","sticky":false,"template":"","format":"standard","meta":{"footnotes":""},"categories":[269],"tags":[2182,299,298,168,25,24,4649,8913,23,167,1356,33053],"class_list":["post-597346","post","type-post","status-publish","format-standard","has-post-thumbnail","category-baloncesto","tag-athletic","tag-baloncesto","tag-basketball","tag-deportes","tag-es","tag-espana","tag-femenino","tag-jugadoras","tag-spain","tag-sports","tag-uriarte","tag-vayan"],"share_on_mastodon":{"url":"https:\/\/pubeurope.com\/@es\/116722076763835891","error":""},"_links":{"self":[{"href":"https:\/\/www.europesays.com\/es\/wp-json\/wp\/v2\/posts\/597346","targetHints":{"allow":["GET"]}}],"collection":[{"href":"https:\/\/www.europesays.com\/es\/wp-json\/wp\/v2\/posts"}],"about":[{"href":"https:\/\/www.europesays.com\/es\/wp-json\/wp\/v2\/types\/post"}],"author":[{"embeddable":true,"href":"https:\/\/www.europesays.com\/es\/wp-json\/wp\/v2\/users\/2"}],"replies":[{"embeddable":true,"href":"https:\/\/www.europesays.com\/es\/wp-json\/wp\/v2\/comments?post=597346"}],"version-history":[{"count":0,"href":"https:\/\/www.europesays.com\/es\/wp-json\/wp\/v2\/posts\/597346\/revisions"}],"wp:featuredmedia":[{"embeddable":true,"href":"https:\/\/www.europesays.com\/es\/wp-json\/wp\/v2\/media\/597347"}],"wp:attachment":[{"href":"https:\/\/www.europesays.com\/es\/wp-json\/wp\/v2\/media?parent=597346"}],"wp:term":[{"taxonomy":"category","embeddable":true,"href":"https:\/\/www.europesays.com\/es\/wp-json\/wp\/v2\/categories?post=597346"},{"taxonomy":"post_tag","embeddable":true,"href":"https:\/\/www.europesays.com\/es\/wp-json\/wp\/v2\/tags?post=597346"}],"curies":[{"name":"wp","href":"https:\/\/api.w.org\/{rel}","templated":true}]}}