{"id":597360,"date":"2026-06-09T20:46:19","date_gmt":"2026-06-09T20:46:19","guid":{"rendered":"https:\/\/www.europesays.com\/es\/597360\/"},"modified":"2026-06-09T20:46:19","modified_gmt":"2026-06-09T20:46:19","slug":"un-inhibidor-proteico-de-ras-induce-regresion-en-modelos-de-cancer","status":"publish","type":"post","link":"https:\/\/www.europesays.com\/es\/597360\/","title":{"rendered":"Un inhibidor proteico de RAS induce regresi\u00f3n en modelos de c\u00e1ncer"},"content":{"rendered":"<p class=\"mostrar_fragmento\">Cient\u00edficos de diversos centros japoneses han dise\u00f1ado una prote\u00edna de fusi\u00f3n de tres componentes con actividad frente a tumores impulsados por el oncog\u00e9n RAS. En ratones portadores de tumores de colon humanos con la mutaci\u00f3n KRAS-G12V, el tratamiento intravenoso indujo la escisi\u00f3n enzim\u00e1tica de la correspondiente oncoprote\u00edna ya a las &#8230;            &#13;\n        <\/p>\n<p> &#13;<br \/>\n&#13;<\/p>\n<p>Cient\u00edficos de diversos centros japoneses han dise\u00f1ado una prote\u00edna de fusi\u00f3n de tres componentes con actividad frente a <strong>tumores impulsados por el<\/strong> <strong>oncog\u00e9n RAS<\/strong>. En ratones portadores de tumores de colon humanos con la mutaci\u00f3n KRAS-G12V, el tratamiento intravenoso <strong>indujo la escisi\u00f3n enzim\u00e1tica de la correspondiente oncoprote\u00edna ya a las tres horas de la administraci\u00f3n<\/strong>, as\u00ed como la regresi\u00f3n tumoral a los 13 d\u00edas. En modelos adicionales con ratones portadores de tumores de su propia especie, la efectividad de la terapia mostr\u00f3 ser dependiente de un sistema inmunitario indemne y de la presencia de linfocitos T citot\u00f3xicos capaces de producir interfer\u00f3n gamma.<\/p>\n<p><strong>Ryo Honda<\/strong>, investigador de la Universidad de Gifu y director del <a href=\"https:\/\/pubmed.ncbi.nlm.nih.gov\/42143039\/\" rel=\"nofollow noopener\" target=\"_blank\">estudio<\/a>, afirma que este inhibidor mostr\u00f3 una excepcional potencia in vitro, con actividad en el rango de concentraciones femtomolares y <strong>una selectividad 50 veces mayor frente a las formas mutadas<\/strong>, en comparaci\u00f3n con la variante normal de RAS. El cient\u00edfico prosigue indicando que, aunque la acumulaci\u00f3n del inhibidor en el tumor es relativamente baja, alcanza una concentraci\u00f3n suficiente para inhibirlo, ya que se localiza mayoritariamente en el compartimento intracelular.<\/p>\n<p>En la evaluaci\u00f3n de seguridad en los animales se constataron elevaciones considerables de las transaminasas y de la creatina quinasa, que retornaron a los niveles basales a los siete d\u00edas. Honda subraya el potencial de este nuevo inhibidor al se\u00f1alar que los inhibidores de RAS de mol\u00e9cula peque\u00f1a recientemente aprobados o en fase de desarrollo cl\u00ednico <strong>est\u00e1n dirigidos a mutaciones espec\u00edficas<\/strong> y <strong>ofrecen un beneficio cl\u00ednico de corta duraci\u00f3n<\/strong> debido a la aparici\u00f3n de resistencia adquirida. Por tanto, los inhibidores activos frente a todas las mutaciones ofrecen una ventaja sustancial, concluye el investigador.<\/p>\n<p> &#13;<\/p>\n<p>&#13;<br \/>\n            SEGUIR LEYENDO&#13;\n        <\/p>\n","protected":false},"excerpt":{"rendered":"Cient\u00edficos de diversos centros japoneses han dise\u00f1ado una prote\u00edna de fusi\u00f3n de tres componentes con actividad frente a&hellip;\n","protected":false},"author":2,"featured_media":597361,"comment_status":"","ping_status":"","sticky":false,"template":"","format":"standard","meta":{"footnotes":""},"categories":[92],"tags":[2136,1066,59251,25,24,7179,10290,3419,21700,165,3390,10415,29733,24697,3383,1156,72703,52155,104278,7296,102282,31937,166,8154,23,9930,8397,1852],"class_list":["post-597360","post","type-post","status-publish","format-standard","has-post-thumbnail","category-salud","tag-buena","tag-cancer","tag-elevada","tag-es","tag-espana","tag-este","tag-formas","tag-frente","tag-fusion","tag-health","tag-in","tag-induce","tag-inhibidor","tag-innovadora","tag-modelos","tag-muestra","tag-mutadas","tag-oncogen","tag-proteico","tag-proteina","tag-ras","tag-regresion","tag-salud","tag-selectividad","tag-spain","tag-tolerabilidad","tag-vitro","tag-vivo"],"share_on_mastodon":{"url":"https:\/\/pubeurope.com\/@es\/116722112641504199","error":""},"_links":{"self":[{"href":"https:\/\/www.europesays.com\/es\/wp-json\/wp\/v2\/posts\/597360","targetHints":{"allow":["GET"]}}],"collection":[{"href":"https:\/\/www.europesays.com\/es\/wp-json\/wp\/v2\/posts"}],"about":[{"href":"https:\/\/www.europesays.com\/es\/wp-json\/wp\/v2\/types\/post"}],"author":[{"embeddable":true,"href":"https:\/\/www.europesays.com\/es\/wp-json\/wp\/v2\/users\/2"}],"replies":[{"embeddable":true,"href":"https:\/\/www.europesays.com\/es\/wp-json\/wp\/v2\/comments?post=597360"}],"version-history":[{"count":0,"href":"https:\/\/www.europesays.com\/es\/wp-json\/wp\/v2\/posts\/597360\/revisions"}],"wp:featuredmedia":[{"embeddable":true,"href":"https:\/\/www.europesays.com\/es\/wp-json\/wp\/v2\/media\/597361"}],"wp:attachment":[{"href":"https:\/\/www.europesays.com\/es\/wp-json\/wp\/v2\/media?parent=597360"}],"wp:term":[{"taxonomy":"category","embeddable":true,"href":"https:\/\/www.europesays.com\/es\/wp-json\/wp\/v2\/categories?post=597360"},{"taxonomy":"post_tag","embeddable":true,"href":"https:\/\/www.europesays.com\/es\/wp-json\/wp\/v2\/tags?post=597360"}],"curies":[{"name":"wp","href":"https:\/\/api.w.org\/{rel}","templated":true}]}}