{"id":597384,"date":"2026-06-09T21:03:21","date_gmt":"2026-06-09T21:03:21","guid":{"rendered":"https:\/\/www.europesays.com\/es\/597384\/"},"modified":"2026-06-09T21:03:21","modified_gmt":"2026-06-09T21:03:21","slug":"una-pintora-cordobesa-retrata-a-leon-xiv-en-su-visita-a-madrid-es-un-hito-inolvidable-en-mi-trayectoria","status":"publish","type":"post","link":"https:\/\/www.europesays.com\/es\/597384\/","title":{"rendered":"Una pintora cordobesa retrata a Le\u00f3n XIV en su visita a Madrid: \u00abEs un hito inolvidable en mi trayectoria\u00bb"},"content":{"rendered":"<p style=\"\">Desde que lleg\u00f3 a Espa\u00f1a, el Papa Le\u00f3n XIV ha estado indirectamente relacionado con C\u00f3rdoba a trav\u00e9s de peque\u00f1os gui\u00f1os. El \u00faltimo de ellos, del mundo del arte. La pintora cordobesa Mar\u00eda Jos\u00e9 Ruiz, natural de Montilla, ha sido la encargada de pintar el nuevo  &#8230; cuadro del Santo Padre, que ya est\u00e1 colgado en la Conferencia Episcopal de Madrid. <\/p>\n<p class=\"v-d-p\" style=\"\">La artista, licenciada en Derecho y en Bellas Artes y Acad\u00e9mica, correspondiente de la Real Academia de C\u00f3rdoba, ha querido plasmar en este cuadro algunos de los elementos m\u00e1s significativos de la espiritualidad agustiniana: la b\u00fasqueda de Dios, el misterio de la Trinidad y las ra\u00edces de la fe.<\/p>\n<p class=\"v-d-p\" style=\"\">En la pintura, ubicada en el sal\u00f3n de la Plenaria de la CEE donde se re\u00fanen los obispos, se puede ver al Papa Le\u00f3n XIV <strong>en la Bas\u00edlica de San Juan de Letr\u00e1n<\/strong>. A sus pies, la concha bautismal que recuerda al ap\u00f3stol Santiago. El Papa tiene sus pies sobre la arena de la playa, donde se entrev\u00e9n las huellas del ni\u00f1o que hizo comprender a San Agust\u00edn la imposibilidad de conocer el misterio de la Trinidad.<\/p>\n<ul class=\"v-cmp-rld__u\">\n<li class=\"v-cmp-rld__l\">\n<p><a class=\"v-a-lnk\" href=\"http:\/\/www.abc.es\/espana\/andalucia\/cordoba\/jovenes-vuelven-cordoba-entusiasmados-papa-quedo-cambiar-20260607201645-nts.html#vtm_modulosEngag=noticiasrelacionadas-cmp-uno:espana:noticia:1\" title=\"Los j\u00f3venes vuelven entusiasmados con el Papa: \u00abMe quedo con que hay que cambiar el mundo desde el amor\u00bb\" data-voc-vtm-id=\"in-text-traffic\" rel=\"nofollow noopener\" target=\"_blank\"><br \/>\n<img decoding=\"async\" loading=\"lazy\" src=\"https:\/\/www.europesays.com\/es\/wp-content\/uploads\/2026\/06\/jovenes-visita-papa-U86730557433Ovi-366x256@diario_abc.jpg\" class=\"v-a-img\" width=\"258\" height=\"180\" alt=\"Los j\u00f3venes vuelven entusiasmados con el Papa: \u00abMe quedo con que hay que cambiar el mundo desde el amor\u00bb\"\/><br \/>\n<\/a><\/p>\n<\/li>\n<\/ul>\n<p class=\"v-d-p\" style=\"\">Con estos elementos, Mar\u00eda Jos\u00e9 Ruiz ha creado una obra muy especial que ya forma parte de su gran elenco de cuadros expuestos por toda Europa y en rincones como la Catedral de Toledo o la Mezquita Catedral de C\u00f3rdoba.<\/p>\n<p>\ninstagram.com\/p\/DZVQZuDHMDl\/?igsh=MXFtbXQzYjVrcTlidA==    <\/p>\n<p class=\"v-d-p\" style=\"\">La propia artista ha expresado su agradecimiento en sus redes sociales. \u00abUn verdadero honor haber sido elegida por la Conferencia Episcopal Espa\u00f1ola para realizar el retrato oficial del Papa Le\u00f3n XIV con motivo de su viaje apost\u00f3lico a Espa\u00f1a\u00bb. Lo ha definido como \u00ab<strong>un hito inolvidable<\/strong> en mi trayectoria como pintora. Gracias a todos por vuestro apoyo y amistad\u00bb. <\/p>\n<p><script async src=\"\/\/www.instagram.com\/embed.js\"><\/script><\/p>\n","protected":false},"excerpt":{"rendered":"Desde que lleg\u00f3 a Espa\u00f1a, el Papa Le\u00f3n XIV ha estado indirectamente relacionado con C\u00f3rdoba a trav\u00e9s de&hellip;\n","protected":false},"author":2,"featured_media":597385,"comment_status":"","ping_status":"","sticky":false,"template":"","format":"standard","meta":{"footnotes":""},"categories":[173],"tags":[229,233,231,230,1648,232,234,146,147,25,24,1073,21874,4108,205,11608,6965,23,9577,938,37869],"class_list":["post-597384","post","type-post","status-publish","format-standard","has-post-thumbnail","category-arte-y-diseno","tag-arte","tag-arte-y-diseno","tag-arts","tag-arts-and-design","tag-cordobesa","tag-design","tag-diseno","tag-entertainment","tag-entretenimiento","tag-es","tag-espana","tag-hito","tag-inolvidable","tag-leon","tag-madrid","tag-pintora","tag-retrata","tag-spain","tag-trayectoria","tag-visita","tag-xiv"],"share_on_mastodon":{"url":"https:\/\/pubeurope.com\/@es\/116722179203338027","error":""},"_links":{"self":[{"href":"https:\/\/www.europesays.com\/es\/wp-json\/wp\/v2\/posts\/597384","targetHints":{"allow":["GET"]}}],"collection":[{"href":"https:\/\/www.europesays.com\/es\/wp-json\/wp\/v2\/posts"}],"about":[{"href":"https:\/\/www.europesays.com\/es\/wp-json\/wp\/v2\/types\/post"}],"author":[{"embeddable":true,"href":"https:\/\/www.europesays.com\/es\/wp-json\/wp\/v2\/users\/2"}],"replies":[{"embeddable":true,"href":"https:\/\/www.europesays.com\/es\/wp-json\/wp\/v2\/comments?post=597384"}],"version-history":[{"count":0,"href":"https:\/\/www.europesays.com\/es\/wp-json\/wp\/v2\/posts\/597384\/revisions"}],"wp:featuredmedia":[{"embeddable":true,"href":"https:\/\/www.europesays.com\/es\/wp-json\/wp\/v2\/media\/597385"}],"wp:attachment":[{"href":"https:\/\/www.europesays.com\/es\/wp-json\/wp\/v2\/media?parent=597384"}],"wp:term":[{"taxonomy":"category","embeddable":true,"href":"https:\/\/www.europesays.com\/es\/wp-json\/wp\/v2\/categories?post=597384"},{"taxonomy":"post_tag","embeddable":true,"href":"https:\/\/www.europesays.com\/es\/wp-json\/wp\/v2\/tags?post=597384"}],"curies":[{"name":"wp","href":"https:\/\/api.w.org\/{rel}","templated":true}]}}