{"id":597597,"date":"2026-06-09T23:51:13","date_gmt":"2026-06-09T23:51:13","guid":{"rendered":"https:\/\/www.europesays.com\/es\/597597\/"},"modified":"2026-06-09T23:51:13","modified_gmt":"2026-06-09T23:51:13","slug":"marc-giro-pisotea-a-una-obrera-en-cara-al-show-para-reivindicar-la-polarizacion-haga-el-favor-de-no-vociferar","status":"publish","type":"post","link":"https:\/\/www.europesays.com\/es\/597597\/","title":{"rendered":"Marc Gir\u00f3 pisotea a una obrera en &#8216;Cara al show&#8217; para reivindicar la polarizaci\u00f3n: \u00abHaga el favor de no vociferar\u00bb"},"content":{"rendered":"<p class=\"article-text\">\n        La nueva entrega de<strong> Cara al Show<\/strong> en <strong>laSexta<\/strong> cont\u00f3 con <strong>Ricardo Dar\u00edn, Maxi Iglesias y Enric Auquer <\/strong>como invitados de la noche. En la mesa de <strong>Marc Gir\u00f3<\/strong> se pudo leer el cartelito de \u201c<strong>Mar\u00eda Zambrano\u201d<\/strong> y antes de arrancar, el habitual miembro del equipo limpiaba la c\u00e1mara con el siguiente mensaje en su camiseta: \u201c<strong>El 30% de los alimentos para el consumo humano son desperdiciados\u201d. <\/strong>\n    <\/p>\n<p>    <a href=\"https:\/\/www.eldiario.es\/vertele\/noticias\/marc-giro-senala-iker-jimenez-lasexta-si-gobierna-ultraderecha-dejara-tertulias-tipo-akelarre_1_13271198.html\" data-mrf-recirculation=\"saber-mas\" data-dl-event=\"saber-mas\" rel=\"nofollow noopener\" target=\"_blank\"><\/p>\n<p class=\"know-more__title\">Marc Gir\u00f3 se\u00f1ala a Iker Jim\u00e9nez en laSexta: \u00abSi gobierna la ultraderecha dejar\u00e1 de hacer tertulias tipo akelarre\u00bb<\/p>\n<p>            <img decoding=\"async\" class=\"lazy\" loading=\"lazy\" data-src=\"https:\/\/static.eldiario.es\/clip\/408152dc-5e89-40a0-9bba-39ebfb235910_16-9-aspect-ratio_default_0.jpg\" src=\"data:image\/svg+xml,%3Csvg xmlns=\" http:=\"\" viewbox=\"0 0 880 495\" alt=\"Marc Gir\u00f3 se\u00f1ala a Iker Jim\u00e9nez en laSexta: &quot;Si gobierna la ultraderecha dejar\u00e1 de hacer tertulias tipo akelarre&quot;\"\/><\/p>\n<p>                        <\/a><\/p>\n<p class=\"article-text\">\n        Tras ello, el presentador pronunci\u00f3 un mon\u00f3logo a favor de la polarizaci\u00f3n: \u201c<strong>Me encanta, me chifla. La veo necesaria\u201d<\/strong>. Antes de seguir, se asegur\u00f3 de definirla: \u201cEs el proceso por el cual una entidad se divide en dos extremos opuestos, eliminando los matices intermedios, enfrent\u00e1ndolos de forma irreconciliable\u201d.\n    <\/p>\n<p class=\"article-text\">\n        Para continuar asegurando que <strong>\u201clas personas que piden que no se polarice en pol\u00edtica, por ejemplo, lo hacen porque no lo necesitan<\/strong>, pero c\u00f3mo podemos evitar la polarizaci\u00f3n, y explorar los matices, si nuestro interlocutor niega la violencia de g\u00e9nero, o la crisis clim\u00e1tica, o los derechos de las personas migrantes, o los derechos de las personas trans, u otras formas de desear o que la tierra sea redonda?\u201d.\n    <\/p>\n<p class=\"article-text\">\n        El presentador puso varios ejemplos en los que es necesaria la polarizaci\u00f3n: \u201c<strong>A la pregunta de si est\u00e1s a favor o en contra de los feminicidios para no polarizar \u00bfqu\u00e9 se supone que deber\u00edamos matizar?<\/strong> o si est\u00e1s a favor de la vivienda digna para todes, \u00bfqu\u00e9 hay que responder para evitar la polarizaci\u00f3n?\u201d.\n    <\/p>\n<blockquote class=\"twitter-tweet\" data-lang=\"es\"><p><a href=\"https:\/\/twitter.com\/X\/status\/2064455242398527570?ref_src=twsrc%5Etfw\" rel=\"nofollow noopener\" target=\"_blank\"><\/p><\/blockquote>\n<p class=\"article-text\">\n        Gir\u00f3 tambi\u00e9n ironiz\u00f3 con que \u201ctodas estas personas que creen que no deber\u00edamos estar tan polarizados no tienen ning\u00fan reparo con las polarizaciones de toda la vida como la pelea futbolera entre Bar\u00e7a o Real Madrid, como eliminar las corridas de toros o no, o entre la monarqu\u00eda y la rep\u00fablica\u201d.\n    <\/p>\n<p class=\"article-text\">\n        Para acabar, el presentador lament\u00f3 que repitan aquello de que \u201cla ideolog\u00eda no se vocifera, que apelan a la moderaci\u00f3n y al sentido com\u00fan, motores de cambio social a lo largo de la historia\u201d ironiz\u00f3. \u201c<strong>\u00bfPara qu\u00e9 vas a desga\u00f1itarte pudiendo susurrar tus reivindicaciones?\u201d.<\/strong> Instante en el que alguien empez\u00f3 a gritar en plat\u00f3 y el plano se abri\u00f3. Bajo la pierna de Marc estaba una obrera (interpretada por <strong>Judith Martin<\/strong>) exigiendo que le dejaran de pisar: \u201c\u00a1Me est\u00e1 pisoteando. Que me quite el pie de la cara ya, gilipollas!\u201d.\n    <\/p>\n<p>    <a href=\"https:\/\/www.eldiario.es\/vertele\/noticias\/paco-leon-silvia-abril-coinciden-personaje-favorito-homo-zapping-susanna-griso-confiesa-queja-jefes_1_13282921.html\" data-mrf-recirculation=\"saber-mas-abajo\" data-dl-event=\"saber-mas-abajo\" rel=\"nofollow noopener\" target=\"_blank\"><\/p>\n<p class=\"know-more__title\">Susanna Griso confiesa en &#8216;Anatom\u00eda de&#8217; su queja a los jefes por &#8216;Homo Zapping&#8217; y Paco Le\u00f3n revela su personaje favorito<\/p>\n<p>            <img decoding=\"async\" class=\"lazy\" loading=\"lazy\" data-src=\"https:\/\/static.eldiario.es\/clip\/866a5de0-be5d-4f35-a0c9-23eaaed736f8_16-9-aspect-ratio_default_0.jpg\" src=\"data:image\/svg+xml,%3Csvg xmlns=\" http:=\"\" viewbox=\"0 0 880 495\" alt=\"Susanna Griso confiesa en 'Anatom\u00eda de' su queja a los jefes por 'Homo Zapping' y Paco Le\u00f3n revela su personaje favorito\"\/><\/p>\n<p>                        <\/a><\/p>\n<blockquote class=\"twitter-tweet\" data-media-max-width=\"560\" data-dnt=\"true\">\n<p lang=\"es\" dir=\"ltr\">Parte 2\/2<a href=\"https:\/\/x.com\/hashtag\/CaraAlShow?src=hash&amp;ref_src=twsrc%5Etfw\" rel=\"nofollow\">#CaraAlShow<\/a> <a href=\"https:\/\/t.co\/2whVjSNsbY\" rel=\"nofollow\">pic.twitter.com\/2whVjSNsbY<\/a><\/p>\n<p>\u2014 \u2728\ud83d\udd7a\ud83c\udffc Cara al Show con Marc Gir\u00f3 \ud83e\udda9\u2728 (@caraalshow) <a href=\"https:\/\/x.com\/caraalshow\/status\/2064456565793407393?ref_src=twsrc%5Etfw\" rel=\"nofollow\">June 9, 2026<\/a><\/p><\/blockquote>\n<p class=\"article-text\">\n        Al descubrirla, Gir\u00f3 respondi\u00f3 tranquilamente: <strong>\u201cHaga el favor de no vociferar, modere el tono, con estas formas pierde toda la raz\u00f3n\u201d<\/strong>. Ella intent\u00f3 ser m\u00e1s educada y pedirlo con un \u201cpor favor\u201d, al que \u00e9l s\u00ed que reaccion\u00f3 y le sac\u00f3 el pie. Ella se march\u00f3 enfurecida, mientras \u00e9l se qued\u00f3 sonriendo.\n    <\/p>\n<p>                                        <script async src=\"https:\/\/platform.twitter.com\/widgets.js\" charset=\"utf-8\"><\/script><\/p>\n","protected":false},"excerpt":{"rendered":"La nueva entrega de Cara al Show en laSexta cont\u00f3 con Ricardo Dar\u00edn, Maxi Iglesias y Enric Auquer&hellip;\n","protected":false},"author":2,"featured_media":597598,"comment_status":"","ping_status":"","sticky":false,"template":"","format":"standard","meta":{"footnotes":""},"categories":[171],"tags":[2608,146,147,25,24,14269,7957,19357,6489,689,112637,112636,35402,7941,526,23,214,112638],"class_list":["post-597597","post","type-post","status-publish","format-standard","has-post-thumbnail","category-tv","tag-cara","tag-entertainment","tag-entretenimiento","tag-es","tag-espana","tag-favor","tag-giro","tag-haga","tag-marc","tag-no","tag-obrera","tag-pisotea","tag-polarizacion","tag-reivindicar","tag-show","tag-spain","tag-tv","tag-vociferar"],"share_on_mastodon":{"url":"https:\/\/pubeurope.com\/@es\/116722839497296081","error":""},"_links":{"self":[{"href":"https:\/\/www.europesays.com\/es\/wp-json\/wp\/v2\/posts\/597597","targetHints":{"allow":["GET"]}}],"collection":[{"href":"https:\/\/www.europesays.com\/es\/wp-json\/wp\/v2\/posts"}],"about":[{"href":"https:\/\/www.europesays.com\/es\/wp-json\/wp\/v2\/types\/post"}],"author":[{"embeddable":true,"href":"https:\/\/www.europesays.com\/es\/wp-json\/wp\/v2\/users\/2"}],"replies":[{"embeddable":true,"href":"https:\/\/www.europesays.com\/es\/wp-json\/wp\/v2\/comments?post=597597"}],"version-history":[{"count":0,"href":"https:\/\/www.europesays.com\/es\/wp-json\/wp\/v2\/posts\/597597\/revisions"}],"wp:featuredmedia":[{"embeddable":true,"href":"https:\/\/www.europesays.com\/es\/wp-json\/wp\/v2\/media\/597598"}],"wp:attachment":[{"href":"https:\/\/www.europesays.com\/es\/wp-json\/wp\/v2\/media?parent=597597"}],"wp:term":[{"taxonomy":"category","embeddable":true,"href":"https:\/\/www.europesays.com\/es\/wp-json\/wp\/v2\/categories?post=597597"},{"taxonomy":"post_tag","embeddable":true,"href":"https:\/\/www.europesays.com\/es\/wp-json\/wp\/v2\/tags?post=597597"}],"curies":[{"name":"wp","href":"https:\/\/api.w.org\/{rel}","templated":true}]}}