{"id":597605,"date":"2026-06-09T23:55:25","date_gmt":"2026-06-09T23:55:25","guid":{"rendered":"https:\/\/www.europesays.com\/es\/597605\/"},"modified":"2026-06-09T23:55:25","modified_gmt":"2026-06-09T23:55:25","slug":"consultorio-de-nutricion-la-grasa-abdominal-se-quema-antes-haciendo-cardio-en-ayunas","status":"publish","type":"post","link":"https:\/\/www.europesays.com\/es\/597605\/","title":{"rendered":"Consultorio de nutrici\u00f3n: \u00bfLa grasa abdominal se quema antes haciendo cardio en ayunas?"},"content":{"rendered":"<p>            <a href=\"https:\/\/www.noticiasdenavarra.com\/sociedad\/2026\/04\/28\/consultorio-nutricion-errores-impiden-perder-grasa-abdominal-10992720.html\" title=\"Consultorio de nutrici\u00f3n: \u00bfQu\u00e9 errores impiden perder grasa abdominal aunque hagas dieta?\" class=\"new__media\" rel=\"nofollow noopener\" target=\"_blank\"><\/p>\n<p>                <img alt=\"Consultorio de nutrici\u00f3n: \u00bfQu\u00e9 errores impiden perder grasa abdominal aunque hagas dieta?\" data-src=\"https:\/\/www.europesays.com\/es\/wp-content\/uploads\/2026\/06\/5effd6cc-3960-4bd3-a146-296881897fa3_16-9-aspect-ratio_default_0.jpg\" class=\"lozad\"\/><\/p>\n<p>        <\/a><\/p>\n<p>        <a href=\"https:\/\/www.noticiasdenavarra.com\/sociedad\/2026\/04\/28\/consultorio-nutricion-errores-impiden-perder-grasa-abdominal-10992720.html\" title=\"Consultorio de nutrici\u00f3n: \u00bfQu\u00e9 errores impiden perder grasa abdominal aunque hagas dieta?\" class=\"new__headline\" rel=\"nofollow noopener\" target=\"_blank\"><br \/>\n            Consultorio de nutrici\u00f3n: \u00bfQu\u00e9 errores impiden perder grasa abdominal aunque hagas dieta?<br \/>\n        <\/a><\/p>\n<p>  El control del ritmo card\u00edaco como clave del \u00e9xito<\/p>\n<p class=\"article-body__text \">\n        Para que esta estrategia funcione y el cuerpo utilice sus reservas como <strong>combustible principal<\/strong>, el <a href=\"https:\/\/www.noticiasdenavarra.com\/tags\/javier-fernandez-ligero\/\" title=\"experto\" target=\"_blank\" class=\"link copy\" rel=\"nofollow noopener\">experto <\/a>subraya que no se trata simplemente de correr o sudar hasta la extenuaci\u00f3n. El secreto radica en mantener una intensidad de entrenamiento muy controlada. Fern\u00e1ndez Ligero explica que el objetivo durante el <strong>cardio matutino<\/strong> es alcanzar unas <strong>pulsaciones moderadas<\/strong>, situadas en torno a las<strong> 95 o 100 pulsaciones por minuto<\/strong>.\n<\/p>\n<p>            <a href=\"https:\/\/www.noticiasdenavarra.com\/sociedad\/2026\/06\/05\/consultorio-nutricion-agua-mejor-beberla-antes-durante-despues-comida-11159735.html\" title=\"Consultorio de nutrici\u00f3n: \u00bfEl agua es mejor beberla antes, durante o despu\u00e9s de las comidas?\" class=\"new__media\" rel=\"nofollow noopener\" target=\"_blank\"><\/p>\n<p>                <img alt=\"Consultorio de nutrici\u00f3n: \u00bfEl agua es mejor beberla antes, durante o despu\u00e9s de las comidas?\" data-src=\"https:\/\/www.europesays.com\/es\/wp-content\/uploads\/2026\/06\/e77388bc-dd95-42b2-a2f6-652ae92bbb37_16-9-aspect-ratio_default_0.jpg\" class=\"lozad\"\/><\/p>\n<p>        <\/a><\/p>\n<p>        <a href=\"https:\/\/www.noticiasdenavarra.com\/sociedad\/2026\/06\/05\/consultorio-nutricion-agua-mejor-beberla-antes-durante-despues-comida-11159735.html\" title=\"Consultorio de nutrici\u00f3n: \u00bfEl agua es mejor beberla antes, durante o despu\u00e9s de las comidas?\" class=\"new__headline\" rel=\"nofollow noopener\" target=\"_blank\"><br \/>\n            Consultorio de nutrici\u00f3n: \u00bfEl agua es mejor beberla antes, durante o despu\u00e9s de las comidas?<br \/>\n        <\/a><\/p>\n<p class=\"article-body__text \">\n        Al trabajar en esta franja de intensidad espec\u00edfica, el organismo entra en una zona de<strong> confort metab\u00f3lico<\/strong> donde es capaz de oxidar la grasa de forma progresiva sin poner en riesgo las reservas de prote\u00edna del cuerpo. De esta manera, el deportista se asegura de mantener intacta su <strong>base muscular<\/strong> mientras reduce el porcentaje de grasa corporal.\n<\/p>\n<p>  La respuesta hormonal ante la falta de alimento<\/p>\n<p class=\"article-body__text \">\n        M\u00e1s all\u00e1 del control de las pulsaciones, el verdadero motor que acelera la quema de grasa abdominal bajo esta pr\u00e1ctica tiene un origen puramente hormonal. El nutricionista detalla que, al someter al cuerpo a un <strong>esfuerzo f\u00edsico<\/strong> despu\u00e9s del descanso nocturno y sin haber ingerido alimentos, se desencadena una <strong>respuesta biol\u00f3gica<\/strong> muy particular en nuestro metabolismo. En este estado de ayuno, el organismo prioriza la liberaci\u00f3n de la hormona tiroidea T4, la cual se convierte posteriormente en T3 activa. Este <strong>proceso bioqu\u00edmico<\/strong>, lejos de ser un simple detalle m\u00e9dico, resulta fundamental para nuestros <strong>objetivos f\u00edsicos<\/strong>.\n<\/p>\n<p>[CONSULTORIO] \u00bfTienes dudas sobre alimentaci\u00f3n o h\u00e1bitos saludables? <strong>Env\u00eda tu consulta<\/strong> a <a href=\"https:\/\/www.noticiasdenavarra.com\/sociedad\/2026\/06\/09\/mailto:lector@noticiasdenavarra.com\" target=\"_blank\" class=\"link copy\" rel=\"nofollow noopener\">lector@noticiasdenavarra.com<\/a> y el especialista Javier Fern\u00e1ndez Ligero las responder\u00e1.<\/p>\n<p>La redacci\u00f3n de DIARIO DE NOTICIAS <strong>seleccionar\u00e1 las preguntas de los lectores<\/strong> que se publicar\u00e1n en <a href=\"https:\/\/www.noticiasdenavarra.com\/\" target=\"_blank\" class=\"link copy\" rel=\"nofollow noopener\">noticiasdenavarra.com<\/a>, siempre acompa\u00f1adas de la respuesta del nutricionista.<\/p>\n<p>  Desinflamaci\u00f3n y activaci\u00f3n del metabolismo<\/p>\n<p class=\"article-body__text \">\n        La transformaci\u00f3n hormonal que se produce durante el cardio matutino tiene un impacto directo y <strong>muy beneficioso<\/strong> en el estado general de nuestro cuerpo. Tal y como concluye Javier Fern\u00e1ndez Ligero, esta cascada de hormonas tiroideas provoca que el metabolismo se active de una manera mucho m\u00e1s eficiente desde las primeras horas del d\u00eda. Adem\u00e1s de favorecer la <strong>oxidaci\u00f3n de los l\u00edpidos<\/strong> almacenados en el abdomen, esta rutina contribuye de manera decisiva a mantener el organismo mucho m\u00e1s desinflamado. El resultado final es una combinaci\u00f3n ideal donde se <strong>preserva la masa muscular, <\/strong>se reduce el <strong>tejido graso<\/strong> y se mejora la <strong>respuesta inflamatoria,<\/strong> favoreciendo una silueta m\u00e1s definida y saludable.<\/p>\n","protected":false},"excerpt":{"rendered":"Consultorio de nutrici\u00f3n: \u00bfQu\u00e9 errores impiden perder grasa abdominal aunque hagas dieta? El control del ritmo card\u00edaco como&hellip;\n","protected":false},"author":2,"featured_media":597606,"comment_status":"","ping_status":"","sticky":false,"template":"","format":"standard","meta":{"footnotes":""},"categories":[92],"tags":[15654,112639,93731,10752,25,24,64117,165,6026,15386,166,23],"class_list":["post-597605","post","type-post","status-publish","format-standard","has-post-thumbnail","category-salud","tag-abdominal","tag-ayunas","tag-cardio","tag-consultorio","tag-es","tag-espana","tag-grasa","tag-health","tag-nutricion","tag-quema","tag-salud","tag-spain"],"share_on_mastodon":{"url":"https:\/\/pubeurope.com\/@es\/116722855328361795","error":""},"_links":{"self":[{"href":"https:\/\/www.europesays.com\/es\/wp-json\/wp\/v2\/posts\/597605","targetHints":{"allow":["GET"]}}],"collection":[{"href":"https:\/\/www.europesays.com\/es\/wp-json\/wp\/v2\/posts"}],"about":[{"href":"https:\/\/www.europesays.com\/es\/wp-json\/wp\/v2\/types\/post"}],"author":[{"embeddable":true,"href":"https:\/\/www.europesays.com\/es\/wp-json\/wp\/v2\/users\/2"}],"replies":[{"embeddable":true,"href":"https:\/\/www.europesays.com\/es\/wp-json\/wp\/v2\/comments?post=597605"}],"version-history":[{"count":0,"href":"https:\/\/www.europesays.com\/es\/wp-json\/wp\/v2\/posts\/597605\/revisions"}],"wp:featuredmedia":[{"embeddable":true,"href":"https:\/\/www.europesays.com\/es\/wp-json\/wp\/v2\/media\/597606"}],"wp:attachment":[{"href":"https:\/\/www.europesays.com\/es\/wp-json\/wp\/v2\/media?parent=597605"}],"wp:term":[{"taxonomy":"category","embeddable":true,"href":"https:\/\/www.europesays.com\/es\/wp-json\/wp\/v2\/categories?post=597605"},{"taxonomy":"post_tag","embeddable":true,"href":"https:\/\/www.europesays.com\/es\/wp-json\/wp\/v2\/tags?post=597605"}],"curies":[{"name":"wp","href":"https:\/\/api.w.org\/{rel}","templated":true}]}}