{"id":597621,"date":"2026-06-10T00:07:08","date_gmt":"2026-06-10T00:07:08","guid":{"rendered":"https:\/\/www.europesays.com\/es\/597621\/"},"modified":"2026-06-10T00:07:08","modified_gmt":"2026-06-10T00:07:08","slug":"el-circuito-franco-belga-reune-a-de-lie-magnier-y-abrahamsen-en-un-final-explosivo-previa-esciclismo","status":"publish","type":"post","link":"https:\/\/www.europesays.com\/es\/597621\/","title":{"rendered":"El Circuito Franco-Belga re\u00fane a De Lie, Magnier y Abrahamsen en un final explosivo [Previa] &#8211; Esciclismo"},"content":{"rendered":"<ol>\n<li><a href=\"https:\/\/news.google.com\/rss\/articles\/CBMiakFVX3lxTFA1aW9nVVk0bTZnSVpJRi1SbkVhZDNEOWNqYVVhd0lPWEJmSFRYYkRLVW0wQ2ZUdmpCOTg5MHhzLUhXaUlvdk4yZnNrckFhTnFwN3JoWFE5Y3kxcXZsY21iTDFSODRLUGNkZ2c?oc=5\" target=\"_blank\" rel=\"nofollow noopener\">El Circuito Franco-Belga re\u00fane a De Lie, Magnier y Abrahamsen en un final explosivo [Previa]<\/a>&nbsp;&nbsp;Esciclismo<\/li>\n<li><a href=\"https:\/\/news.google.com\/rss\/articles\/CBMiakFVX3lxTFBqZllDUGh6ZVlzVWlnTV84VWc5TXhwUmdKSHhfUnZfZUxqdmR2QllyTFpaSjNhV1A4WWI5RU1GczVKNlpuRlZHQm55NmdDVG1lX0lVQlF4UUFzb01jeGMwcmRDQUYzRkIzSEE?oc=5\" target=\"_blank\" rel=\"nofollow noopener\">Circuito Franco-Belga: Recorrido, perfil y dorsales<\/a>&nbsp;&nbsp;Ciclo21<\/li>\n<li><a href=\"https:\/\/news.google.com\/rss\/articles\/CBMiakFVX3lxTFBETVBhdWRlT24xUy1HWDI3aEFZRkRiUzR0UzhjT2ozRTRPRFBCMWpsRW85M3c1WG9RRFhKamdmaFlSTEN0R3lRc0lvMG1VTDF4dmY2M3k1STlwQklocGFkYlg1WlFUWl81Smc?oc=5\" target=\"_blank\" rel=\"nofollow noopener\">Kern Pharma afronta el Circuito Franco-Belga con ambici\u00f3n en su \u00faltima cl\u00e1sica primaveral<\/a>&nbsp;&nbsp;Esciclismo<\/li>\n<li><a href=\"https:\/\/news.google.com\/rss\/articles\/CBMiakFVX3lxTFByejJBamFFVTVIOXRFY3JsWm5kVnMyQWJfNFJjTF94VWd2WGI2TGN2T3NnYTdfZTJiSjZXWmlra0Z4T2dRdWFteFR6THdSbXgtQlNRdFU4WkNnaVo5VzJ0SmZqVjU4ekhxbFE?oc=5\" target=\"_blank\" rel=\"nofollow noopener\">Paul Magnier reaparece en el Circuito Franco-Belga tras ganar la regularidad del Giro de Italia<\/a>&nbsp;&nbsp;Esciclismo<\/li>\n<li><a href=\"https:\/\/news.google.com\/rss\/articles\/CBMiakFVX3lxTFBPMy1ERkZFeXRyZEhVZnNLNjV2aEwzT05mRmVHTlZVVTJVRXRuSTJOOWZPZVpvNDZ4QUc3TVJoSWRqMHhOdmgzSmNIRjZHbFo3ZHVoUm9WdmZ4cmJWcWZudWZiR3RlOWFYa1E?oc=5\" target=\"_blank\" rel=\"nofollow noopener\">El Polti-VisitMalta afronta el Circuito Franco-Belga para cerrar su bloque de cl\u00e1sicas del Norte<\/a>&nbsp;&nbsp;Esciclismo<\/li>\n<\/ol>\n","protected":false},"excerpt":{"rendered":"El Circuito Franco-Belga re\u00fane a De Lie, Magnier y Abrahamsen en un final explosivo [Previa]&nbsp;&nbsp;Esciclismo Circuito Franco-Belga: Recorrido,&hellip;\n","protected":false},"author":2,"featured_media":597622,"comment_status":"","ping_status":"","sticky":false,"template":"","format":"standard","meta":{"footnotes":""},"categories":[273],"tags":[11803,11953,3171,6783,4860,1568,313,3201,26513,312,168,37436,11802,1376,2197,112599,25,24,5807,1058,4999,79709,293,9201,5215,23832,1783,915,295,30203,20883,112641,11671,14217,1786,23,167,12083,112495,11214,7705],"class_list":["post-597621","post","type-post","status-publish","format-standard","has-post-thumbnail","category-ciclismo","tag-acumulado","tag-belga","tag-belgica","tag-calendario","tag-carrera","tag-categoria","tag-ciclismo","tag-circuito","tag-cotas","tag-cycling","tag-deportes","tag-desgaste","tag-desnivel","tag-disputa","tag-edicion","tag-enclus","tag-es","tag-espana","tag-exigente","tag-final","tag-franco","tag-integrada","tag-jornada","tag-junio","tag-kilometros","tag-l","tag-la","tag-metros","tag-miercoles","tag-mont","tag-ofrecer","tag-po","tag-pro","tag-proseries","tag-recorrido","tag-spain","tag-sports","tag-subida","tag-tournai","tag-uci","tag-volvera"],"share_on_mastodon":{"url":"https:\/\/pubeurope.com\/@es\/116722902418416994","error":""},"_links":{"self":[{"href":"https:\/\/www.europesays.com\/es\/wp-json\/wp\/v2\/posts\/597621","targetHints":{"allow":["GET"]}}],"collection":[{"href":"https:\/\/www.europesays.com\/es\/wp-json\/wp\/v2\/posts"}],"about":[{"href":"https:\/\/www.europesays.com\/es\/wp-json\/wp\/v2\/types\/post"}],"author":[{"embeddable":true,"href":"https:\/\/www.europesays.com\/es\/wp-json\/wp\/v2\/users\/2"}],"replies":[{"embeddable":true,"href":"https:\/\/www.europesays.com\/es\/wp-json\/wp\/v2\/comments?post=597621"}],"version-history":[{"count":0,"href":"https:\/\/www.europesays.com\/es\/wp-json\/wp\/v2\/posts\/597621\/revisions"}],"wp:featuredmedia":[{"embeddable":true,"href":"https:\/\/www.europesays.com\/es\/wp-json\/wp\/v2\/media\/597622"}],"wp:attachment":[{"href":"https:\/\/www.europesays.com\/es\/wp-json\/wp\/v2\/media?parent=597621"}],"wp:term":[{"taxonomy":"category","embeddable":true,"href":"https:\/\/www.europesays.com\/es\/wp-json\/wp\/v2\/categories?post=597621"},{"taxonomy":"post_tag","embeddable":true,"href":"https:\/\/www.europesays.com\/es\/wp-json\/wp\/v2\/tags?post=597621"}],"curies":[{"name":"wp","href":"https:\/\/api.w.org\/{rel}","templated":true}]}}