{"id":597629,"date":"2026-06-10T00:12:18","date_gmt":"2026-06-10T00:12:18","guid":{"rendered":"https:\/\/www.europesays.com\/es\/597629\/"},"modified":"2026-06-10T00:12:18","modified_gmt":"2026-06-10T00:12:18","slug":"la-tarde-aqui-y-ahora-la-pintora-rita-rutkowski-llena-de-arte-y-vivencias-el-plato-de-juan-y-medio","status":"publish","type":"post","link":"https:\/\/www.europesays.com\/es\/597629\/","title":{"rendered":"La tarde, aqu\u00ed y ahora: La pintora Rita Rutkowski llena de arte y vivencias el plat\u00f3 de Juan y Medio"},"content":{"rendered":"<p class=\"paragraph-atom &#10;        A-500-300-700-N A-550-300-700-N--md  \">\n                    La pintora Rita Rutkowski asiste al plat\u00f3 de <a href=\"https:\/\/www.canalsur.es\/television\/la-tarde-aqui-y-ahora\/\" target=\"_blank\" rel=\"nofollow noopener\">La tarde, aqu\u00ed y ahora<\/a> para compartir algunos de los<strong> detalles y an\u00e9cdotas <\/strong>m\u00e1s fascinantes de su longeva vida y su brillante trayectoria art\u00edstica.\n            <\/p>\n<p class=\"paragraph-atom &#10;        A-500-300-700-N A-550-300-700-N--md  \">\n                    La artista, de 94 a\u00f1os, es <strong>natural de Londres y de origen polaco, aunque vive en C\u00f3rdoba desde la d\u00e9cada de los 60<\/strong>, donde ha formado su familia. Su producci\u00f3n destaca por una identidad visual inconfundible. As\u00ed, la geometr\u00eda y el color definen un estilo propio, con claros tintes expresionistas que inundan cada uno de sus lienzos. Esta visi\u00f3n art\u00edstica le ha permitido exponer sus obras en distintos formatos en las galer\u00edas de arte de todo el mundo.\n            <\/p>\n<p class=\"paragraph-atom &#10;        A-500-300-700-N A-550-300-700-N--md  \">\n                    Durante la entrevista, Rutkowski recuerda su <strong>adolescencia en Nueva York<\/strong>, una etapa crucial que le lleva a disfrutar de una prestigiosa beca de arte de relevancia mundial. Como curiosidad, confiesa que ya <strong>en tierras americanas asist\u00eda a clases de flamenco<\/strong>, sin saber que el destino le llevar\u00eda hasta el sur de Espa\u00f1a. Igualmente, reflexiona sobre el choque cultural que vivi\u00f3 al llegar a Espa\u00f1a, referido a la <strong>diferencia entre el rol de la mujer estadounidense y andaluza de la \u00e9poca<\/strong>.\n            <\/p>\n<p class=\"paragraph-atom &#10;        A-500-300-700-N A-550-300-700-N--md  \">\n                    \u00bfQuieres conocer su historia? \u00a1Haz clic en el video!\n            <\/p>\n","protected":false},"excerpt":{"rendered":"La pintora Rita Rutkowski asiste al plat\u00f3 de La tarde, aqu\u00ed y ahora para compartir algunos de los&hellip;\n","protected":false},"author":2,"featured_media":597630,"comment_status":"","ping_status":"","sticky":false,"template":"","format":"standard","meta":{"footnotes":""},"categories":[173],"tags":[229,233,231,230,232,234,146,147,25,24,2490,11608,12995,73409,23],"class_list":["post-597629","post","type-post","status-publish","format-standard","has-post-thumbnail","category-arte-y-diseno","tag-arte","tag-arte-y-diseno","tag-arts","tag-arts-and-design","tag-design","tag-diseno","tag-entertainment","tag-entretenimiento","tag-es","tag-espana","tag-llena","tag-pintora","tag-rita","tag-rutkowski","tag-spain"],"share_on_mastodon":{"url":"https:\/\/pubeurope.com\/@es\/116722922078553455","error":""},"_links":{"self":[{"href":"https:\/\/www.europesays.com\/es\/wp-json\/wp\/v2\/posts\/597629","targetHints":{"allow":["GET"]}}],"collection":[{"href":"https:\/\/www.europesays.com\/es\/wp-json\/wp\/v2\/posts"}],"about":[{"href":"https:\/\/www.europesays.com\/es\/wp-json\/wp\/v2\/types\/post"}],"author":[{"embeddable":true,"href":"https:\/\/www.europesays.com\/es\/wp-json\/wp\/v2\/users\/2"}],"replies":[{"embeddable":true,"href":"https:\/\/www.europesays.com\/es\/wp-json\/wp\/v2\/comments?post=597629"}],"version-history":[{"count":0,"href":"https:\/\/www.europesays.com\/es\/wp-json\/wp\/v2\/posts\/597629\/revisions"}],"wp:featuredmedia":[{"embeddable":true,"href":"https:\/\/www.europesays.com\/es\/wp-json\/wp\/v2\/media\/597630"}],"wp:attachment":[{"href":"https:\/\/www.europesays.com\/es\/wp-json\/wp\/v2\/media?parent=597629"}],"wp:term":[{"taxonomy":"category","embeddable":true,"href":"https:\/\/www.europesays.com\/es\/wp-json\/wp\/v2\/categories?post=597629"},{"taxonomy":"post_tag","embeddable":true,"href":"https:\/\/www.europesays.com\/es\/wp-json\/wp\/v2\/tags?post=597629"}],"curies":[{"name":"wp","href":"https:\/\/api.w.org\/{rel}","templated":true}]}}